{"id":28505,"date":"2016-04-06T12:06:29","date_gmt":"2016-04-06T10:06:29","guid":{"rendered":"http:\/\/www.brennerbasisdemokratie.eu\/?p=28505"},"modified":"2025-06-17T11:13:33","modified_gmt":"2025-06-17T09:13:33","slug":"appell-an-die-vernunft","status":"publish","type":"post","link":"https:\/\/www.brennerbasisdemokratie.eu\/?p=28505","title":{"rendered":"Appell an die Vernunft."},"content":{"rendered":"<p>Das <em>Forum der 100<\/em> am Samstag, 2. April 2016 war f\u00fcr mich eine sch\u00f6ne und \u00fcberraschende Erfahrung, unter anderem weil ich als einer der acht Vertreter in den <em>Konvent der 33<\/em> gew\u00e4hlt wurde. Leider kamen schon bald Vorw\u00fcrfe von Nadia Mazzardis <a title=\"Konvent: Voler guidare una Ferrari con i pedali.\" href=\"http:\/\/web.archive.org\/web\/20171114180027\/http:\/\/www.konvent.bz.it\/de\/content\/voler-guidare-una-ferrari-con-i-pedali\" target=\"_blank\" rel=\"noopener\">(\u201cVoler guidare una Ferrari con i pedali\u201d<\/a>) an das Forum, die ich nicht unkommentiert stehen lassen kann, da sie zum Teil auch mich betreffen und gleichzeitig die Gefahr besteht, dass der Konvent besch\u00e4digt wird. Ich m\u00f6chte hier m\u00f6glichst sachlich argumentieren, um diese Vorw\u00fcrfe zu entkr\u00e4ften und weiteren Schaden vom <em>Forum der 100<\/em> abzuwenden. Der Autonomiekonvent ist ein allzu zartes Pfl\u00e4nzchen, das von uns allen beh\u00fctet und verteidigt werden sollte, da wir ansonsten in den M\u00fchlen der Politik und der Polemik unterzugehen drohen.<\/p>\n<ol>\n<li>Frau Mazzardis wirft einer Gruppe von Teilnehmern Obstruktion vor (\u201cil folklore ostruzionistico che ha provato a mettere in dubbio tutto, persino l&#8217;opportunit\u00e0 di votare ieri gli otto rappresentanti\u201d); da ich eine dieser Personen war, m\u00f6chte ich kurz darauf eingehen. Ich hatte bereits eine Woche vor der ersten Sitzung an das Sekretariat des Konvents eine E-Mail mit der Bitte geschrieben, mir den Wahlmodus mitzuteilen, da ich dies in einem demokratischen Prozess f\u00fcr unabdingbar halte. Dieser Bitte um Transparenz wurde nicht entsprochen; drei Tage vor der Wahl bekam ich eine Antwort, dass die Fraktionssprecher im Landtag den Wahlmodus festgelegt haben und dieser am Samstag (also w\u00e4hrend der Sitzung) bekanntgegeben wird. Nachdem im Forum die Moderation zur endg\u00fcltigen Kandidatur aufgerufen hatte, ohne jedoch den Wahlmodus bekanntgegeben zu haben, haben andere Teilnehmer und ich protestiert und die Bekanntgabe des Wahlmodus eingefordert. Dies hat f\u00fcr mich nichts mit Obstruktion sondern mit Transparenz zu tun; zudem habe ich eine hohe Diskussionskultur erlebt.<\/li>\n<li>Ein weiterer Diskussionspunkt war die Kandidatur von B\u00fcrgermeistern und hohen Parteifunktion\u00e4ren, die andere Teilnehmer und ich in Frage gestellt haben, da f\u00fcr diese andere M\u00f6glichkeiten bestehen (z.B. Rat der Gemeinden, Entsendung durch den Landtag), sich am Konvent zu beteiligen. Die Kandidatur von einfachen Gemeinderats- und Parteimitgliedern wurde nie in Frage gestellt, auch diese Diskussionen <u>vor<\/u> der Wahl waren aus meiner Sicht legitim.<\/li>\n<li>Frau Mazzardis wirft den Einbringern der Forderungen nach Transparenz vor, milit\u00e4risch organisiert (\u201cdopo un tempo molto lungo di fuoco incrociato da parte delle truppe cammellate e organizzate\u201d) zu sein und m\u00f6chte diese \u2014 meine Interpretation \u2014 der extremen Rechten zuordnen. Wer meine Biographie kennt, versteht, dass ich dies als Provokation empfinde. Ich kann versichern, dass dieser Protest nicht \u201cmilit\u00e4risch\u201d organisiert war; zudem habe ich Militarismus in jeder Form stets abgelehnt und beispielsweise einen Zivildienst abgeleistet.<\/li>\n<li>Mazzardis und andere stellen nun den Wahlmodus in Frage. Vielleicht w\u00e4re es besser gewesen, wenn wir <u>alle<\/u> vorab transparent und offen informiert gewesen w\u00e4ren, dann h\u00e4tten einige Unstimmigkeiten vermieden werden k\u00f6nnen.<\/li>\n<li>Als sehr ungl\u00fccklich und sch\u00e4digend empfinde ich die Reaktionen auf die Wahl von Olfa Sassi, die ich als positive Bereicherung des Forums empfunden habe. Leider spricht man ihr die \u201citalianit\u00e0\u201d indirekt ab (\u201cmanca dunque alla comunit\u00e0 italiana la rappresentanza reale\u201d). Mein Vater ist Ladiner, meine Mutter stammt aus England, bin ich deswegen kein \u201crichtiger\u201d Deutscher? H\u00e4tte f\u00fcr mich und andere Teilnehmer, die keine \u201creine\u201d Abstammung haben (\u201ccos\u00ec come non pensare al quarto gruppo, costituito dai cittadini con background migratorio\u201d), eine eigene Liste errichtet werden m\u00fcssen? M\u00fcssten wir nicht alle genau dieses Gedankengut \u00fcberwinden?<\/li>\n<li>In den Medien wird den Sch\u00fctzen vorgeworfen, Olfa Sassi gew\u00e4hlt zu haben, um die Italiener zu provozieren. Ich kann diesen Vorwurf, der f\u00fcr mich eine Beleidigung gegen\u00fcber der Person und ihren F\u00e4higkeiten ist, nicht nachvollziehen. Ich habe einige Gespr\u00e4che mit unterschiedlichen Teilnehmerinnen und Teilnehmern gef\u00fchrt und viele haben die Kandidatur von Olfa Sassi als \u00fcberaus positiv empfunden. Ich bin der \u00dcberzeugung, dass viele Teilnehmer sie gew\u00e4hlt haben, um den Konvent bunter zu machen. Zudem ist mir nach Bekanntgabe der <a title=\"Kommentar: Stimmenanzahl.\" href=\"http:\/\/www.brennerbasisdemokratie.eu\/?p=28385#comment-302941\">Stimmenanzahl<\/a> klar, dass von Manipulation durch die Sch\u00fctzen nicht die Rede sein kann.<\/li>\n<\/ol>\n<p>Ich glaube, wir Teilnehmer des Konvents sollten versuchen, auch bei unterschiedlichen Ansichten und Meinungen, respektvoll miteinander umzugehen. F\u00fcr mich ist die Gestaltung unserer zuk\u00fcnftigen Zivilgesellschaft ein \u00fcberaus wichtiges und \u00fcbergeordnetes Thema, welches nicht durch Provokationen und Unterstellungen besch\u00e4digt werden darf. Wir acht Vertreter des <em>Forums der 100<\/em> im <em>Konvent der 33<\/em> sind zwar nach einem Proporzsystem gew\u00e4hlt worden, aber nicht, um einzelne Interessensgruppen (\u201cItaliener\u201d, \u201cDeutsche\u201d, \u201cLadiner\u201d, Frauen, M\u00e4nner, Jugendliche, Senioren, Unternehmer usw.) zu vertreten. Wir vertreten gemeinsam alle S\u00fcdtiroler und so verstehe ich auch meinen Auftrag. Schlie\u00dflich wurde ich vermutlich auch von Frauen und von Italienern gew\u00e4hlt. Arbeiten wir also alle zusammen, diskutieren und beweisen wir, dass die S\u00fcdtiroler Zivilgesellschaft in der Lage ist, alte Feindbilder und Schemata zu \u00fcberwinden und eine neue Vision f\u00fcr unsere Zukunft zu erarbeiten. Meine Hand ist ausgestreckt.<\/p>\n<p><strong><span style=\"font-family: Helvetica, Arial, sans-serif; text-transform: uppercase; font-weight: bold;\">Serie<\/span><\/strong>&nbsp;<a title=\"Spannender Start in den Konvent.\" href=\"https:\/\/www.brennerbasisdemokratie.eu\/?p=28385\"><span style=\"font-family: Helvetica, Arial, sans-serif; font-weight: bold;\">I<\/span><\/a> <span style=\"font-family: Helvetica, Arial, sans-serif; font-weight: bold;\">II<\/span> <a title=\"K33: Konsensprinzip und Autonomieausbau.\" href=\"http:\/\/www.brennerbasisdemokratie.eu\/?p=29594\"><span style=\"font-family: Helvetica, Arial, sans-serif; font-weight: bold;\">III<\/span><\/a> <a title=\"K33: Die Rolle der Region.\" href=\"http:\/\/www.brennerbasisdemokratie.eu\/?p=29892\"><span style=\"font-family: Helvetica, Arial, sans-serif; font-weight: bold;\">IV<\/span><\/a> <a title=\"K33: Minderheitenschutz.\" href=\"http:\/\/www.brennerbasisdemokratie.eu\/?p=30186\"><span style=\"font-family: Helvetica, Arial, sans-serif; font-weight: bold;\">V<\/span><\/a> <a title=\"K33: Es geht weiter.\" href=\"http:\/\/www.brennerbasisdemokratie.eu\/?p=31521\"><span style=\"font-family: Helvetica, Arial, sans-serif; font-weight: bold;\">VI<\/span><\/a> <a title=\"K33: Selbstbestimmung.\" href=\"http:\/\/www.brennerbasisdemokratie.eu\/?p=31702\"><span style=\"font-family: Helvetica, Arial, sans-serif; font-weight: bold;\">VII<\/span><\/a> <a title=\"F100: Es wird gearbeitet.\" href=\"http:\/\/www.brennerbasisdemokratie.eu\/?p=31946\"><span style=\"font-family: Helvetica, Arial, sans-serif; font-weight: bold;\">VIII<\/span><\/a> <a title=\"K33: Europa und Euregio.\" href=\"http:\/\/www.brennerbasisdemokratie.eu\/?p=32189\"><span style=\"font-family: Helvetica, Arial, sans-serif; font-weight: bold;\">IX<\/span><\/a> <a title=\"K33: Subsidiarit\u00e4t und die Rolle der Gemeinden.\" href=\"http:\/\/www.brennerbasisdemokratie.eu\/?p=32467\"><span style=\"font-family: Helvetica, Arial, sans-serif; font-weight: bold;\">X<\/span><\/a> <a title=\"K33: Arbeitsgruppen zu den Kompetenzen\" href=\"http:\/\/www.brennerbasisdemokratie.eu\/?p=32672\"><span style=\"font-family: Helvetica, Arial, sans-serif; font-weight: bold;\">XI<\/span><\/a> <a title=\"K33: Wo sind die Italiener?\" href=\"http:\/\/www.brennerbasisdemokratie.eu\/?p=32747\"><span style=\"font-family: Helvetica, Arial, sans-serif; font-weight: bold;\">XII<\/span><\/a> <a title=\"K33: Erste Ergebnisse.\" href=\"http:\/\/www.brennerbasisdemokratie.eu\/?p=32845\"><span style=\"font-family: Helvetica, Arial, sans-serif; font-weight: bold;\">XIII<\/span><\/a> <a href=\"http:\/\/www.brennerbasisdemokratie.eu\/?p=33484\"><span style=\"font-family: Helvetica, Arial, sans-serif; font-weight: bold;\">XIV<\/span><\/a> <a title=\"K33: Landespolizei, Steuerhoheit uvm.\" href=\"http:\/\/www.brennerbasisdemokratie.eu\/?p=33597\"><span style=\"font-family: Helvetica, Arial, sans-serif; font-weight: bold;\">XV<\/span><\/a> <a title=\"K33: Provokation der Gewerkschaften.\" href=\"http:\/\/www.brennerbasisdemokratie.eu\/?p=33763\"><span style=\"font-family: Helvetica, Arial, sans-serif; font-weight: bold;\">XVI<\/span><\/a> <a title=\"K33: Art. 19 wird nicht angetastet.\" href=\"http:\/\/www.brennerbasisdemokratie.eu\/?p=33846\"><span style=\"font-family: Helvetica, Arial, sans-serif; font-weight: bold;\">XVII<\/span><\/a> <a title=\"Wer ist progressiv?\" href=\"http:\/\/www.brennerbasisdemokratie.eu\/?p=33859\"><span style=\"font-family: Helvetica, Arial, sans-serif; font-weight: bold;\">XVIII<\/span><\/a> <a title=\"F100: Vers\u00f6hnlicher Abschluss.\" href=\"http:\/\/www.brennerbasisdemokratie.eu\/?p=34422\"><span style=\"font-family: Helvetica, Arial, sans-serif; font-weight: bold;\">XIX<\/span><\/a> <a title=\"K33: Finanz- und Steuerautonomie.\" href=\"http:\/\/www.brennerbasisdemokratie.eu\/?p=34520\"><span style=\"font-family: Helvetica, Arial, sans-serif; font-weight: bold;\">XX<\/span><\/a> <a title=\"F100: Abschlussveranstaltung im K33.\" href=\"http:\/\/www.brennerbasisdemokratie.eu\/?p=34651\"><span style=\"font-family: Helvetica, Arial, sans-serif; font-weight: bold;\">XXI<\/span><\/a> <a title=\"Basta!\" href=\"http:\/\/www.brennerbasisdemokratie.eu\/?p=34662\"><span style=\"font-family: Helvetica, Arial, sans-serif; font-weight: bold;\">XXII<\/span><\/a> <a title=\"K33: Ladinien und Pr\u00e4ambel.\" href=\"http:\/\/www.brennerbasisdemokratie.eu\/?p=34747\"><span style=\"font-family: Helvetica, Arial, sans-serif; font-weight: bold;\">XXIII<\/span><\/a> <a title=\"K33: Endspurt.\" href=\"http:\/\/www.brennerbasisdemokratie.eu\/?p=35072\"><span style=\"font-family: Helvetica, Arial, sans-serif; font-weight: bold;\">XXIV<\/span><\/a> <a title=\"K33: Abschluss der Arbeiten.\" href=\"http:\/\/www.brennerbasisdemokratie.eu\/?p=35206\"><span style=\"font-family: Helvetica, Arial, sans-serif; font-weight: bold;\">XXV<\/span><\/a><\/p>","protected":false},"excerpt":{"rendered":"<p>Das Forum der 100 am Samstag, 2. April 2016 war f\u00fcr mich eine sch\u00f6ne und \u00fcberraschende Erfahrung, unter anderem weil ich als einer der acht Vertreter in den Konvent der 33 gew\u00e4hlt wurde. Leider kamen schon bald Vorw\u00fcrfe von Nadia Mazzardis (\u201cVoler guidare una Ferrari con i pedali\u201d) an das Forum, die ich nicht unkommentiert [&hellip;]<\/p>","protected":false},"author":12,"featured_media":0,"comment_status":"open","ping_status":"open","sticky":false,"template":"","format":"standard","meta":{"_crdt_document":"","ngg_post_thumbnail":0,"_jetpack_memberships_contains_paid_content":false,"footnotes":""},"categories":[1],"tags":[],"class_list":["post-28505","post","type-post","status-publish","format-standard","hentry","category-allgemein","entity-pd","entity-schutzen","issue-suedtirolkonvent","location-sudtirolo","language-deutsch","topic-engagement","topic-migraziun","topic-mitbestimmung","topic-transparenz"],"jetpack_featured_media_url":"","jetpack_sharing_enabled":true,"_links":{"self":[{"href":"https:\/\/www.brennerbasisdemokratie.eu\/index.php?rest_route=\/wp\/v2\/posts\/28505","targetHints":{"allow":["GET"]}}],"collection":[{"href":"https:\/\/www.brennerbasisdemokratie.eu\/index.php?rest_route=\/wp\/v2\/posts"}],"about":[{"href":"https:\/\/www.brennerbasisdemokratie.eu\/index.php?rest_route=\/wp\/v2\/types\/post"}],"author":[{"embeddable":true,"href":"https:\/\/www.brennerbasisdemokratie.eu\/index.php?rest_route=\/wp\/v2\/users\/12"}],"replies":[{"embeddable":true,"href":"https:\/\/www.brennerbasisdemokratie.eu\/index.php?rest_route=%2Fwp%2Fv2%2Fcomments&post=28505"}],"version-history":[{"count":18,"href":"https:\/\/www.brennerbasisdemokratie.eu\/index.php?rest_route=\/wp\/v2\/posts\/28505\/revisions"}],"predecessor-version":[{"id":92846,"href":"https:\/\/www.brennerbasisdemokratie.eu\/index.php?rest_route=\/wp\/v2\/posts\/28505\/revisions\/92846"}],"wp:attachment":[{"href":"https:\/\/www.brennerbasisdemokratie.eu\/index.php?rest_route=%2Fwp%2Fv2%2Fmedia&parent=28505"}],"wp:term":[{"taxonomy":"category","embeddable":true,"href":"https:\/\/www.brennerbasisdemokratie.eu\/index.php?rest_route=%2Fwp%2Fv2%2Fcategories&post=28505"},{"taxonomy":"post_tag","embeddable":true,"href":"https:\/\/www.brennerbasisdemokratie.eu\/index.php?rest_route=%2Fwp%2Fv2%2Ftags&post=28505"}],"curies":[{"name":"wp","href":"https:\/\/api.w.org\/{rel}","templated":true}]}}