{"id":28559,"date":"2016-04-06T23:32:48","date_gmt":"2016-04-06T21:32:48","guid":{"rendered":"http:\/\/www.brennerbasisdemokratie.eu\/?p=28559"},"modified":"2021-06-15T20:11:20","modified_gmt":"2021-06-15T18:11:20","slug":"wir-distanzieren-uns","status":"publish","type":"post","link":"https:\/\/www.brennerbasisdemokratie.eu\/?p=28559","title":{"rendered":"Wir distanzieren uns."},"content":{"rendered":"<p>Eigentlich waren wir schon den ganzen Tag lang gespannt, ob Christoph Perathoner vom Landtag in den <em>Konvent der 33<\/em> gew\u00e4hlt wird. Falls ja \u2014 und dieser Fall ist auch tats\u00e4chlich eingetreten \u2014 h\u00e4tten wir uns konsequenterweise heillos dar\u00fcber echauffiert. Jetzt sitzt dieser Bonze glatt als B\u00fcrgervertreter im <em>Forum der 100<\/em> und gleichzeitig f\u00fcr die SVP im K33.<\/p>\n<p>Doch leider bl\u00fcht uns nun eine deutlich unangenehmere Aufgabe. Denn unerwartet \u2014 ja, unerwartet! \u2014 wurde auch \u00bbunser\u00ab Wolfgang Niederhofer als Vertreter der Opposition vom Landtag in den Konvent gew\u00e4hlt. Erst am Montag soll er vom Pr\u00e4sidiumsmitglied Roland Tinkhauser (F) gefragt worden sein, ob er Interesse an einer Nominierung habe. Ohne die anderen Mitglieder von <img class=\"bbdlogo\" src=\"https:\/\/www.brennerbasisdemokratie.eu\/wp-content\/uploads\/bbdsmileys\/bbde.png\"> zu informieren, habe er nichtsahnend und ohne sich gro\u00dfe Chancen auf eine tats\u00e4chliche Ernennung auszurechnen, zugesagt.<\/p>\n<p>Was f\u00fcr eine Dummheit! Gerade wir, die wir anderen so oft vorgeworfen haben, nicht ausreichend auf Distanz zu bedenklichen Parteien und Vereinen bedacht zu sein, gerade wir, die wir von anderen stets maximale Transparenz eingefordert haben, stecken nun in der Bredouille. Als Vierergruppe entsenden wir gleich zwei Leute in den Konvent \u2014 wie soll man uns da glauben, dass wir nicht intrigiert und gepackelt haben? Dabei ist einer \u00fcber das F100 gew\u00e4hlt und der andere von den Parteien ernannt worden. Aber vor allem: Es ist auf Vorschlag einer Partei geschehen, deren menschenverachtendes Gedankengut wir seit Jahren kritisieren und bek\u00e4mpfen.<\/p>\n<p>Und dann erfahren wir von Wolfgangs Wahl auch noch aus den Medien.<\/p>\n<p>Wir k\u00f6nnten uns jetzt auf die Suche nach mehr oder minder glaubw\u00fcrdigen, rechtfertigenden, entschuldigenden Ausreden machen. Doch wir sind der Meinung, dass es an dieser Stelle sinnvoller ist, uns f\u00fcr dieses Fehlverhalten zu entschuldigen und uns von Wolfgangs leichtfertiger Entscheidung zu distanzieren. Damit werden wir unseren eigenen Prinzipien noch am ehesten gerecht.<\/p>\n<p>Ob es mit ihm noch eine weitere Zusammenarbeit geben kann, m\u00fcssen wir so rasch wie m\u00f6glich \u00fcberpr\u00fcfen. Wir w\u00fcnschen ihm inzwischen viel Erfolg im Konvent und uns, dass er sein Mandat trotzdem als ein m\u00f6glichst freies, konstruktives, unseren gemeinsamen Ideen und Werten verpflichtetes wahrnimmt.<\/p>","protected":false},"excerpt":{"rendered":"<p>Eigentlich waren wir schon den ganzen Tag lang gespannt, ob Christoph Perathoner vom Landtag in den Konvent der 33 gew\u00e4hlt wird. Falls ja \u2014 und dieser Fall ist auch tats\u00e4chlich eingetreten \u2014 h\u00e4tten wir uns konsequenterweise heillos dar\u00fcber echauffiert. Jetzt sitzt dieser Bonze glatt als B\u00fcrgervertreter im Forum der 100 und gleichzeitig f\u00fcr die SVP [&hellip;]<\/p>","protected":false},"author":10,"featured_media":0,"comment_status":"open","ping_status":"open","sticky":false,"template":"","format":"standard","meta":{"_crdt_document":"","ngg_post_thumbnail":0,"_jetpack_memberships_contains_paid_content":false,"footnotes":""},"categories":[1],"tags":[],"class_list":["post-28559","post","type-post","status-publish","format-standard","hentry","category-allgemein","entity-freiheitliche","entity-svp","issue-suedtirolkonvent","language-deutsch","topic-interna","topic-mitbestimmung","topic-politik"],"jetpack_featured_media_url":"","jetpack_sharing_enabled":true,"_links":{"self":[{"href":"https:\/\/www.brennerbasisdemokratie.eu\/index.php?rest_route=\/wp\/v2\/posts\/28559","targetHints":{"allow":["GET"]}}],"collection":[{"href":"https:\/\/www.brennerbasisdemokratie.eu\/index.php?rest_route=\/wp\/v2\/posts"}],"about":[{"href":"https:\/\/www.brennerbasisdemokratie.eu\/index.php?rest_route=\/wp\/v2\/types\/post"}],"author":[{"embeddable":true,"href":"https:\/\/www.brennerbasisdemokratie.eu\/index.php?rest_route=\/wp\/v2\/users\/10"}],"replies":[{"embeddable":true,"href":"https:\/\/www.brennerbasisdemokratie.eu\/index.php?rest_route=%2Fwp%2Fv2%2Fcomments&post=28559"}],"version-history":[{"count":6,"href":"https:\/\/www.brennerbasisdemokratie.eu\/index.php?rest_route=\/wp\/v2\/posts\/28559\/revisions"}],"predecessor-version":[{"id":33284,"href":"https:\/\/www.brennerbasisdemokratie.eu\/index.php?rest_route=\/wp\/v2\/posts\/28559\/revisions\/33284"}],"wp:attachment":[{"href":"https:\/\/www.brennerbasisdemokratie.eu\/index.php?rest_route=%2Fwp%2Fv2%2Fmedia&parent=28559"}],"wp:term":[{"taxonomy":"category","embeddable":true,"href":"https:\/\/www.brennerbasisdemokratie.eu\/index.php?rest_route=%2Fwp%2Fv2%2Fcategories&post=28559"},{"taxonomy":"post_tag","embeddable":true,"href":"https:\/\/www.brennerbasisdemokratie.eu\/index.php?rest_route=%2Fwp%2Fv2%2Ftags&post=28559"}],"curies":[{"name":"wp","href":"https:\/\/api.w.org\/{rel}","templated":true}]}}