{"id":28733,"date":"2016-04-18T18:02:25","date_gmt":"2016-04-18T16:02:25","guid":{"rendered":"http:\/\/www.brennerbasisdemokratie.eu\/?p=28733"},"modified":"2026-02-04T19:00:39","modified_gmt":"2026-02-04T18:00:39","slug":"mehrsprachige-schule-die-zeit-ist-reif","status":"publish","type":"post","link":"https:\/\/www.brennerbasisdemokratie.eu\/?p=28733","title":{"rendered":"Mehrsprachige Schule: Die Zeit ist reif?"},"content":{"rendered":"<p>Die S\u00fcdtiroler <em>Gr\u00fcnen<\/em> haben einen Gesetzentwurf ausgearbeitet, um im S\u00fcdtiroler Bildungssystem ein sogenanntes \u00bbRecht auf Mehrsprachigkeit\u00ab einzuf\u00fchren: Immersion, <abbr title=\"Content and Language Integrated Learning\">CLIL<\/abbr>, mehrsprachige Schule&#8230; wie auch immer man es nennen will, \u00bbrund die H\u00e4lfte\u00ab des Unterrichts soll auf Deutsch stattfinden, die andere H\u00e4lfte auf Italienisch.<\/p>\n<p>Die entsprechende <a title=\"Gr\u00fcne: Die Zeit ist reif...\" href=\"http:\/\/www.gruene.bz.it\/die-zeit-ist-reif-und-der-zeitgeist-spricht-eine-klare-sprache-naemlich-mehrere\/\" target=\"_blank\" rel=\"noopener noreferrer\">Pressemitteilung<\/a> der <em>V\u00ebrc<\/em> m\u00f6chte ich hier stellenweise kommentieren:<\/p>\n<blockquote><p><strong>Vorstellung des Landesgesetzentwurfs 67\/15: Recht auf Mehrsprachlichkeit im Bildungssystem des Landes<\/strong><\/p><\/blockquote>\n<p>Der Duden kennt die \u00bbMehrsprachigkeit\u00ab, aber keine \u00bbMehrsprachlichkeit\u00ab \u2014 es w\u00e4re meiner Meinung nach angemessen, bei einem derart heiklen, sprachbezogenen Thema (in einem Gesetzesvorschlag!) auch die korrekten Begriffe zu verwenden.<\/p>\n<blockquote><p>Bei den Open-Space-Veranstaltungen des S\u00fcdtirol-Konvents war unverkennbar die wichtigste Forderung zum Themenbereich \u201cZusammenleben der Sprachgruppen in S\u00fcdtirol\u201d: Ein echtes mehrsprachiges Schulsystem wurde von vielen Konvent-Teilnehmenden als dringendstes Mittel f\u00fcr mehr sprachliches und kulturelles Verst\u00e4ndnis angef\u00fchrt. Die Zeichen der Zeit und des Zeitgeists sprechen hier eine \u00fcberdeutliche Sprache.<\/p><\/blockquote>\n<p>Bislang war meist davon die Rede, dass die <em>Open Spaces<\/em> von Sch\u00fctzen &amp; Co. unterwandert wurden, die dementsprechend auch ihre Themen prominent platziert haben \u2014 darunter die Beibehaltung des derzeitigen Schulsystems. Nun soll pl\u00f6tzlich ein mehrsprachiges Schulsystem die <em>wichtigste<\/em> Forderung zum Themenbereich \u00bbZusammenleben der Sprachgruppen\u00ab gewesen sein? Irgendwie geht das nicht ganz zusammen. Es sei denn, man definiert nach eigenem Gutd\u00fcnken, was wichtig war und was nicht.<\/p>\n<p>Ganz grunds\u00e4tzlich jedoch: Haben die <em>Gr\u00fcnen<\/em> nicht erst vor wenigen Tagen die SVP scharf kritisiert, weil sie <a title=\"Am Konvent vorbei?\" href=\"http:\/\/www.brennerbasisdemokratie.eu\/?p=27286\">\u00bbam Konvent vorbei\u00ab<\/a> handle? Warum tun sie selbst nun genau dasselbe?<\/p>\n<blockquote><p>Die Landesregierung setzt im Bereich Mehrsprachigkeit mit den CLIL-Angeboten in der Oberschule einige zaghafte Schritte. Wir wollen diese w\u00fcrdigen. Es braucht Zwischenschritte und der Widerstand der Konservativen ist gro\u00df.<\/p><\/blockquote>\n<p>Tats\u00e4chlich, der Widerstand der Konservativen ist gro\u00df. Aber reduzieren wir es bitte nicht auf die Konservativen. Es gibt auch Progressive, die den Fortschritt nur unter der Bedingung wagen wollen, dass er nicht zum R\u00fcckschritt wird.<\/p>\n<blockquote><p>Trotzdem wollen wir als Gr\u00fcne, die seit Jahrzehnten eine moderne, \u00fcberzeugt mehrsprachige Gesellschaft anvisieren, ein weiteres Mal einen Schritt voraus gehen.<br \/>\nWir haben daher diesen Gesetzentwurf ausgearbeitet, der parallel zur Anpassung der \u201cBuona scuola\u201d in die \u00f6ffentliche Debatte auch das ureigenste Anliegen der S\u00fcdtiroler Progressiven einbringt, eben das mehrsprachliche [sic] Zusatzangebot im gesamten S\u00fcdtiroler Bildungsangebot.<\/p><\/blockquote>\n<p>Meines Erachtens wird hier eine Gleichung aufgestellt, die uns direkt in den \u00bbKatalog\u00ab des S\u00fcdtiroler Oberfl\u00e4chenprogressismus f\u00fchrt. Hiernach k\u00f6nnen Progressive&nbsp;<em>per Definition<\/em> keine Bedenken gegen die Immersion haben \u2014 weil sie dann automatisch keine Progressiven mehr sind. Genauso wie Progressive nicht f\u00fcr die Selbstbestimmung sein k\u00f6nnen und d\u00fcrfen.<\/p>\n<blockquote><p>\u201cUnsere gute, mehrsprachliche [sic] Schule\u201d, so k\u00f6nnte man diesen Wunsch zusammenfassen. Es w\u00e4re gar nicht schwer und niemand w\u00fcrde irgendein Recht verlieren.<\/p>\n<p>Heinz von F\u00f6rster, der konstruktivistische Forscher und \u201cKybernEthiker\u201d sagte: Handle stets so, dass die Anzahl der Wahlm\u00f6glichkeiten gr\u00f6\u00dfer wird! Er sah darin auch eine Ursache des Gl\u00fccks. In der S\u00fcdtiroler Bildungswelt w\u00e4re Platz daf\u00fcr.<\/p><\/blockquote>\n<p>Im Ernst? Dann m\u00fcssten wir F\u00f6rsters Maxime zufolge konsequenterweise wohl auch F\u00e4cher wie \u00bbKreationismus\u00ab oder \u00bbScharia\u00ab einf\u00fchren, wenn (siehe unten) die entsprechende Nachfrage besteht.<\/p>\n<blockquote><p><strong>Gute Gr\u00fcnde f\u00fcr ein Recht auf Mehrsprachlichkeit [sic] im S\u00fcdtiroler Bildungssystem<\/strong><\/p>\n<ul>\n<li>W\u00fcnsche aus der Elternschaft (Convivia, Genitori per il Bilinguismo \/ Eltern f\u00fcr die Zweisprachigkeit, MixLing) und Umfrageergebnisse (Landeselternbeirat f\u00fcr die deutsche Schule unter den Eltern- und Schulratspr\u00e4sidentInnen \u2013 2008 und 2015, KOLIPSI-Studie der Eurac \u2013 2009)<\/li>\n<\/ul>\n<\/blockquote>\n<p>W\u00fcnsche einer Gruppe sind immer auch gegen die Allgemeininteressen der Gesellschaft abzuw\u00e4gen. Eine Partei sollte das tun. Schlie\u00dflich sollen \u2014 zum Beispiel \u2014 auch nicht nur die Hoteliers entscheiden, ob der Flughafen ausgebaut wird.<\/p>\n<p>Ein Flughafen w\u00e4re \u00fcbrigens auch ein konkreter Beitrag zur Erweiterung von Wahlm\u00f6glichkeiten. Dann kann jede B\u00fcrgerin ganz selbstbestimmt entscheiden, ob sie lieber mit der Bahn oder dem Flugzeug reist.<\/p>\n<p>Nicht zuletzt war die Umfrage des Landeselternbeirats m\u00f6glicherweise <a title=\"Landeselternbeirat: Suggestive Umfrage?\" href=\"http:\/\/www.brennerbasisdemokratie.eu\/?p=22991\">suggestiv formuliert<\/a> und mit Sicherheit nicht repr\u00e4sentativ.<\/p>\n<blockquote>\n<ul>\n<li>Aussagen im Sprachenbarometer 2014 (Sprachstatistik ASTAT)<\/li>\n<li>Oftmals bem\u00e4ngelte schlechte Zweitsprachkenntnisse der S\u00fcdtiroler Obersch\u00fclerInnen<\/li>\n<\/ul>\n<\/blockquote>\n<p>Das Sprachbarometer ist ein zweischneidiges Schwert: Es stimmt zwar, dass daraus ein starker Wunsch hervorgeht, auch mehrsprachige Schulmodelle einzuf\u00fchren. Allerdings best\u00e4tigt das Sprachbarometer gleichzeitig, dass die Zweitsprachkenntnisse der S\u00fcdtirolerinnen w\u00e4hrend der letzten Jahre \u2014 anders als <a title=\"Behauptungen als Basis neuer Schulpolitik.\" href=\"http:\/\/www.brennerbasisdemokratie.eu\/?p=17678\">\u00bboftmals bem\u00e4ngelt\u00ab<\/a> \u2014 <a title=\"Zweitsprachkenntnisse nehmen zu.\" href=\"http:\/\/www.brennerbasisdemokratie.eu\/?p=25517\">deutlich zugenommen haben.<\/a><\/p>\n<blockquote>\n<ul>\n<li>Gute Annahme aller bisherigen mehrsprachlichen [sic] Angebote, z.B. CLIL-Unterricht, \u201cZweitsprachjahr\u201d<\/li>\n<\/ul>\n<\/blockquote>\n<p>Gerade beim Thema CLIL sollte man sich vielleicht auch einmal die <a title=\"Schlampiger CLIL-Evaluationsbericht.\" href=\"http:\/\/www.brennerbasisdemokratie.eu\/?p=27222\">Ergebnisse des einschl\u00e4gigen Evaluationsberichts<\/a> zu Gem\u00fcte f\u00fchren. Angeblich ist CLIL n\u00e4mlich wider Erwarten (und anders als offiziell kommuniziert) keine Zauberformel f\u00fcr bessere Sprachkenntnisse.<\/p>\n<blockquote><p>[\u2026]<\/p>\n<p>Der Gesetzentwurf erg\u00e4nzt das bestehende schulische Angebot, falls erw\u00fcnscht und gen\u00fcgend Anmeldungen vorliegen (f\u00fcr den Kindergarten 14, f\u00fcr die Schule 15 Einschreibungen), um ein mehrsprachliches [sic]. Das freiwillige Zusatzangebot kann im Kindergarten, in der Unter- und Oberstufe gew\u00e4hlt werden. Das \u00fcbliche Angebot bleibt ausnahmslos unver\u00e4ndert erhalten (das Recht auf mutterspachigen Unterricht nach Art. 19 des Autonomiestatuts wird nicht beschnitten).<\/p><\/blockquote>\n<p>Noch einmal: Legitimiert die Nachfrage automatisch das Angebot? Ist das nicht <a title=\"Mehrsprachige Schule und Nachhaltigkeit.\" href=\"http:\/\/www.brennerbasisdemokratie.eu\/?p=26770\">zu wenig nachhaltig<\/a> und zu marktwirtschaftlich gedacht? Ich jedenfalls bin nicht der Meinung, dass wir \u2014 nicht nur beim Thema Immersion \u2014 die Hoheit \u00fcber das \u00f6ffentliche Bildungssystem auf dem Altar der individuellen \u00bbWahlm\u00f6glichkeiten\u00ab opfern sollten.<\/p>\n<p>Wir alle wissen zudem, dass sich einem mehrsprachigen Angebot \u00fcber kurz oder lang niemand wird entziehen k\u00f6nnen, die nicht als konservativ, ewiggestrig, den eigenen Kindern Schaden zuf\u00fcgen wollend gelten will. Wahlfreiheit wird dann im Sinne einer <a title=\"Moreno Cabrera a proposito di bilinguismo forzato.\" href=\"http:\/\/www.brennerbasisdemokratie.eu\/?p=28331\">erzwungenen Bilingualisierung<\/a> nur noch vorget\u00e4uscht.<\/p>\n<blockquote><p>Das mehrsprachige Angebot ist eine Bereicherung der Bildungslandschaft S\u00fcdtirols und kann, \u00e4hnlich der ladinischen Schule, als Labor f\u00fcr neue Formen des Lernen [sic] und der kulturellen Ann\u00e4herung dienen. Von der derzeitigen Schule, die ja derzeit schon mit der Realit\u00e4t der mehrsprachlichen [sic] Zusammensetzung konfrontiert ist, wird Druck genommen \u2013 und schlie\u00dflich bietet das neue Angebot auch einen Schutz f\u00fcr all jene, die sich der mehrsprachigen Orientierung im Sinne der ausdr\u00fccklichen Muttersprachlichkeit nicht anschlie\u00dfen m\u00f6chten.<\/p>\n<p>Damit w\u00e4re eine Situation allgemeinen Gewinnes geschaffen.<\/p><\/blockquote>\n<p>Das mit dem allgemeinen Gewinn w\u00e4re \u2014 zumindest aus Sicht des Minderheitenschutzes \u2014 aus den oben dargelegten Gr\u00fcnden erst zu belegen. \u00dcber eine Antwort auf meine Einw\u00e4nde w\u00fcrde ich mich freuen.<\/p>\n<p><strong><span style=\"font-family: Helvetica, Arial, sans-serif; text-transform: uppercase;\">C\u00ebla enghe:<\/span><\/strong> <a title=\"Mehrsprachige Schule und Nachhaltigkeit.\" href=\"http:\/\/www.brennerbasisdemokratie.eu\/?p=26770\"><code>01<\/code><\/a> <a title=\"\u00bbM\u00f6glichst fr\u00fch, m\u00f6glichst alles\u2026\u00ab\" href=\"http:\/\/www.brennerbasisdemokratie.eu\/?p=17224\"><code>02<\/code><\/a> <a title=\"Titelgeschichte \u00fcber CLIL und Sprachunterricht.\" href=\"http:\/\/www.brennerbasisdemokratie.eu\/?p=26991\"><code>03<\/code><\/a> <a title=\"Zweisprachige Schule.\" href=\"http:\/\/www.brennerbasisdemokratie.eu\/?p=1223\"><code>04<\/code><\/a> <a title=\"Zweisprachige Schule (II).\" href=\"http:\/\/www.brennerbasisdemokratie.eu\/?p=30232\"><code>05<\/code><\/a> <a title=\"Immersion in Kanada: Chancen und Risiken.\" href=\"http:\/\/www.brennerbasisdemokratie.eu\/?p=49470\"><code>06<\/code><\/a> <a title=\"FAQ zur Immersion.\" href=\"http:\/\/www.brennerbasisdemokratie.eu\/?p=49209\"><code>07<\/code><\/a> <a title=\"Mehrsprachige Schule, Wunsch vs. Gesetzentwurf.\" href=\"http:\/\/www.brennerbasisdemokratie.eu\/?p=49175\"><code>08<\/code><\/a> <span style=\"font-family: Helvetica, Arial, sans-serif; font-weight: normal;\">||<\/span> <a title=\"Gesetzentwurf 2\/18: Mehrsprachige Schule.\" href=\"https:\/\/www.brennerbasisdemokratie.eu\/?p=49142\"><span style=\"color:#ff8c00; text-decoration:underline; text-decoration-color:#ff8c00; text-decoration-thickness:3px;\"><code>01<\/code><\/span><\/a> <a title=\"Immersion ist f\u00fcr Minderheiten nicht.\" href=\"https:\/\/www.brennerbasisdemokratie.eu\/?p=64168\"><span style=\"color: #ff8c00\"><code>02<\/code><\/span><\/a><\/p>","protected":false},"excerpt":{"rendered":"<p>Die S\u00fcdtiroler Gr\u00fcnen haben einen Gesetzentwurf ausgearbeitet, um im S\u00fcdtiroler Bildungssystem ein sogenanntes \u00bbRecht auf Mehrsprachigkeit\u00ab einzuf\u00fchren: Immersion, CLIL, mehrsprachige Schule&#8230; wie auch immer man es nennen will, \u00bbrund die H\u00e4lfte\u00ab des Unterrichts soll auf Deutsch stattfinden, die andere H\u00e4lfte auf Italienisch. Die entsprechende Pressemitteilung der V\u00ebrc m\u00f6chte ich hier stellenweise kommentieren: Vorstellung des Landesgesetzentwurfs [&hellip;]<\/p>","protected":false},"author":1,"featured_media":0,"comment_status":"open","ping_status":"open","sticky":false,"template":"","format":"standard","meta":{"_crdt_document":"","ngg_post_thumbnail":0,"_jetpack_memberships_contains_paid_content":false,"footnotes":""},"categories":[1],"tags":[],"class_list":["post-28733","post","type-post","status-publish","format-standard","hentry","category-allgemein","entity-schutzen","entity-verc","issue-clil-immersion","issue-kolipsi","issue-sprachbarometer","issue-suedtirolkonvent","issue-zitac","location-sudtirolo","language-deutsch","topic-kohasion","topic-minderheitenschutz","topic-mitbestimmung","topic-plurilinguism","topic-recht","topic-scola","topic-statistik","topic-wissenschaft"],"jetpack_featured_media_url":"","jetpack_sharing_enabled":true,"_links":{"self":[{"href":"https:\/\/www.brennerbasisdemokratie.eu\/index.php?rest_route=\/wp\/v2\/posts\/28733","targetHints":{"allow":["GET"]}}],"collection":[{"href":"https:\/\/www.brennerbasisdemokratie.eu\/index.php?rest_route=\/wp\/v2\/posts"}],"about":[{"href":"https:\/\/www.brennerbasisdemokratie.eu\/index.php?rest_route=\/wp\/v2\/types\/post"}],"author":[{"embeddable":true,"href":"https:\/\/www.brennerbasisdemokratie.eu\/index.php?rest_route=\/wp\/v2\/users\/1"}],"replies":[{"embeddable":true,"href":"https:\/\/www.brennerbasisdemokratie.eu\/index.php?rest_route=%2Fwp%2Fv2%2Fcomments&post=28733"}],"version-history":[{"count":17,"href":"https:\/\/www.brennerbasisdemokratie.eu\/index.php?rest_route=\/wp\/v2\/posts\/28733\/revisions"}],"predecessor-version":[{"id":98030,"href":"https:\/\/www.brennerbasisdemokratie.eu\/index.php?rest_route=\/wp\/v2\/posts\/28733\/revisions\/98030"}],"wp:attachment":[{"href":"https:\/\/www.brennerbasisdemokratie.eu\/index.php?rest_route=%2Fwp%2Fv2%2Fmedia&parent=28733"}],"wp:term":[{"taxonomy":"category","embeddable":true,"href":"https:\/\/www.brennerbasisdemokratie.eu\/index.php?rest_route=%2Fwp%2Fv2%2Fcategories&post=28733"},{"taxonomy":"post_tag","embeddable":true,"href":"https:\/\/www.brennerbasisdemokratie.eu\/index.php?rest_route=%2Fwp%2Fv2%2Ftags&post=28733"}],"curies":[{"name":"wp","href":"https:\/\/api.w.org\/{rel}","templated":true}]}}