{"id":28976,"date":"2016-04-30T20:57:51","date_gmt":"2016-04-30T18:57:51","guid":{"rendered":"http:\/\/www.brennerbasisdemokratie.eu\/?p=28976"},"modified":"2025-06-26T20:07:21","modified_gmt":"2025-06-26T18:07:21","slug":"euregio-verkehrstotenstatistik","status":"publish","type":"post","link":"https:\/\/www.brennerbasisdemokratie.eu\/?p=28976","title":{"rendered":"Euregio: Verkehrstotenstatistik."},"content":{"rendered":"<blockquote><p><img loading=\"lazy\" decoding=\"async\" class=\"size-full wp-image-28977 aligncenter\" src=\"http:\/\/www.brennerbasisdemokratie.eu\/wp-content\/uploads\/2016\/04\/verkehrstote2014.jpg\" alt=\"Verkehrstote Euregio Tirol 2014.\" width=\"633\" height=\"314\"\/><\/p><\/blockquote>\n<p>Die aktuellsten <em>Eurostat<\/em>-Daten zu den Verkehrstoten (je 1 Million Einwohnerinnen) sprechen eine deutliche Sprache: In S\u00fcdtirol starben 2014 anteilsm\u00e4\u00dfig rund 50 Prozent mehr Menschen im Stra\u00dfenverkehr als in Nord-\/Osttirol. Und rund 20 Prozent mehr als im Trentino.<\/p>\n<p>Damit befindet sich S\u00fcdtirol auch im direkten Vergleich mit den \u00fcbrigen angrenzenden Regionen im wenig ruhmreichen Spitzenfeld. Weitaus am wenigsten Menschen mussten (anteilsm\u00e4\u00dfig) im Kanton Tessin ihr Leben lassen, die meisten in Friaul-Julien.<\/p>\n<p>\u00dcberhaupt scheint die Schweiz mit ihren strengen Verkehrsgesetzen und Strafen, die sich nach dem Einkommen richten, den richtigen Weg eingeschlagen zu haben \u2014 ist doch die in diesem Vergleich an vorletzter Stelle rangierende Ostschweiz gleichzeitig die eidgen\u00f6ssische Region mit den weitaus h\u00f6chsten Verkehrstotenzahlen.<\/p>\n<p>W\u00e4re es mit einer \u00e4hnlichen Strategie auch hierzulande m\u00f6glich, die Todesopfer um bis zu zwei Drittel zu senken?<\/p>\n<p><strong><span style=\"font-family: Helvetica, Arial, sans-serif; text-transform: uppercase;\">C\u00ebla enghe:<\/span><\/strong> <a title=\"Wahrheitsministerium.\" href=\"http:\/\/www.brennerbasisdemokratie.eu\/?p=13963\"><code>01<\/code><\/a> <a title=\"Todesstreifen.\" href=\"http:\/\/www.brennerbasisdemokratie.eu\/?p=8840\"><code>02<\/code><\/a> <a title=\"Geschwindigkeitsempfehlung.\" href=\"http:\/\/www.brennerbasisdemokratie.eu\/?p=2445\"><code>03<\/code><\/a> <a title=\"Verfolgungswahn: Aufgedeckt.\" href=\"http:\/\/www.brennerbasisdemokratie.eu\/?p=1262\"><code>04<\/code><\/a> <a title=\"LKW-Kontrollen: Worte vs. Taten.\" href=\"http:\/\/www.brennerbasisdemokratie.eu\/?p=1217\"><code>05<\/code><\/a> <a title=\"Aus f\u00fcrs P\u00e4sseblasen?\" href=\"http:\/\/www.brennerbasisdemokratie.eu\/?p=24909\"><code>06<\/code><\/a>&nbsp;<span style=\"font-family: Helvetica, Arial, sans-serif; font-weight: normal;\">||<\/span> <a title=\"Zu viele Tote auf S\u00fcdtirols Stra\u00dfen.\" href=\"https:\/\/www.brennerbasisdemokratie.eu\/?p=61244\"><span style=\"color: #ff8c00\"><code>01<\/code><\/span><\/a> <a title=\"Freie Fahrt f\u00fcr Verkehrsrowdys in S\u00fcdtirol.\" href=\"https:\/\/www.brennerbasisdemokratie.eu\/?p=93019\"><span style=\"color: #ff8c00\"><code>02<\/code><\/span><\/a><\/p>","protected":false},"excerpt":{"rendered":"<p>Die aktuellsten Eurostat-Daten zu den Verkehrstoten (je 1 Million Einwohnerinnen) sprechen eine deutliche Sprache: In S\u00fcdtirol starben 2014 anteilsm\u00e4\u00dfig rund 50 Prozent mehr Menschen im Stra\u00dfenverkehr als in Nord-\/Osttirol. Und rund 20 Prozent mehr als im Trentino. Damit befindet sich S\u00fcdtirol auch im direkten Vergleich mit den \u00fcbrigen angrenzenden Regionen im wenig ruhmreichen Spitzenfeld. Weitaus [&hellip;]<\/p>","protected":false},"author":1,"featured_media":0,"comment_status":"open","ping_status":"open","sticky":false,"template":"","format":"standard","meta":{"_crdt_document":"","ngg_post_thumbnail":0,"_jetpack_memberships_contains_paid_content":false,"footnotes":""},"categories":[1],"tags":[],"class_list":["post-28976","post","type-post","status-publish","format-standard","hentry","category-allgemein","entity-eu","entity-euregio","entity-eurostat","location-friaul","location-grischun","location-koroska","location-nord-osttirol","location-sudtirolo","location-svizra","location-ticino","location-trentino","location-venetien","language-deutsch","topic-gesundheit","topic-mobilitaet","topic-recht","topic-statistik"],"jetpack_featured_media_url":"","jetpack_sharing_enabled":true,"_links":{"self":[{"href":"https:\/\/www.brennerbasisdemokratie.eu\/index.php?rest_route=\/wp\/v2\/posts\/28976","targetHints":{"allow":["GET"]}}],"collection":[{"href":"https:\/\/www.brennerbasisdemokratie.eu\/index.php?rest_route=\/wp\/v2\/posts"}],"about":[{"href":"https:\/\/www.brennerbasisdemokratie.eu\/index.php?rest_route=\/wp\/v2\/types\/post"}],"author":[{"embeddable":true,"href":"https:\/\/www.brennerbasisdemokratie.eu\/index.php?rest_route=\/wp\/v2\/users\/1"}],"replies":[{"embeddable":true,"href":"https:\/\/www.brennerbasisdemokratie.eu\/index.php?rest_route=%2Fwp%2Fv2%2Fcomments&post=28976"}],"version-history":[{"count":15,"href":"https:\/\/www.brennerbasisdemokratie.eu\/index.php?rest_route=\/wp\/v2\/posts\/28976\/revisions"}],"predecessor-version":[{"id":93040,"href":"https:\/\/www.brennerbasisdemokratie.eu\/index.php?rest_route=\/wp\/v2\/posts\/28976\/revisions\/93040"}],"wp:attachment":[{"href":"https:\/\/www.brennerbasisdemokratie.eu\/index.php?rest_route=%2Fwp%2Fv2%2Fmedia&parent=28976"}],"wp:term":[{"taxonomy":"category","embeddable":true,"href":"https:\/\/www.brennerbasisdemokratie.eu\/index.php?rest_route=%2Fwp%2Fv2%2Fcategories&post=28976"},{"taxonomy":"post_tag","embeddable":true,"href":"https:\/\/www.brennerbasisdemokratie.eu\/index.php?rest_route=%2Fwp%2Fv2%2Ftags&post=28976"}],"curies":[{"name":"wp","href":"https:\/\/api.w.org\/{rel}","templated":true}]}}