{"id":29344,"date":"2016-05-20T14:09:13","date_gmt":"2016-05-20T12:09:13","guid":{"rendered":"http:\/\/www.brennerbasisdemokratie.eu\/?p=29344"},"modified":"2020-10-26T19:16:36","modified_gmt":"2020-10-26T18:16:36","slug":"schottland-in-madrid","status":"publish","type":"post","link":"https:\/\/www.brennerbasisdemokratie.eu\/?p=29344","title":{"rendered":"Schottland in der Copa del Rey."},"content":{"rendered":"<p>Am Sonntag findet in Madrid das Finale der <em>Copa del Rey<\/em> zwischen Barcelona und Sevilla statt. Dabei wurde im Vorfeld erstmals das Verbot ausgesprochen, die <em>Estelada<\/em> \u2014 die katalanische Flagge mit Stern als Symbol der Unabh\u00e4ngigkeit \u2014 mit ins Stadion zu nehmen.<\/p>\n<p>In Minute 17:14 eines jeden <em>Bar\u00e7a<\/em>-Spiels brechen die Fans in Jubelges\u00e4nge aus und werden tausender solcher Flaggen geschwenkt. Im Jahr 1714 verlor Katalonien seine autonomen Rechte und wurde ins spanische K\u00f6nigreich integriert.<\/p>\n<p>Der FC Barcelona (der sich seit jeher, auch in der Franco-\u00c4ra, als politisch engagierter Verein versteht), hat das von der Regierung verh\u00e4ngte Verbot als Einschr\u00e4nkung der Meinungsfreiheit kritisiert und seine R\u00fccknahme gefordert. Der katalanische Pr\u00e4sident, Carles Puigdemont, und die B\u00fcrgermeisterin von Barcelona, Ada Colau, haben angek\u00fcndigt, dass sie dem Spiel aus Protest fernbleiben werden.<\/p>\n<p>Unterdessen organisiert sich die katalanische Zivilgesellschaft gewohnt kreativ: <em>Bar\u00e7a<\/em>-Fanclubs und mehrere Vereine wollen vor dem Spiel 10.000 schottische Flaggen kostenlos an Unterst\u00fctzerInnen des Fu\u00dfballclubs verteilen \u2014 die dann in Minute 17:14 das <em>Estadio Calder\u00f3n<\/em> blauwei\u00df f\u00e4rben werden.<\/p>\n<p><strong><span style=\"font-family: Helvetica, Arial, sans-serif; text-transform: uppercase;\">C\u00ebla enghe:<\/span><\/strong> <a title=\"Sport als Engagement.\" href=\"http:\/\/www.brennerbasisdemokratie.eu\/?p=741\"><code>01<\/code><\/a> <a title=\"Champions League auf Katalanisch.\" href=\"http:\/\/www.brennerbasisdemokratie.eu\/?p=2271\"><code>02<\/code><\/a> <a title=\"\u00bbSport ist nicht Politik.\u00ab Oder doch?\" href=\"http:\/\/www.brennerbasisdemokratie.eu\/?p=8627\"><code>03<\/code><\/a><\/p>","protected":false},"excerpt":{"rendered":"<p>Am Sonntag findet in Madrid das Finale der Copa del Rey zwischen Barcelona und Sevilla statt. Dabei wurde im Vorfeld erstmals das Verbot ausgesprochen, die Estelada \u2014 die katalanische Flagge mit Stern als Symbol der Unabh\u00e4ngigkeit \u2014 mit ins Stadion zu nehmen. In Minute 17:14 eines jeden Bar\u00e7a-Spiels brechen die Fans in Jubelges\u00e4nge aus und [&hellip;]<\/p>","protected":false},"author":1,"featured_media":0,"comment_status":"open","ping_status":"open","sticky":false,"template":"","format":"standard","meta":{"_crdt_document":"","ngg_post_thumbnail":0,"_jetpack_memberships_contains_paid_content":false,"footnotes":""},"categories":[1],"tags":[],"class_list":["post-29344","post","type-post","status-publish","format-standard","hentry","category-allgemein","location-catalunya","location-schottland","language-deutsch","person-ada-colau","person-carles-puigdemont","topic-grundrechte","topic-politik","topic-symbolik"],"jetpack_featured_media_url":"","jetpack_sharing_enabled":true,"_links":{"self":[{"href":"https:\/\/www.brennerbasisdemokratie.eu\/index.php?rest_route=\/wp\/v2\/posts\/29344","targetHints":{"allow":["GET"]}}],"collection":[{"href":"https:\/\/www.brennerbasisdemokratie.eu\/index.php?rest_route=\/wp\/v2\/posts"}],"about":[{"href":"https:\/\/www.brennerbasisdemokratie.eu\/index.php?rest_route=\/wp\/v2\/types\/post"}],"author":[{"embeddable":true,"href":"https:\/\/www.brennerbasisdemokratie.eu\/index.php?rest_route=\/wp\/v2\/users\/1"}],"replies":[{"embeddable":true,"href":"https:\/\/www.brennerbasisdemokratie.eu\/index.php?rest_route=%2Fwp%2Fv2%2Fcomments&post=29344"}],"version-history":[{"count":10,"href":"https:\/\/www.brennerbasisdemokratie.eu\/index.php?rest_route=\/wp\/v2\/posts\/29344\/revisions"}],"predecessor-version":[{"id":47570,"href":"https:\/\/www.brennerbasisdemokratie.eu\/index.php?rest_route=\/wp\/v2\/posts\/29344\/revisions\/47570"}],"wp:attachment":[{"href":"https:\/\/www.brennerbasisdemokratie.eu\/index.php?rest_route=%2Fwp%2Fv2%2Fmedia&parent=29344"}],"wp:term":[{"taxonomy":"category","embeddable":true,"href":"https:\/\/www.brennerbasisdemokratie.eu\/index.php?rest_route=%2Fwp%2Fv2%2Fcategories&post=29344"},{"taxonomy":"post_tag","embeddable":true,"href":"https:\/\/www.brennerbasisdemokratie.eu\/index.php?rest_route=%2Fwp%2Fv2%2Ftags&post=29344"}],"curies":[{"name":"wp","href":"https:\/\/api.w.org\/{rel}","templated":true}]}}