{"id":29553,"date":"2016-06-08T12:53:03","date_gmt":"2016-06-08T10:53:03","guid":{"rendered":"http:\/\/www.brennerbasisdemokratie.eu\/?p=29553"},"modified":"2022-07-04T21:42:53","modified_gmt":"2022-07-04T19:42:53","slug":"quotation-281-suedtirol-im-krieg","status":"publish","type":"post","link":"https:\/\/www.brennerbasisdemokratie.eu\/?p=29553","title":{"rendered":"S\u00fcdtirol im Krieg."},"content":{"rendered":"<blockquote><p>Ich halte es da mit dem Gatterer-Preistr\u00e4ger Dietmar Telser, laut dem kein Zaun der Welt jemanden aufhalten kann, der vor einem Krieg flieht.<\/p><\/blockquote>\n<p>Landesrat Philipp Achammer (<abbr title=\"S\u00fcdtiroler Volkspartei\">SVP<\/abbr>) in der <em>ff<\/em> (Nr. 10\/2016) auf die Frage: &#8220;Sind wir nur auf der falschen Seite des Zauns, wie einige behaupten?&#8221;<\/p>\n<p>Es mag viele gute Gr\u00fcnde gegen einen Zaun am Brenner geben. Dass aber jemand, der innerhalb der Euregio von S\u00fcdtirol nach Nordtirol m\u00f6chte, vor einem Krieg flieht, ist mir neu.<\/p>","protected":false},"excerpt":{"rendered":"<p>Ich halte es da mit dem Gatterer-Preistr\u00e4ger Dietmar Telser, laut dem kein Zaun der Welt jemanden aufhalten kann, der vor einem Krieg flieht. Landesrat Philipp Achammer (SVP) in der ff (Nr. 10\/2016) auf die Frage: &#8220;Sind wir nur auf der falschen Seite des Zauns, wie einige behaupten?&#8221; Es mag viele gute Gr\u00fcnde gegen einen Zaun [&hellip;]<\/p>","protected":false},"author":8,"featured_media":0,"comment_status":"open","ping_status":"open","sticky":false,"template":"","format":"standard","meta":{"_crdt_document":"","ngg_post_thumbnail":0,"_jetpack_memberships_contains_paid_content":false,"footnotes":""},"categories":[1],"tags":[],"class_list":["post-29553","post","type-post","status-publish","format-standard","hentry","category-allgemein","entity-eu","entity-euregio","entity-svp","issue-quotation","location-sudtirolo","language-deutsch","medium-ff","person-philipp-achammer","topic-grenzen","topic-krieg","topic-medien","topic-migraziun","topic-politik"],"jetpack_featured_media_url":"","jetpack_sharing_enabled":true,"_links":{"self":[{"href":"https:\/\/www.brennerbasisdemokratie.eu\/index.php?rest_route=\/wp\/v2\/posts\/29553","targetHints":{"allow":["GET"]}}],"collection":[{"href":"https:\/\/www.brennerbasisdemokratie.eu\/index.php?rest_route=\/wp\/v2\/posts"}],"about":[{"href":"https:\/\/www.brennerbasisdemokratie.eu\/index.php?rest_route=\/wp\/v2\/types\/post"}],"author":[{"embeddable":true,"href":"https:\/\/www.brennerbasisdemokratie.eu\/index.php?rest_route=\/wp\/v2\/users\/8"}],"replies":[{"embeddable":true,"href":"https:\/\/www.brennerbasisdemokratie.eu\/index.php?rest_route=%2Fwp%2Fv2%2Fcomments&post=29553"}],"version-history":[{"count":6,"href":"https:\/\/www.brennerbasisdemokratie.eu\/index.php?rest_route=\/wp\/v2\/posts\/29553\/revisions"}],"predecessor-version":[{"id":66595,"href":"https:\/\/www.brennerbasisdemokratie.eu\/index.php?rest_route=\/wp\/v2\/posts\/29553\/revisions\/66595"}],"wp:attachment":[{"href":"https:\/\/www.brennerbasisdemokratie.eu\/index.php?rest_route=%2Fwp%2Fv2%2Fmedia&parent=29553"}],"wp:term":[{"taxonomy":"category","embeddable":true,"href":"https:\/\/www.brennerbasisdemokratie.eu\/index.php?rest_route=%2Fwp%2Fv2%2Fcategories&post=29553"},{"taxonomy":"post_tag","embeddable":true,"href":"https:\/\/www.brennerbasisdemokratie.eu\/index.php?rest_route=%2Fwp%2Fv2%2Ftags&post=29553"}],"curies":[{"name":"wp","href":"https:\/\/api.w.org\/{rel}","templated":true}]}}