{"id":29703,"date":"2016-06-20T15:06:27","date_gmt":"2016-06-20T13:06:27","guid":{"rendered":"http:\/\/www.brennerbasisdemokratie.eu\/?p=29703"},"modified":"2025-09-15T18:57:11","modified_gmt":"2025-09-15T16:57:11","slug":"autonomievergleich-ii","status":"publish","type":"post","link":"https:\/\/www.brennerbasisdemokratie.eu\/?p=29703","title":{"rendered":"Autonomievergleich (II)."},"content":{"rendered":"<p>In Thomas Benedikters <a title=\"Buchvorstellung: \u00bbMehr Eigenst\u00e4ndigkeit wagen.\u00ab\" href=\"http:\/\/www.brennerbasisdemokratie.eu\/?p=29645\">neu erschienener<\/a> Publikation <em>\u00bbMehr Eigenst\u00e4ndigkeit wagen \u2013 S\u00fcdtirols Autonomie heute und morgen\u00ab<\/em> <em>(Arca Edizioni,<\/em> im Buchhandel erh\u00e4ltlich) ist auf Seite 24 ein Vergleich verschiedener autonomer Zust\u00e4ndigkeiten S\u00fcdtirols, Kataloniens und der \u00c5land-Inseln zu finden. Mit Zustimmung des Autors darf ich die Tabelle hier wiedergeben.<\/p>\n<p>Obschon sich ein \u00bbQuellen-Kurzschluss\u00ab ergibt (die Aufstellung bezieht sich teilweise auf <img class=\"bbdlogo\" src=\"https:\/\/www.brennerbasisdemokratie.eu\/wp-content\/uploads\/bbdsmileys\/bbde.png\">-Informationen) scheint mir die Wiedergabe aufgrund des gr\u00f6\u00dferen Umfangs und der \u00dcbersichtlichkeit gerechtfertigt.<\/p>\n<p>Thomas Benedikter schreibt im genannten Buch:<\/p>\n<blockquote><p>Am 5. November 2014 stellte <abbr title=\"Landeshauptmann\/-frau\">LH<\/abbr> Arno Kompatscher im Landtag fest, dass S\u00fcdtirol \u00fcber die am weitesten reichende Territorialautonomie Europas verf\u00fcge. Hier ein nicht ersch\u00f6pfender \u00dcberblick zur Begr\u00fcndung, warum diese These nicht haltbar ist.<\/p><\/blockquote>\n<p>Dazu ver\u00f6ffentlichte er eine Aufstellung von Zust\u00e4ndigkeiten, \u00fcber die S\u00fcdtirol im Gegensatz zu Katalonien und\/oder \u00c5land nicht verf\u00fcgt:<\/p>\n<blockquote><p><img loading=\"lazy\" decoding=\"async\" class=\"size-full wp-image-29704 aligncenter\" src=\"http:\/\/www.brennerbasisdemokratie.eu\/wp-content\/uploads\/2016\/06\/autonomievergleich.png\" alt=\"Autonomievergleich.\" width=\"504\" height=\"640\"\/><\/p><\/blockquote>\n<p><strong><span style=\"font-family: Helvetica, Arial, sans-serif; text-transform: uppercase;\">C\u00ebla enghe:<\/span><\/strong> <a title=\"Der Autonomie-Vergleich.\" href=\"http:\/\/www.brennerbasisdemokratie.eu\/?p=21539\"><code>01<\/code><\/a> <a title=\"Neue Zust\u00e4ndigkeiten contra \u00bbSuprematie\u00ab des Zentralstaats.\" href=\"http:\/\/www.brennerbasisdemokratie.eu\/?p=26783\"><code>02<\/code><\/a> <a title=\"L\u2019autonomia \u00e8 migliorabile?\" href=\"http:\/\/www.brennerbasisdemokratie.eu\/?p=3550\"><code>03<\/code><\/a> <a title=\"S\u00fcdtirol mitgestalten.\" href=\"http:\/\/www.brennerbasisdemokratie.eu\/?p=26879\"><code>04<\/code><\/a> <a title=\"Volle Bildungsautonomie \u2014 in Belgien.\" href=\"http:\/\/www.brennerbasisdemokratie.eu\/?p=27562\"><code>05<\/code><\/a> <a title=\"Ukraine: Medikamente zweisprachig.\" href=\"http:\/\/www.brennerbasisdemokratie.eu\/?p=25360\"><code>06<\/code><\/a> <a title=\"\u00bbAutonomie scheibchenweise adieu.\u00ab\" href=\"http:\/\/www.brennerbasisdemokratie.eu\/?p=26739\"><code>07<\/code><\/a> <a title=\"Visionen, Autonomie.\" href=\"http:\/\/www.brennerbasisdemokratie.eu\/?p=26628\"><code>08<\/code><\/a> <a title=\"Label: Autonomievergleich.\" href=\"https:\/\/www.brennerbasisdemokratie.eu\/?issue=autonomievergleich\" rel=\"noopener\"><small><i class=\"fas fa-tags\"><\/i><\/small><\/a> <span style=\"font-family: Helvetica, Arial, sans-serif; font-weight: normal;\">||<\/span> <a title=\"Der Regional Authority Index.\" href=\"http:\/\/www.brennerbasisdemokratie.eu\/?p=37233\"><span style=\"color: #ff8c00\"><code>01<\/code><\/span><\/a> <a title=\"Ein S\u00fcdtiroler Weg f\u00fcr Katalonien?\" href=\"https:\/\/www.brennerbasisdemokratie.eu\/?p=72172\" rel=\"\"><span style=\"color: #ff8c00\"><code>02<\/code><\/span><\/a> <a title=\"Minderheitensprachen im Konsumentinnenschutz.\" href=\"https:\/\/www.brennerbasisdemokratie.eu\/?p=85659\"><span style=\"color: #ff8c00\"><code>03<\/code><\/span><\/a> <a title=\"Sudtirolo-Catalogna, competenze e dotazione finanziaria.\" href=\"https:\/\/www.brennerbasisdemokratie.eu\/?p=94541\"><span style=\"color: #ff8c00\"><code>04<\/code><\/span><\/a><\/p>","protected":false},"excerpt":{"rendered":"<p>In Thomas Benedikters neu erschienener Publikation \u00bbMehr Eigenst\u00e4ndigkeit wagen \u2013 S\u00fcdtirols Autonomie heute und morgen\u00ab (Arca Edizioni, im Buchhandel erh\u00e4ltlich) ist auf Seite 24 ein Vergleich verschiedener autonomer Zust\u00e4ndigkeiten S\u00fcdtirols, Kataloniens und der \u00c5land-Inseln zu finden. Mit Zustimmung des Autors darf ich die Tabelle hier wiedergeben. Obschon sich ein \u00bbQuellen-Kurzschluss\u00ab ergibt (die Aufstellung bezieht sich [&hellip;]<\/p>","protected":false},"author":1,"featured_media":0,"comment_status":"open","ping_status":"open","sticky":false,"template":"","format":"standard","meta":{"_crdt_document":"","ngg_post_thumbnail":0,"_jetpack_memberships_contains_paid_content":false,"footnotes":""},"categories":[1],"tags":[],"class_list":["post-29703","post","type-post","status-publish","format-standard","hentry","category-allgemein","entity-eu","entity-svp","issue-autonomievergleich","issue-bbd-essentials","issue-zitac","location-aland","location-catalunya","location-sudtirolo","language-deutsch","person-thomas-benedikter","topic-bildung","topic-comparatio","topic-gesundheit","topic-grundrechte","topic-minderheitenschutz","topic-ortsnamen","topic-politik","topic-polizei","topic-publikationen","topic-recht","topic-soziales","topic-verbraucherinnen","topic-vorzeigeautonomie","topic-wirtschaft","topic-zustaendigkeiten"],"jetpack_featured_media_url":"","jetpack_sharing_enabled":true,"_links":{"self":[{"href":"https:\/\/www.brennerbasisdemokratie.eu\/index.php?rest_route=\/wp\/v2\/posts\/29703","targetHints":{"allow":["GET"]}}],"collection":[{"href":"https:\/\/www.brennerbasisdemokratie.eu\/index.php?rest_route=\/wp\/v2\/posts"}],"about":[{"href":"https:\/\/www.brennerbasisdemokratie.eu\/index.php?rest_route=\/wp\/v2\/types\/post"}],"author":[{"embeddable":true,"href":"https:\/\/www.brennerbasisdemokratie.eu\/index.php?rest_route=\/wp\/v2\/users\/1"}],"replies":[{"embeddable":true,"href":"https:\/\/www.brennerbasisdemokratie.eu\/index.php?rest_route=%2Fwp%2Fv2%2Fcomments&post=29703"}],"version-history":[{"count":20,"href":"https:\/\/www.brennerbasisdemokratie.eu\/index.php?rest_route=\/wp\/v2\/posts\/29703\/revisions"}],"predecessor-version":[{"id":94547,"href":"https:\/\/www.brennerbasisdemokratie.eu\/index.php?rest_route=\/wp\/v2\/posts\/29703\/revisions\/94547"}],"wp:attachment":[{"href":"https:\/\/www.brennerbasisdemokratie.eu\/index.php?rest_route=%2Fwp%2Fv2%2Fmedia&parent=29703"}],"wp:term":[{"taxonomy":"category","embeddable":true,"href":"https:\/\/www.brennerbasisdemokratie.eu\/index.php?rest_route=%2Fwp%2Fv2%2Fcategories&post=29703"},{"taxonomy":"post_tag","embeddable":true,"href":"https:\/\/www.brennerbasisdemokratie.eu\/index.php?rest_route=%2Fwp%2Fv2%2Ftags&post=29703"}],"curies":[{"name":"wp","href":"https:\/\/api.w.org\/{rel}","templated":true}]}}