{"id":29715,"date":"2016-06-21T10:33:30","date_gmt":"2016-06-21T08:33:30","guid":{"rendered":"http:\/\/www.brennerbasisdemokratie.eu\/?p=29715"},"modified":"2021-07-19T17:23:14","modified_gmt":"2021-07-19T15:23:14","slug":"direktdemokratische-inkohaerenz","status":"publish","type":"post","link":"https:\/\/www.brennerbasisdemokratie.eu\/?p=29715","title":{"rendered":"Direktdemokratische Inkoh\u00e4renz."},"content":{"rendered":"<p>Brigitte Foppa <em>(Gr\u00fcne)<\/em> schreibt auf <em>Facebook<\/em> in Bezug auf <a title=\"Quotation (285): Demokratie?\" href=\"http:\/\/www.brennerbasisdemokratie.eu\/?p=29663\">Franz Stafflers \u00c4u\u00dferungen<\/a> in der SWZ:<\/p>\n<blockquote><p>Demokratie hei\u00dft eigentlich auch, dass man mal in der Minderheit sein kann mit der eigenen Meinung. Da gibt es in unserem Land noch einiges zu lernen&#8230;<\/p>\n<p><small><em>\u2013 Brigitte Foppa<\/em><\/small><\/p><\/blockquote>\n<p>Ganz richtig!<\/p>\n<p>Parteikollegin Marialaura Lorenzini, frischgebackene Stadtr\u00e4tin in Bozen, sagt im <a title=\"Salto-Interview mit M. Lorenzini.\" href=\"http:\/\/www.salto.bz\/article\/20062016\/casapound-collaborare-con-loro-non-e-la-giusta\" target=\"_blank\" rel=\"noopener noreferrer\"><em>Salto<\/em>-Interview<\/a>, sie hoffe, das Verwaltungsgericht werde das Verfahren um das Kaufhaus in Bozen annullieren. Dann k\u00f6nne man drangehen, das Gebiet anderweitig aufzuwerten.<\/p>\n<p>Mag sein, dass die Kaufhaus-Befragung nicht astrein war, aber eine immerhin starke demokratische Willensbekundung aufgrund eines VG-Urteils kippen zu wollen, ist schon ein starkes St\u00fcck.<\/p>\n<p>Was w\u00fcrden die <em>Gr\u00fcnen<\/em> sagen, wenn jemand daran denken w\u00fcrde, <a title=\"Pestizidverbot: Danke vielMals.\" href=\"http:\/\/www.brennerbasisdemokratie.eu\/?p=29445\">das Ergebnis der Malser Volksbefragung zu missachten<\/a>? Dort hat ein Gericht schlie\u00dflich die Unzust\u00e4ndigkeit der Gemeinde festgestellt.<\/p>\n<p>Koh\u00e4renz scheint in der S\u00fcdtiroler Politik keine allzu weitverbreitete Tugend zu sein.<\/p>","protected":false},"excerpt":{"rendered":"<p>Brigitte Foppa (Gr\u00fcne) schreibt auf Facebook in Bezug auf Franz Stafflers \u00c4u\u00dferungen in der SWZ: Demokratie hei\u00dft eigentlich auch, dass man mal in der Minderheit sein kann mit der eigenen Meinung. Da gibt es in unserem Land noch einiges zu lernen&#8230; \u2013 Brigitte Foppa Ganz richtig! Parteikollegin Marialaura Lorenzini, frischgebackene Stadtr\u00e4tin in Bozen, sagt im [&hellip;]<\/p>","protected":false},"author":1,"featured_media":0,"comment_status":"open","ping_status":"open","sticky":false,"template":"","format":"standard","meta":{"_crdt_document":"","ngg_post_thumbnail":0,"_jetpack_memberships_contains_paid_content":false,"footnotes":""},"categories":[1],"tags":[],"class_list":["post-29715","post","type-post","status-publish","format-standard","hentry","category-allgemein","entity-verc","issue-zitac","location-sudtirolo","language-deutsch","medium-salto","medium-socialmedia","medium-swz","person-brigitte-foppa","topic-arch","topic-democrazia","topic-medien","topic-mitbestimmung","topic-politik"],"jetpack_featured_media_url":"","jetpack_sharing_enabled":true,"_links":{"self":[{"href":"https:\/\/www.brennerbasisdemokratie.eu\/index.php?rest_route=\/wp\/v2\/posts\/29715","targetHints":{"allow":["GET"]}}],"collection":[{"href":"https:\/\/www.brennerbasisdemokratie.eu\/index.php?rest_route=\/wp\/v2\/posts"}],"about":[{"href":"https:\/\/www.brennerbasisdemokratie.eu\/index.php?rest_route=\/wp\/v2\/types\/post"}],"author":[{"embeddable":true,"href":"https:\/\/www.brennerbasisdemokratie.eu\/index.php?rest_route=\/wp\/v2\/users\/1"}],"replies":[{"embeddable":true,"href":"https:\/\/www.brennerbasisdemokratie.eu\/index.php?rest_route=%2Fwp%2Fv2%2Fcomments&post=29715"}],"version-history":[{"count":9,"href":"https:\/\/www.brennerbasisdemokratie.eu\/index.php?rest_route=\/wp\/v2\/posts\/29715\/revisions"}],"predecessor-version":[{"id":67118,"href":"https:\/\/www.brennerbasisdemokratie.eu\/index.php?rest_route=\/wp\/v2\/posts\/29715\/revisions\/67118"}],"wp:attachment":[{"href":"https:\/\/www.brennerbasisdemokratie.eu\/index.php?rest_route=%2Fwp%2Fv2%2Fmedia&parent=29715"}],"wp:term":[{"taxonomy":"category","embeddable":true,"href":"https:\/\/www.brennerbasisdemokratie.eu\/index.php?rest_route=%2Fwp%2Fv2%2Fcategories&post=29715"},{"taxonomy":"post_tag","embeddable":true,"href":"https:\/\/www.brennerbasisdemokratie.eu\/index.php?rest_route=%2Fwp%2Fv2%2Ftags&post=29715"}],"curies":[{"name":"wp","href":"https:\/\/api.w.org\/{rel}","templated":true}]}}