{"id":29733,"date":"2016-06-22T12:54:26","date_gmt":"2016-06-22T10:54:26","guid":{"rendered":"http:\/\/www.brennerbasisdemokratie.eu\/?p=29733"},"modified":"2022-04-19T15:38:11","modified_gmt":"2022-04-19T13:38:11","slug":"konspiration-gegen-cdc-und-erc-in-katalonien","status":"publish","type":"post","link":"https:\/\/www.brennerbasisdemokratie.eu\/?p=29733","title":{"rendered":"Konspiration gegen CDC und ERC in Katalonien."},"content":{"rendered":"<p>Das Nachrichtenportal <a href=\"http:\/\/www.publico.es\"><em>P\u00fablico<\/em><\/a> hat Niederschriften mehrerer Gespr\u00e4che zwischen dem spanischen Innenminister Jorge Fern\u00e1ndez D\u00ed\u00adaz (<abbr title=\"Partido Popular\">PP<\/abbr>) und dem Chef der f\u00fcr Katalonien zust\u00e4ndigen Antikorruptionsbeh\u00f6rde, Daniel de Alfonso Laso, ver\u00f6ffentlicht. Es wurden auch Tonaufzeichnungen pr\u00e4sentiert.<\/p>\n<p>Demnach habe Fern\u00e1ndez D\u00ed\u00adaz im Jahr 2014, vor der <a title=\"9N: \u00bbTu participes, tu decideixes.\u00ab\" href=\"http:\/\/www.brennerbasisdemokratie.eu\/?p=21210\">Abstimmung vom 9. November<\/a>, mehrmals Druck auf Alfonso Laso ausge\u00fcbt, er solle gegen hohe Mitglieder der unabh\u00e4ngigkeitsbef\u00fcrwortenden katalanischen Parteien <abbr title=\"Esquerra Republicana de Catalunya\">ERC<\/abbr> und CDC, aber auch gegen deren Familienangeh\u00f6rige ermitteln, um kompromittierende Informationen \u00fcber sie herauszufinden.<\/p>\n<p>Der Minister und Alfonso Laso sollen verschiedene Wege ausgelotet haben, um ERC und CDC, aber zum Beispiel auch den Bruder des damaligen ERC-Chefs und jetzigen Wirtschaftsminister von Katalonien, Oriol Junqueras, in Misskredit zu bringen. In mindestens einer Gelegenheit hat Fern\u00e1ndez D\u00edaz laut <em>P\u00fablico<\/em> darauf hingewiesen, Ministerpr\u00e4sident Mariano Rajoy (PP) sei in die Pl\u00e4ne eingeweiht.<\/p>\n<p>Mehrmals wies Alfonso Laso darauf hin, belastenden Verdachtsmomenten nachgegangen zu sein, dass sich die jeweiligen Informationen jedoch als haltlos oder nicht ausreichend belastbar herausgestellt hatten. Fern\u00e1ndez D\u00edaz insistierte jedoch weiter.<\/p>\n<p>Im Fall von Francesc Homs (CDC) wies der Innenminister Alfonso Laso an, auch Informationen gegen zwei Schw\u00e4gerinnen zu sammeln, da eine eventuelle Anklage auch Homs selbst \u00bbpolitisch schaden w\u00fcrde\u00ab.<\/p>\n<p>Au\u00dfer den katalanischen Parteien forderten inzwischen auch Pablo Iglesias, Pedro S\u00e1nchez und Albert Rivera, die jeweiligen Parteichefs von <em>Podemos,<\/em> <abbr title=\"Partido Socialista Obrero Espa\u00f1ol\">PSOE<\/abbr> und <em>Ciudadanos,<\/em> den sofortigen R\u00fccktritt von Fern\u00e1ndez D\u00ed\u00adaz. Allerdings stehen schon am 26. Juni Neuwahlen zum spanischen Kongress an \u2014 und Fern\u00e1ndez D\u00ed\u00adaz kandidiert f\u00fcr den PP ausgerechnet in Barcelona.<\/p>\n<p><strong><span style=\"font-family: Helvetica, Arial, sans-serif; text-transform: uppercase;\">C\u00ebla enghe:<\/span><\/strong> <a title=\"Minister Fern\u00e1ndez D\u00edaz\u2019 Angstkampagne.\" href=\"http:\/\/www.brennerbasisdemokratie.eu\/?p=19719\"><code>01<\/code><\/a> <a title=\"Kommentar.\" href=\"http:\/\/www.brennerbasisdemokratie.eu\/?p=13280#comment-178339\"><code>02<\/code><\/a> <a title=\"Artur Mas angeklagt.\" href=\"http:\/\/www.brennerbasisdemokratie.eu\/?p=21719\"><code>03<\/code><\/a> <a title=\"Spanische Expressreform gegen Mas.\" href=\"http:\/\/www.brennerbasisdemokratie.eu\/?p=25465\"><code>04<\/code><\/a> <a title=\"The War on Errorism.\" href=\"http:\/\/www.brennerbasisdemokratie.eu\/?p=17173\"><code>05<\/code><\/a> <a title=\"Operaci\u00f3n Catalu\u00f1a.\" href=\"http:\/\/www.brennerbasisdemokratie.eu\/?p=30094\"><span style=\"color: #ff8c00\"><code>06<\/code><\/span><\/a> <a title=\"Unionistischer Jihadismus?\" href=\"https:\/\/www.brennerbasisdemokratie.eu\/?p=70322\" rel=\"\"><span style=\"color: #ff8c00\"><code>07<\/code><\/span><\/a> <a title=\"Spionage gegen katalanische Unabh\u00e4ngigkeitsbewegung aufgedeckt.\" href=\"https:\/\/www.brennerbasisdemokratie.eu\/?p=71808\" rel=\"\"><span style=\"color: #ff8c00\"><code>08<\/code><\/span><\/a><\/p>","protected":false},"excerpt":{"rendered":"<p>Das Nachrichtenportal P\u00fablico hat Niederschriften mehrerer Gespr\u00e4che zwischen dem spanischen Innenminister Jorge Fern\u00e1ndez D\u00ed\u00adaz (PP) und dem Chef der f\u00fcr Katalonien zust\u00e4ndigen Antikorruptionsbeh\u00f6rde, Daniel de Alfonso Laso, ver\u00f6ffentlicht. Es wurden auch Tonaufzeichnungen pr\u00e4sentiert. Demnach habe Fern\u00e1ndez D\u00ed\u00adaz im Jahr 2014, vor der Abstimmung vom 9. November, mehrmals Druck auf Alfonso Laso ausge\u00fcbt, er solle gegen [&hellip;]<\/p>","protected":false},"author":1,"featured_media":0,"comment_status":"open","ping_status":"open","sticky":false,"template":"","format":"standard","meta":{"_crdt_document":"","ngg_post_thumbnail":0,"_jetpack_memberships_contains_paid_content":false,"footnotes":""},"categories":[1],"tags":[],"class_list":["post-29733","post","type-post","status-publish","format-standard","hentry","category-allgemein","entity-cs","entity-erc","entity-podem-os","entity-pp","entity-psoe","location-catalunya","location-spania","language-deutsch","person-mariano-rajoy","person-oriol-junqueras","person-pedro-sanchez","topic-medien","topic-politik","topic-recht","topic-selbstbestimmung","topic-transparenz"],"jetpack_featured_media_url":"","jetpack_sharing_enabled":true,"_links":{"self":[{"href":"https:\/\/www.brennerbasisdemokratie.eu\/index.php?rest_route=\/wp\/v2\/posts\/29733","targetHints":{"allow":["GET"]}}],"collection":[{"href":"https:\/\/www.brennerbasisdemokratie.eu\/index.php?rest_route=\/wp\/v2\/posts"}],"about":[{"href":"https:\/\/www.brennerbasisdemokratie.eu\/index.php?rest_route=\/wp\/v2\/types\/post"}],"author":[{"embeddable":true,"href":"https:\/\/www.brennerbasisdemokratie.eu\/index.php?rest_route=\/wp\/v2\/users\/1"}],"replies":[{"embeddable":true,"href":"https:\/\/www.brennerbasisdemokratie.eu\/index.php?rest_route=%2Fwp%2Fv2%2Fcomments&post=29733"}],"version-history":[{"count":16,"href":"https:\/\/www.brennerbasisdemokratie.eu\/index.php?rest_route=\/wp\/v2\/posts\/29733\/revisions"}],"predecessor-version":[{"id":71818,"href":"https:\/\/www.brennerbasisdemokratie.eu\/index.php?rest_route=\/wp\/v2\/posts\/29733\/revisions\/71818"}],"wp:attachment":[{"href":"https:\/\/www.brennerbasisdemokratie.eu\/index.php?rest_route=%2Fwp%2Fv2%2Fmedia&parent=29733"}],"wp:term":[{"taxonomy":"category","embeddable":true,"href":"https:\/\/www.brennerbasisdemokratie.eu\/index.php?rest_route=%2Fwp%2Fv2%2Fcategories&post=29733"},{"taxonomy":"post_tag","embeddable":true,"href":"https:\/\/www.brennerbasisdemokratie.eu\/index.php?rest_route=%2Fwp%2Fv2%2Ftags&post=29733"}],"curies":[{"name":"wp","href":"https:\/\/api.w.org\/{rel}","templated":true}]}}