{"id":29820,"date":"2016-06-29T10:33:21","date_gmt":"2016-06-29T08:33:21","guid":{"rendered":"http:\/\/www.brennerbasisdemokratie.eu\/?p=29820"},"modified":"2021-06-01T17:30:44","modified_gmt":"2021-06-01T15:30:44","slug":"wird-die-sterzinger-geburtsstation-geschlossen","status":"publish","type":"post","link":"https:\/\/www.brennerbasisdemokratie.eu\/?p=29820","title":{"rendered":"Wird die Sterzinger Geburtsstation geschlossen?"},"content":{"rendered":"<p>Offenbar soll bis Ende Juli auch die Geburtsabteilung des Sterzinger Bezirkskrankenhauses geschlossen werden, so wie schon im M\u00e4rz \u2014 quasi \u00fcber Nacht \u2014 in Innichen <a title=\"Schlie\u00dfung Geburtshilfe Innichen.\" href=\"http:\/\/www.brennerbasisdemokratie.eu\/?p=22963\">die Lichter ausgegangen waren.<\/a><\/p>\n<p>Eine Modellstation, die auch \u00fcber die Grenzen unseres Landes hinaus immer wieder durch kundenorientierte Innovationen aufgefallen ist, w\u00fcrde dem Unwillen und Unverm\u00f6gen der Landesregierung, aber auch <a title=\"Geburtshilfe in S\u00fcdtirol und Graub\u00fcnden.\" href=\"http:\/\/www.brennerbasisdemokratie.eu\/?p=20433\">\u00fcberzogenen staatlichen Vorgaben<\/a> zum Opfer fallen.<\/p>\n<p>Je mehr die Infrastruktur in den entlegeneren Bezirken zerst\u00f6rt wird, desto mehr leidet die Attraktivit\u00e4t und Lebensqualit\u00e4t auf dem Lande. Damit wird \u2014 weit \u00fcber den unmittelbaren Verlust qualifizierter Arbeitspl\u00e4tze hinaus \u2014 die Abwanderung gef\u00f6rdert.<\/p>\n<p>Die dritte von einer Schlie\u00dfung bedrohte Geburtsabteilung, jene von Schlanders, darf vorerst weitermachen, weil der Fahrtweg bis Meran ein l\u00e4ngerer sei, als jener zwischen Sterzing und Brixen. Man kann sich jedoch des Eindrucks nicht erwehren, dass hier eine perfide Salamitaktik zur Anwendung kommt, um den geschlossenen Widerstand der Bev\u00f6lkerung zu brechen.<\/p>\n<p>Es w\u00e4re \u00fcbrigens interessant, in Erfahrung zu bringen, weshalb nun vonseiten der Landesregierung pl\u00f6tzlich darauf hingewiesen wird, dass ein hoher Anteil der in Sterzing stattfindenden Geburten nicht aus dem Bezirk Wipptal kommt. Wo es doch um Mindestfallzahlen gehen soll und um die Tatsache, dass \u00c4rztInnen\/Stationen mit weniger als 500 Geburten im Jahr aufgrund zu geringer Routine angeblich \u00bbgef\u00e4hrlich\u00ab sind! Welche Rolle soll da die Herkunft der Geb\u00e4renden spielen? Auch aus wirtschaftlicher Sicht kann es wohl kaum ein Nachteil sein, wenn schwangere Frauen sogar von au\u00dferlandes nach Sterzing kommen, um ihren Nachwuchs zur Welt zu bringen.<\/p>\n<p>Bei den letzten Gemeinderatswahlen musste die auf Landesebene regierende SVP in Sterzing und Innichen deutliche Verluste hinnehmen und den B\u00fcrgermeistersessel r\u00e4umen. Doch davon scheint sich die Landesregierung nicht beirren zu lassen.<\/p>\n<p><strong><span style=\"font-family: Helvetica, Arial, sans-serif; text-transform: uppercase;\">C\u00ebla enghe:<\/span><\/strong> <a title=\"Infrastrukturpolitik f\u00fcr alpine Regionen.\" href=\"http:\/\/www.brennerbasisdemokratie.eu\/?p=23718\"><code>01<\/code><\/a> <a title=\"Mayrs \u00bbAnzeige\u00ab.\" href=\"http:\/\/www.brennerbasisdemokratie.eu\/?p=21995\"><code>02<\/code><\/a> <a title=\"Gesundheitsreform und Kleinkrankenh\u00e4user.\" href=\"http:\/\/www.brennerbasisdemokratie.eu\/?p=6504\"><code>03<\/code><\/a> <a title=\"Kontraste \u2014 einfach zum Nachdenken.\" href=\"http:\/\/www.brennerbasisdemokratie.eu\/?p=21888\"><code>04<\/code><\/a> <a title=\"Krankenhausbetten: Zu viele?\" href=\"http:\/\/www.brennerbasisdemokratie.eu\/?p=18920\"><code>05<\/code><\/a> <a title=\"Betten.\" href=\"http:\/\/www.brennerbasisdemokratie.eu\/?p=13345\"><code>06<\/code><\/a> <a title=\"Misstrauenskundgebung in Sterzing.\" href=\"http:\/\/www.brennerbasisdemokratie.eu\/?p=30211\"><span style=\"color: #ff8c00\"><code>07<\/code><\/span><\/a><\/p>","protected":false},"excerpt":{"rendered":"<p>Offenbar soll bis Ende Juli auch die Geburtsabteilung des Sterzinger Bezirkskrankenhauses geschlossen werden, so wie schon im M\u00e4rz \u2014 quasi \u00fcber Nacht \u2014 in Innichen die Lichter ausgegangen waren. Eine Modellstation, die auch \u00fcber die Grenzen unseres Landes hinaus immer wieder durch kundenorientierte Innovationen aufgefallen ist, w\u00fcrde dem Unwillen und Unverm\u00f6gen der Landesregierung, aber auch [&hellip;]<\/p>","protected":false},"author":1,"featured_media":0,"comment_status":"open","ping_status":"open","sticky":false,"template":"","format":"standard","meta":{"_crdt_document":"","ngg_post_thumbnail":0,"_jetpack_memberships_contains_paid_content":false,"footnotes":""},"categories":[1],"tags":[],"class_list":["post-29820","post","type-post","status-publish","format-standard","hentry","category-allgemein","entity-svp","language-deutsch","topic-gesundheit","topic-servicepublic","topic-zentralismus"],"jetpack_featured_media_url":"","jetpack_sharing_enabled":true,"_links":{"self":[{"href":"https:\/\/www.brennerbasisdemokratie.eu\/index.php?rest_route=\/wp\/v2\/posts\/29820","targetHints":{"allow":["GET"]}}],"collection":[{"href":"https:\/\/www.brennerbasisdemokratie.eu\/index.php?rest_route=\/wp\/v2\/posts"}],"about":[{"href":"https:\/\/www.brennerbasisdemokratie.eu\/index.php?rest_route=\/wp\/v2\/types\/post"}],"author":[{"embeddable":true,"href":"https:\/\/www.brennerbasisdemokratie.eu\/index.php?rest_route=\/wp\/v2\/users\/1"}],"replies":[{"embeddable":true,"href":"https:\/\/www.brennerbasisdemokratie.eu\/index.php?rest_route=%2Fwp%2Fv2%2Fcomments&post=29820"}],"version-history":[{"count":13,"href":"https:\/\/www.brennerbasisdemokratie.eu\/index.php?rest_route=\/wp\/v2\/posts\/29820\/revisions"}],"predecessor-version":[{"id":65890,"href":"https:\/\/www.brennerbasisdemokratie.eu\/index.php?rest_route=\/wp\/v2\/posts\/29820\/revisions\/65890"}],"wp:attachment":[{"href":"https:\/\/www.brennerbasisdemokratie.eu\/index.php?rest_route=%2Fwp%2Fv2%2Fmedia&parent=29820"}],"wp:term":[{"taxonomy":"category","embeddable":true,"href":"https:\/\/www.brennerbasisdemokratie.eu\/index.php?rest_route=%2Fwp%2Fv2%2Fcategories&post=29820"},{"taxonomy":"post_tag","embeddable":true,"href":"https:\/\/www.brennerbasisdemokratie.eu\/index.php?rest_route=%2Fwp%2Fv2%2Ftags&post=29820"}],"curies":[{"name":"wp","href":"https:\/\/api.w.org\/{rel}","templated":true}]}}