{"id":29959,"date":"2016-07-04T12:28:21","date_gmt":"2016-07-04T10:28:21","guid":{"rendered":"http:\/\/www.brennerbasisdemokratie.eu\/?p=29959"},"modified":"2024-09-27T22:02:05","modified_gmt":"2024-09-27T20:02:05","slug":"pariteticita-e-discriminazione","status":"publish","type":"post","link":"https:\/\/www.brennerbasisdemokratie.eu\/?p=29959","title":{"rendered":"Pariteticit\u00e0\u00a0\u00e8 discriminazione."},"content":{"rendered":"<p>L\u2019assessore Christian Tommasini (<abbr title=\"Partito Democratico\">PD<\/abbr>) <a title=\"LPA: L\u2019assessore Tommasini\u2026\" href=\"http:\/\/www.provinz.bz.it\/news\/it\/news.asp?art=Press551337\" target=\"_blank\" rel=\"noopener\">ha inviato<\/a> un <a title=\"Documento Tommasini.\" href=\"http:\/\/www.brennerbasisdemokratie.eu\/wp-content\/uploads\/2016\/07\/tommasini_konvent_brief.pdf\">documento<\/a> alla <a title=\"S\u00fcdtirolkonvent.\" href=\"http:\/\/web.archive.org\/web\/20230109122359\/http:\/\/www.konvent.bz.it\/\" target=\"_blank\" rel=\"noopener noreferrer\"><em>Convenzione dei 33<\/em><\/a> (K33) sottoponendo all\u2019attenzione dei suoi membri le sue riflessioni ed alcune proposte. Tra queste spicca quella di passare dall\u2019attuale sistema proporzionale ad un principio di sempre maggiore pariteticit\u00e0.<\/p>\n<p>Come sappiamo, la cosiddetta \u00abproporzionale etnica\u00bb garantisce ai tre gruppi linguistici autoctoni il pari trattamento sulla base della loro \u00abreale\u00bb consistenza.<\/p>\n<p>Passare (anche solo in parte) ad un sistema paritetico invece significherebbe mantenere s\u00ec un sistema di quote, ma discriminando il gruppo pi\u00f9 consistente per favorirne un altro.<\/p>\n<p>Le realt\u00e0 pi\u00f9 avanzate in fatto di protezione e valorizzazione delle minoranze linguistiche hanno da tempo addottato il principio di \u00abdiscriminazione positiva\u00bb: per controbilanciare le discriminazioni implicite allo status di minoranza, specifici meccanismi provvedono a garantire specifici \u00abvantaggi\u00bb ai suoi componenti, a partire dalla sovrarappresentazione numerica.<\/p>\n<p><a title=\"Finnische Mehrsprachigkeitsstrategie.\" href=\"http:\/\/www.brennerbasisdemokratie.eu\/?p=29061\">\u00c8 il caso ad esempio della Finlandia,<\/a> dove lo svedese, parlato dal 5% della popolazione, viene sistematicamente promosso, a livello nazionale e a livello locale \u2014 anche a scapito della lingua finlandese. Mai e poi mai invece \u00e8 la lingua svedese a venire attivamente discriminata, nemmeno nelle aree in cui \u00e8 maggioritaria.<\/p>\n<p>La proposta di Tommasini e del PD va nella direzione opposta: senza garantire alcuna forma di maggiore rappresentanza della minoranza di lingua tesesca a livello statale, la si vorrebbe ora ridimensionare (in nome della pariteticit\u00e0, che di primo impatto suona bene) solamente nell&#8217;unico territorio in cui \u00e8 maggioritaria. Questa non \u00e8 \u00abdiscriminazione positiva\u00bb (anche nota come <em>affirmative action),<\/em> ma discriminazione e basta, che in quanto tale andrebbe denunciata a livello internazionale.<\/p>\n<p>Se il PD, come vuol far credere, fosse realmente interessato a rafforzare il pluralismo (e non solo all\u2019italianit\u00e0 e alla distribuzione di qualche poltrona in pi\u00f9), potrebbe cominciare introducendo il principio paritetico a livello statale. E in tutte quelle regioni in cui oggi le minoranze sono invisibili e stanno andando incontro alla totale assimilazione. Ma questo ovviamente non accadr\u00e0 mai.<\/p>\n<p><strong><span style=\"font-family: Helvetica, Arial, sans-serif; text-transform: uppercase;\">C\u00ebla enghe:<\/span><\/strong> <a title=\"Il PD del monolinguismo a senso unico.\" href=\"http:\/\/www.brennerbasisdemokratie.eu\/?p=14361\"><code>01<\/code><\/a> <a title=\"Carta delle lingue, critiche all\u2019Italia.\" href=\"http:\/\/www.brennerbasisdemokratie.eu\/?p=15630\"><code>02<\/code><\/a> <a title=\"Heimlicher Herrscher.\" href=\"http:\/\/www.brennerbasisdemokratie.eu\/?p=29407\"><code>03<\/code><\/a> <a title=\"Ricatti e confini.\" href=\"http:\/\/www.brennerbasisdemokratie.eu\/?p=29632\"><code>04<\/code><\/a> <a title=\"Language Rich Europe: Italia monolingue.\" href=\"http:\/\/www.brennerbasisdemokratie.eu\/?p=14274\"><code>05<\/code><\/a> <a title=\"Rifiuto del diverso, riflesso \u00abnazionale\u00bb.\" href=\"http:\/\/www.brennerbasisdemokratie.eu\/?p=8373\"><code>06<\/code><\/a> <a title=\"Stereotipi.\" href=\"http:\/\/www.brennerbasisdemokratie.eu\/?p=13663\"><code>07<\/code><\/a> <a title=\"Prejudices.\" href=\"http:\/\/www.brennerbasisdemokratie.eu\/?p=24943\"><code>08<\/code><\/a> <a title=\"Minderheitenfeindlichkeit in Europa.\" href=\"http:\/\/www.brennerbasisdemokratie.eu\/?p=24265\"><code>09<\/code><\/a> <a title=\"Minderheiten und Identit\u00e4t.\" href=\"http:\/\/www.brennerbasisdemokratie.eu\/?p=48613\"><code>10<\/code><\/a> <a title=\"Entscheidend ist, was hinten rauskommt.\" href=\"http:\/\/www.brennerbasisdemokratie.eu\/?p=29677\"><code>11<\/code><\/a> <span style=\"font-family: Helvetica, Arial, sans-serif; font-weight: normal;\">||<\/span> <a title=\"Senedd, D\u00e1il e Bundestag.\" href=\"http:\/\/www.brennerbasisdemokratie.eu\/?p=52807\"><span style=\"color: #ff8c00\"><code>01<\/code><\/span><\/a><\/p>","protected":false},"excerpt":{"rendered":"<p>L\u2019assessore Christian Tommasini (PD) ha inviato un documento alla Convenzione dei 33 (K33) sottoponendo all\u2019attenzione dei suoi membri le sue riflessioni ed alcune proposte. Tra queste spicca quella di passare dall\u2019attuale sistema proporzionale ad un principio di sempre maggiore pariteticit\u00e0. Come sappiamo, la cosiddetta \u00abproporzionale etnica\u00bb garantisce ai tre gruppi linguistici autoctoni il pari trattamento [&hellip;]<\/p>","protected":false},"author":1,"featured_media":0,"comment_status":"open","ping_status":"open","sticky":false,"template":"","format":"standard","meta":{"_crdt_document":"","ngg_post_thumbnail":0,"_jetpack_memberships_contains_paid_content":false,"footnotes":""},"categories":[1],"tags":[],"class_list":["post-29959","post","type-post","status-publish","format-standard","hentry","category-allgemein","entity-pd","issue-affirmative-action","issue-proporz","issue-suedtirolkonvent","location-suomi","location-sudtirolo","language-italiano","person-christian-tommasini","topic-discriminaziun","topic-minderheitenschutz","topic-plurilinguism","topic-politik","topic-recht"],"jetpack_featured_media_url":"","jetpack_sharing_enabled":true,"_links":{"self":[{"href":"https:\/\/www.brennerbasisdemokratie.eu\/index.php?rest_route=\/wp\/v2\/posts\/29959","targetHints":{"allow":["GET"]}}],"collection":[{"href":"https:\/\/www.brennerbasisdemokratie.eu\/index.php?rest_route=\/wp\/v2\/posts"}],"about":[{"href":"https:\/\/www.brennerbasisdemokratie.eu\/index.php?rest_route=\/wp\/v2\/types\/post"}],"author":[{"embeddable":true,"href":"https:\/\/www.brennerbasisdemokratie.eu\/index.php?rest_route=\/wp\/v2\/users\/1"}],"replies":[{"embeddable":true,"href":"https:\/\/www.brennerbasisdemokratie.eu\/index.php?rest_route=%2Fwp%2Fv2%2Fcomments&post=29959"}],"version-history":[{"count":32,"href":"https:\/\/www.brennerbasisdemokratie.eu\/index.php?rest_route=\/wp\/v2\/posts\/29959\/revisions"}],"predecessor-version":[{"id":88323,"href":"https:\/\/www.brennerbasisdemokratie.eu\/index.php?rest_route=\/wp\/v2\/posts\/29959\/revisions\/88323"}],"wp:attachment":[{"href":"https:\/\/www.brennerbasisdemokratie.eu\/index.php?rest_route=%2Fwp%2Fv2%2Fmedia&parent=29959"}],"wp:term":[{"taxonomy":"category","embeddable":true,"href":"https:\/\/www.brennerbasisdemokratie.eu\/index.php?rest_route=%2Fwp%2Fv2%2Fcategories&post=29959"},{"taxonomy":"post_tag","embeddable":true,"href":"https:\/\/www.brennerbasisdemokratie.eu\/index.php?rest_route=%2Fwp%2Fv2%2Ftags&post=29959"}],"curies":[{"name":"wp","href":"https:\/\/api.w.org\/{rel}","templated":true}]}}