{"id":30079,"date":"2016-07-07T21:51:57","date_gmt":"2016-07-07T19:51:57","guid":{"rendered":"http:\/\/www.brennerbasisdemokratie.eu\/?p=30079"},"modified":"2022-11-20T09:00:13","modified_gmt":"2022-11-20T08:00:13","slug":"fact-check-percentuale-di-laureati-piu-bassa-deuropa","status":"publish","type":"post","link":"https:\/\/www.brennerbasisdemokratie.eu\/?p=30079","title":{"rendered":"Percentuale di laureati pi\u00f9 bassa d&#8217;Europa?"},"content":{"rendered":"<blockquote><p>[P]ensare di fare ricerca scientifica in un territorio di 500 mila abitanti che ha la pi\u00f9 bassa percentuale di laureati d&#8217;Italia e d&#8217;Europa \u00e8 impensabile.<\/p><\/blockquote>\n<p><em>Roberto Bizzo (<abbr title=\"Partito Democratico\">PD<\/abbr>), Convenzione dei 33, quinta seduta del 2 luglio 2016.<\/em><\/p>\n<p>I fatti: Secondo i dati pi\u00f9 recenti pubblicati da <em>Eurostat<\/em>, relativi alla popolazione fra i 30 e i 34 anni e riferiti all\u2019anno 2015, il Sudtirolo ha un tasso di laureati sensibilmente inferiore agli altri due territori componenti la nostra <em>Euregio,<\/em> ma: eguale alla <strong><em>media<\/em><\/strong> italiana. E quindi non certo la percentuale pi\u00f9 bassa d\u2019Italia.<\/p>\n<p>Senza voler negare che rimane molto da fare per aumentare la quota, va comunque ricordato che<\/p>\n<ul>\n<li>sia il Trentino che il Tirolo settentrionale hanno una tradizione accademica che il Sudtirolo ha iniziato a costruire solo pochi anni fa;<\/li>\n<li>solamente il Sudtirolo, in Italia, dispone di un sistema di formazione duale da parecchi anni, che tradizionalmente tende a far diminuire (o a mantenere pi\u00f9 bassa) la percentuale di laurati.<\/li>\n<\/ul>\n<blockquote><p><img loading=\"lazy\" decoding=\"async\" class=\"alignnone size-full wp-image-30088\" src=\"http:\/\/www.brennerbasisdemokratie.eu\/wp-content\/uploads\/2016\/07\/akademikerquote2015.jpg\" alt=\"Akademikerquote 2015.\" width=\"805\" height=\"343\" \/><\/p><\/blockquote>\n<p><strong><span style=\"font-family: Helvetica, Arial, sans-serif; text-transform: uppercase;\">C\u00ebla enghe:<\/span><\/strong> <a title=\"K33: Die Rolle der Region.\" href=\"http:\/\/www.brennerbasisdemokratie.eu\/?p=29892\"><code>01<\/code><\/a> <a title=\"Ricatti e confini.\" href=\"http:\/\/www.brennerbasisdemokratie.eu\/?p=29632\"><code>02<\/code><\/a>\u00a0<span style=\"font-family: Helvetica, Arial, sans-serif; font-weight: normal;\">||<\/span> <a title=\"Il dato sui laureati.\" href=\"http:\/\/www.brennerbasisdemokratie.eu\/?p=50999\"><span style=\"color: #ff8c00\"><code>01<\/code><\/span><\/a><\/p>","protected":false},"excerpt":{"rendered":"<p>[P]ensare di fare ricerca scientifica in un territorio di 500 mila abitanti che ha la pi\u00f9 bassa percentuale di laureati d&#8217;Italia e d&#8217;Europa \u00e8 impensabile. Roberto Bizzo (PD), Convenzione dei 33, quinta seduta del 2 luglio 2016. I fatti: Secondo i dati pi\u00f9 recenti pubblicati da Eurostat, relativi alla popolazione fra i 30 e i [&hellip;]<\/p>","protected":false},"author":1,"featured_media":0,"comment_status":"open","ping_status":"open","sticky":false,"template":"","format":"standard","meta":{"_crdt_document":"","ngg_post_thumbnail":0,"_jetpack_memberships_contains_paid_content":false,"footnotes":""},"categories":[1],"tags":[],"class_list":["post-30079","post","type-post","status-publish","format-standard","hentry","category-allgemein","entity-euregio","entity-eurostat","entity-pd","issue-suedtirolkonvent","issue-zitac","location-bayern","location-friaul","location-koroska","location-nord-osttirol","location-schleswig-holstein","location-sicilia","location-sudtirolo","location-svizra","location-ticino","location-trentino","location-venetien","language-italiano","person-roberto-bizzo","topic-bildung","topic-comparatio","topic-faktencheck","topic-statistik"],"jetpack_featured_media_url":"","jetpack_sharing_enabled":true,"_links":{"self":[{"href":"https:\/\/www.brennerbasisdemokratie.eu\/index.php?rest_route=\/wp\/v2\/posts\/30079","targetHints":{"allow":["GET"]}}],"collection":[{"href":"https:\/\/www.brennerbasisdemokratie.eu\/index.php?rest_route=\/wp\/v2\/posts"}],"about":[{"href":"https:\/\/www.brennerbasisdemokratie.eu\/index.php?rest_route=\/wp\/v2\/types\/post"}],"author":[{"embeddable":true,"href":"https:\/\/www.brennerbasisdemokratie.eu\/index.php?rest_route=\/wp\/v2\/users\/1"}],"replies":[{"embeddable":true,"href":"https:\/\/www.brennerbasisdemokratie.eu\/index.php?rest_route=%2Fwp%2Fv2%2Fcomments&post=30079"}],"version-history":[{"count":18,"href":"https:\/\/www.brennerbasisdemokratie.eu\/index.php?rest_route=\/wp\/v2\/posts\/30079\/revisions"}],"predecessor-version":[{"id":74864,"href":"https:\/\/www.brennerbasisdemokratie.eu\/index.php?rest_route=\/wp\/v2\/posts\/30079\/revisions\/74864"}],"wp:attachment":[{"href":"https:\/\/www.brennerbasisdemokratie.eu\/index.php?rest_route=%2Fwp%2Fv2%2Fmedia&parent=30079"}],"wp:term":[{"taxonomy":"category","embeddable":true,"href":"https:\/\/www.brennerbasisdemokratie.eu\/index.php?rest_route=%2Fwp%2Fv2%2Fcategories&post=30079"},{"taxonomy":"post_tag","embeddable":true,"href":"https:\/\/www.brennerbasisdemokratie.eu\/index.php?rest_route=%2Fwp%2Fv2%2Ftags&post=30079"}],"curies":[{"name":"wp","href":"https:\/\/api.w.org\/{rel}","templated":true}]}}