{"id":30217,"date":"2016-07-12T09:56:04","date_gmt":"2016-07-12T07:56:04","guid":{"rendered":"http:\/\/www.brennerbasisdemokratie.eu\/?p=30217"},"modified":"2019-11-10T10:39:46","modified_gmt":"2019-11-10T09:39:46","slug":"abgasskandal-aktueller-stand","status":"publish","type":"post","link":"https:\/\/www.brennerbasisdemokratie.eu\/?p=30217","title":{"rendered":"Abgasskandal \u2014 Aktueller Stand."},"content":{"rendered":"<p><img class=\"bbdlogo\" src=\"https:\/\/www.brennerbasisdemokratie.eu\/wp-content\/uploads\/bbdsmileys\/bbde.png\"> hat bereits <a title=\"Abgasschwindel.\" href=\"http:\/\/www.brennerbasisdemokratie.eu\/?p=25325\">fr\u00fchzeitig<\/a> \u00fcber den Abgasskandal berichtet, langsam, zu langsam, lichtet sich der Nebel um manipulierte Grenzwerte, ohne dass jedoch konsequent die richtigen Schl\u00fcsse daraus gezogen werden. VW steht am Pranger, ist jedoch beileibe nicht das einzige Unternehmen, das Auff\u00e4lligkeiten aufweist, vielmehr scheint es ein fl\u00e4chendeckendes Ph\u00e4nomen zu sein. <em>Fiat<\/em> zum Beispiel macht es sich laut Deutscher Umwelthilfe besonders leicht und schaltet beim Fiat 500X <a href=\"http:\/\/www.duh.de\/pressemitteilung.html?&amp;tx_ttnews%5Btt_news%5D=3823\">nach 22 Minuten die Abgasreinigung komplett ab<\/a>; der Pr\u00fcfzyklus dauert etwa 20 Minuten. Zu hohe Emissionen weisen aber fast alle Dieselmodelle auf.<\/p>\n<p>Die ZDF-Sendung <a href=\"http:\/\/www.zdf.de\/frontal-21\/dreckschleuder-diesel-pkw-schmutziger-als-lastwagen-42978936.html\">Frontal 21<\/a> deckte auf, dass Diesel-Pkw h\u00e4ufig schmutziger als Lkw sind, im konkreten Fall wurde ein Mercedes-Pkw (C220 Bluetec) mit einem Mercedes-Lkw (Actros) verglichen, wobei der Pkw im Realbetrieb 640 mg Stickoxid ausstie\u00df, w\u00e4hrenddessen der Lkw auf 250 mg kam.<\/p>\n<blockquote>\n<p class=\"p--heading-3\">H\u00f6here Stickoxid-Werte auf der Stra\u00dfe<\/p>\n<p>Heute sind Lkw dank neuer Gesetze sauber &#8211; viel sauberer als Diesel-Pkw. Das zeigen europ\u00e4ische Studien, die Frontal21 vorliegen. Demnach ist beispielsweise der Mercedes-Benz Actros 1848 , ein 18-Tonner der Schadstoffklasse Euro 6, auf der Stra\u00dfe viel sauberer als ein Mercedes C 220 CDI \u2013 ebenfalls Euro 6<\/p>\n<p>Moderne Lastwagen unterschreiten die gesetzlichen Grenzwerte auf der Stra\u00dfe, moderne Diesel-Pkw hingegen \u00fcberschreiten die Grenzwerte auf der Stra\u00dfe um ein Vielfaches. Dabei nutzen viele moderne Dieselautos die gleiche Abgasreinigungstechnik wie Lkw: den sogenannten SCR-Kat mit Harnstoff-Eind\u00fcsung.Frontal21 macht den Test mit einem Opel Insignia Turbodiesel, Euro 6. Der hat einen SCR-Kat mit Harnstoff-Eind\u00fcsung \u2013 beste Voraussetzung also bei den Stickoxiden im Stra\u00dfenbetrieb den Grenzwert einzuhalten. Beim ADAC-Ecotest allerdings hat der Opel Insignia den Stickoxid-Grenzwert um das Dreifache \u00fcberschritten. Das Ergebnis der Frontal21-Stichprobe: Nach 3.800 Kilometern Fahrt hat der Opel 1,35 Liter Harnstoff, sogenanntes AdBlue, verbraucht. Das ergibt, bezogen auf den Kraftstoffverbrauch, einen AdBlue-Verbrauch von nur 0,57 Prozent. Viel weniger als moderne Lkw brauchen, um sauber zu sein: bis zu sieben Prozent.<\/p><\/blockquote>\n\n<blockquote><p><img loading=\"lazy\" decoding=\"async\" class=\"size-full wp-image-30219\" src=\"http:\/\/www.brennerbasisdemokratie.eu\/wp-content\/uploads\/2016\/07\/vergleich-lkw-pkw.jpg\" alt=\"Quelle: ZDF\" width=\"640\" height=\"360\"\/><\/p><\/blockquote>\n<p><em><small>\u00dcbernommen von: ZDF.<\/small><\/em><\/p>\n<p>Dieses Verhalten hat nat\u00fcrlich auch Auswirkungen auf S\u00fcdtirol, konkret auf die Transitpolitik. Das <em>Amt f\u00fcr Luft und L\u00e4rm<\/em> w\u00e4re gut beraten, diese Erkenntnisse in eine Simulation einflie\u00dfen zu lassen; vielleicht m\u00fcsste dann viel mehr \u00fcber eine Geschwindigkeitsreduktion bei den Pkw nachgedacht werden, sollten diese die Hauptverursacher der zu hohen Stickoxidemissionen entlang der Autobahn sein und nicht das Lieblingsfeindbild Lkw.<\/p>\n<p>Inzwischen \u00fcberlegen einige <a href=\"http:\/\/www.zeit.de\/mobilitaet\/2016-07\/deutsche-grossstaedte-diesel-autos-stickoxide-fahrverbot-blaue-umweltplakette\">deutsche St\u00e4dte<\/a>, welche zu hohe Stickoxidbelastungen aufweisen, eine blaue Umweltplakette einzuf\u00fchren; damit d\u00fcrften Diesel-Pkw nicht mehr in die Innenst\u00e4dte fahren. Zum jetzigen Zeitpunkt sollte sich jeder genau \u00fcberlegen, ob er sich noch ein Dieselfahrzeug anschafft; zu hoch sind die Risiken, damit in Zukunft nur mehr eingeschr\u00e4nkt fahren zu d\u00fcrfen.<\/p>","protected":false},"excerpt":{"rendered":"<p>hat bereits fr\u00fchzeitig \u00fcber den Abgasskandal berichtet, langsam, zu langsam, lichtet sich der Nebel um manipulierte Grenzwerte, ohne dass jedoch konsequent die richtigen Schl\u00fcsse daraus gezogen werden. VW steht am Pranger, ist jedoch beileibe nicht das einzige Unternehmen, das Auff\u00e4lligkeiten aufweist, vielmehr scheint es ein fl\u00e4chendeckendes Ph\u00e4nomen zu sein. Fiat zum Beispiel macht es sich [&hellip;]<\/p>","protected":false},"author":11,"featured_media":0,"comment_status":"open","ping_status":"open","sticky":false,"template":"","format":"standard","meta":{"_crdt_document":"","ngg_post_thumbnail":0,"_jetpack_memberships_contains_paid_content":false,"footnotes":""},"categories":[1],"tags":[],"class_list":["post-30217","post","type-post","status-publish","format-standard","hentry","category-allgemein","language-deutsch","medium-zdf","topic-ecologia","topic-medien","topic-mobilitaet","topic-politik","topic-recht"],"jetpack_featured_media_url":"","jetpack_sharing_enabled":true,"_links":{"self":[{"href":"https:\/\/www.brennerbasisdemokratie.eu\/index.php?rest_route=\/wp\/v2\/posts\/30217","targetHints":{"allow":["GET"]}}],"collection":[{"href":"https:\/\/www.brennerbasisdemokratie.eu\/index.php?rest_route=\/wp\/v2\/posts"}],"about":[{"href":"https:\/\/www.brennerbasisdemokratie.eu\/index.php?rest_route=\/wp\/v2\/types\/post"}],"author":[{"embeddable":true,"href":"https:\/\/www.brennerbasisdemokratie.eu\/index.php?rest_route=\/wp\/v2\/users\/11"}],"replies":[{"embeddable":true,"href":"https:\/\/www.brennerbasisdemokratie.eu\/index.php?rest_route=%2Fwp%2Fv2%2Fcomments&post=30217"}],"version-history":[{"count":8,"href":"https:\/\/www.brennerbasisdemokratie.eu\/index.php?rest_route=\/wp\/v2\/posts\/30217\/revisions"}],"predecessor-version":[{"id":52859,"href":"https:\/\/www.brennerbasisdemokratie.eu\/index.php?rest_route=\/wp\/v2\/posts\/30217\/revisions\/52859"}],"wp:attachment":[{"href":"https:\/\/www.brennerbasisdemokratie.eu\/index.php?rest_route=%2Fwp%2Fv2%2Fmedia&parent=30217"}],"wp:term":[{"taxonomy":"category","embeddable":true,"href":"https:\/\/www.brennerbasisdemokratie.eu\/index.php?rest_route=%2Fwp%2Fv2%2Fcategories&post=30217"},{"taxonomy":"post_tag","embeddable":true,"href":"https:\/\/www.brennerbasisdemokratie.eu\/index.php?rest_route=%2Fwp%2Fv2%2Ftags&post=30217"}],"curies":[{"name":"wp","href":"https:\/\/api.w.org\/{rel}","templated":true}]}}