{"id":30431,"date":"2016-07-23T20:13:14","date_gmt":"2016-07-23T18:13:14","guid":{"rendered":"http:\/\/www.brennerbasisdemokratie.eu\/?p=30431"},"modified":"2026-02-15T11:11:23","modified_gmt":"2026-02-15T10:11:23","slug":"weg-mit-den-hymnen","status":"publish","type":"post","link":"https:\/\/www.brennerbasisdemokratie.eu\/?p=30431","title":{"rendered":"Weg mit den Hymnen!"},"content":{"rendered":"<blockquote><p>Der Einmarsch der Nationen, Nationalhymnen bei Siegerehrungen und andere National-Insignien haben bei einem Fest, das Personen und nicht L\u00e4nder zusammenf\u00fchrt, nichts verloren.<\/p><\/blockquote>\n<p><em>Univ.-Prof. Dr. Volker Sch\u00fcrmann von der Deutschen Sporthochschule K\u00f6ln erkl\u00e4rt <a href=\"http:\/\/www.faz.net\/aktuell\/sport\/olympia\/sportpolitik\/bei-olympia-haben-hymnen-und-insignien-nichts-zu-suchen-14342499.html\">in der FAZ<\/a>, warum er nicht sehr viel von der nationalistischen Inszenierung der Olympischen Spiele h\u00e4lt.<\/em><\/p>\n<p><strong><span style=\"font-family: Helvetica, Arial, sans-serif; text-transform: uppercase;\">C\u00ebla enghe:<\/span><\/strong> <a title=\"Zweifaches Kontrastprogramm.\" href=\"http:\/\/www.brennerbasisdemokratie.eu\/?p=12329\"><code>01<\/code><\/a> <a title=\"Kollektiv gewinnen, individuell versagen.\" href=\"http:\/\/www.brennerbasisdemokratie.eu\/?p=18390\"><code>02<\/code><\/a> <a title=\"Olympia abseits der Nationen.\" href=\"http:\/\/www.brennerbasisdemokratie.eu\/?p=12382\"><code>03<\/code><\/a> <a title=\"Olympia 21.\" href=\"http:\/\/www.brennerbasisdemokratie.eu\/?p=11\"><code>04<\/code><\/a> <a title=\"Call for team.\" href=\"http:\/\/www.brennerbasisdemokratie.eu\/?p=587\"><code>05<\/code><\/a> <span style=\"font-family: Helvetica, Arial, sans-serif; font-weight: normal;\">||<\/span> <a title=\"Sport ist nicht unpolitisch.\" href=\"https:\/\/www.brennerbasisdemokratie.eu\/?p=98142\"><span style=\"color: #ff8c00\"><code>01<\/code><\/span><\/a> <a title=\"Italienische Hymne in Tracht.\" href=\"http:\/\/www.brennerbasisdemokratie.eu\/?p=47943\"><span style=\"color: #ff8c00\"><code>02<\/code><\/span><\/a> <a title=\"Tina, Milo &amp; the Flag.\" href=\"https:\/\/www.brennerbasisdemokratie.eu\/?p=83787\" rel=\"\"><span style=\"color: #ff8c00\"><code>03<\/code><\/span><\/a><\/p>","protected":false},"excerpt":{"rendered":"<p>Der Einmarsch der Nationen, Nationalhymnen bei Siegerehrungen und andere National-Insignien haben bei einem Fest, das Personen und nicht L\u00e4nder zusammenf\u00fchrt, nichts verloren. Univ.-Prof. Dr. Volker Sch\u00fcrmann von der Deutschen Sporthochschule K\u00f6ln erkl\u00e4rt in der FAZ, warum er nicht sehr viel von der nationalistischen Inszenierung der Olympischen Spiele h\u00e4lt. C\u00ebla enghe: 01 02 03 04 05 [&hellip;]<\/p>","protected":false},"author":8,"featured_media":0,"comment_status":"open","ping_status":"open","sticky":false,"template":"","format":"standard","meta":{"_crdt_document":"","ngg_post_thumbnail":0,"_jetpack_memberships_contains_paid_content":false,"footnotes":""},"categories":[1],"tags":[],"class_list":["post-30431","post","type-post","status-publish","format-standard","hentry","category-allgemein","issue-banalnationalism","issue-quotation","language-deutsch","medium-faz","topic-nationalismus","topic-sport","topic-symbolik"],"jetpack_featured_media_url":"","jetpack_sharing_enabled":true,"_links":{"self":[{"href":"https:\/\/www.brennerbasisdemokratie.eu\/index.php?rest_route=\/wp\/v2\/posts\/30431","targetHints":{"allow":["GET"]}}],"collection":[{"href":"https:\/\/www.brennerbasisdemokratie.eu\/index.php?rest_route=\/wp\/v2\/posts"}],"about":[{"href":"https:\/\/www.brennerbasisdemokratie.eu\/index.php?rest_route=\/wp\/v2\/types\/post"}],"author":[{"embeddable":true,"href":"https:\/\/www.brennerbasisdemokratie.eu\/index.php?rest_route=\/wp\/v2\/users\/8"}],"replies":[{"embeddable":true,"href":"https:\/\/www.brennerbasisdemokratie.eu\/index.php?rest_route=%2Fwp%2Fv2%2Fcomments&post=30431"}],"version-history":[{"count":17,"href":"https:\/\/www.brennerbasisdemokratie.eu\/index.php?rest_route=\/wp\/v2\/posts\/30431\/revisions"}],"predecessor-version":[{"id":98146,"href":"https:\/\/www.brennerbasisdemokratie.eu\/index.php?rest_route=\/wp\/v2\/posts\/30431\/revisions\/98146"}],"wp:attachment":[{"href":"https:\/\/www.brennerbasisdemokratie.eu\/index.php?rest_route=%2Fwp%2Fv2%2Fmedia&parent=30431"}],"wp:term":[{"taxonomy":"category","embeddable":true,"href":"https:\/\/www.brennerbasisdemokratie.eu\/index.php?rest_route=%2Fwp%2Fv2%2Fcategories&post=30431"},{"taxonomy":"post_tag","embeddable":true,"href":"https:\/\/www.brennerbasisdemokratie.eu\/index.php?rest_route=%2Fwp%2Fv2%2Ftags&post=30431"}],"curies":[{"name":"wp","href":"https:\/\/api.w.org\/{rel}","templated":true}]}}