{"id":30518,"date":"2016-07-29T12:54:57","date_gmt":"2016-07-29T10:54:57","guid":{"rendered":"http:\/\/www.brennerbasisdemokratie.eu\/?p=30518"},"modified":"2019-01-19T19:57:47","modified_gmt":"2019-01-19T18:57:47","slug":"bereit-fuer-ein-friedensdenkmal","status":"publish","type":"post","link":"https:\/\/www.brennerbasisdemokratie.eu\/?p=30518","title":{"rendered":"Bereit f\u00fcr ein Friedensdenkmal?"},"content":{"rendered":"<p>Anl\u00e4sslich der Vorstellung eines Ausstellungskatalogs f\u00fcr das im Keller des Bozner Siegesdenkmals befindliche <a title=\"Dokuzentrum: Ein guter Anfang.\" href=\"http:\/\/www.brennerbasisdemokratie.eu\/?p=19949\">Dokumentationszentrum<\/a> hat sich der neue B\u00fcrgermeister der Landeshauptstadt, Renzo Caramaschi (parteilos), erdreistet, die Umbenennung des faschistischen Monuments ins Spiel zu bringen: Friedensdenkmal statt Siegesdenkmal, sp\u00e4ter vielleicht auch die Umbenennung des Siegesplatzes in Friedensplatz \u2014 die Zeiten h\u00e4tten sich ge\u00e4ndert, seit die Stimmb\u00fcrgerinnen im Jahr 2002 die bereits erfolgte Namens\u00e4nderung r\u00fcckg\u00e4ngig machten.<\/p>\n<p>Caramaschi stellte unverz\u00fcglich klar, dass sein Vorschlag nicht Teil des Koalitionsabkommens, sondern vielmehr eine pers\u00f6nliche Meinung sei.<\/p>\n<p>Ob Bozen aber tats\u00e4chlich endlich so weit ist, dem \u00bbFrieden\u00ab zuzustimmen, ist weiterhin zweifelhaft. Post-, Neo- und Immernoch-Faschisten signalisierten unverz\u00fcglich ihre Ablehnung, wie etwa der angeblich gel\u00e4uterte Giorgio Holzmann. Und wurden medial ernstgenommen.<\/p>\n<p>Das Tagblatt <em>A. Adige<\/em> l\u00e4sst heute den italienischen Kunstkritiker Vittorio Sgarbi zu Wort kommen, der <a title=\"Un\u00fcberbietbare Ausf\u00e4lligkeit.\" href=\"http:\/\/www.brennerbasisdemokratie.eu\/?p=7272\">noch vor f\u00fcnf Jahren die italienischsprachigen S\u00fcdtirolerinnen mit den J\u00fcdinnen im Dritten Reich und den damaligen Landeshauptmann Luis Durnwalder (SVP) mit Adolf Hitler verglichen hatte.<\/a> Nat\u00fcrlich erteilte er nun auch dem Ansinnen, dem Denkmal einen neuen Namen zu geben, eine Abfuhr.<\/p>\n<p>W\u00e4hrend der letzten Jahre wurden unter anderem das Bozner Realgymnasium, <a title=\"Weihnachten ohne Wenter.\" href=\"http:\/\/www.brennerbasisdemokratie.eu\/?p=26474\">eine Meraner Schule<\/a> und <a title=\"Josef Eduard Ploner ade.\" href=\"http:\/\/www.brennerbasisdemokratie.eu\/?p=16959\">eine Stra\u00dfe in Sterzing<\/a> umbenannt. Gleichzeitig lie\u00df die Gemeinde Bozen einen <a title=\"Nuovo monumento \u00abfascista\u00bb.\" href=\"http:\/\/www.brennerbasisdemokratie.eu\/?p=17536\">neuen \u00bbfaschistischen\u00ab Kultort<\/a> errichten.<\/p>\n<p><strong><span style=\"font-family: Helvetica, Arial, sans-serif; text-transform: uppercase;\">C\u00ebla enghe:<\/span><\/strong> <a title=\"Tag der Aufarbeitung.\" href=\"http:\/\/www.brennerbasisdemokratie.eu\/?p=19936\"><code>01<\/code><\/a> <a title=\"Coprire i monumenti fascisti.\" href=\"http:\/\/www.brennerbasisdemokratie.eu\/?p=30326\"><code>02<\/code><\/a> <a title=\"Spagnolli, i tempi sono stramaturi!\" href=\"http:\/\/www.brennerbasisdemokratie.eu\/?p=16893\"><code>03<\/code><\/a> <a title=\"Stra\u00dfennamen \u2014 ein Brief an Spagnolli.\" href=\"http:\/\/www.brennerbasisdemokratie.eu\/?p=5820\"><code>04<\/code><\/a> <a title=\"Far saltare in aria il \u00abValle de los Ca\u00e0\u00addos\u00bb?\" href=\"http:\/\/www.brennerbasisdemokratie.eu\/?p=30331\"><code>05<\/code><\/a> <a title=\"Historisierung anders.\" href=\"http:\/\/www.brennerbasisdemokratie.eu\/?p=23297\"><code>06<\/code><\/a> <a title=\"Wenter, il doppiopesismo di Faustini.\" href=\"http:\/\/www.brennerbasisdemokratie.eu\/?p=22040\"><code>07<\/code><\/a> <a title=\"Le \u00abbelle\u00bb disquisizioni su Cadorna.\" href=\"http:\/\/www.brennerbasisdemokratie.eu\/?p=25836\"><code>08<\/code><\/a><\/p>","protected":false},"excerpt":{"rendered":"<p>Anl\u00e4sslich der Vorstellung eines Ausstellungskatalogs f\u00fcr das im Keller des Bozner Siegesdenkmals befindliche Dokumentationszentrum hat sich der neue B\u00fcrgermeister der Landeshauptstadt, Renzo Caramaschi (parteilos), erdreistet, die Umbenennung des faschistischen Monuments ins Spiel zu bringen: Friedensdenkmal statt Siegesdenkmal, sp\u00e4ter vielleicht auch die Umbenennung des Siegesplatzes in Friedensplatz \u2014 die Zeiten h\u00e4tten sich ge\u00e4ndert, seit die Stimmb\u00fcrgerinnen [&hellip;]<\/p>","protected":false},"author":1,"featured_media":0,"comment_status":"open","ping_status":"open","sticky":false,"template":"","format":"standard","meta":{"_crdt_document":"","ngg_post_thumbnail":0,"_jetpack_memberships_contains_paid_content":false,"footnotes":""},"categories":[],"tags":[],"class_list":["post-30518","post","type-post","status-publish","format-standard","hentry","entity-pd","entity-pdl","entity-svp","language-deutsch","medium-aa","person-giorgio-holzmann","person-luis-durnwalder","person-renzo-caramaschi","topic-arch","topic-faschismen","topic-geschichte","topic-kohasion","topic-medien","topic-ortsnamen","topic-politik"],"jetpack_featured_media_url":"","jetpack_sharing_enabled":true,"_links":{"self":[{"href":"https:\/\/www.brennerbasisdemokratie.eu\/index.php?rest_route=\/wp\/v2\/posts\/30518","targetHints":{"allow":["GET"]}}],"collection":[{"href":"https:\/\/www.brennerbasisdemokratie.eu\/index.php?rest_route=\/wp\/v2\/posts"}],"about":[{"href":"https:\/\/www.brennerbasisdemokratie.eu\/index.php?rest_route=\/wp\/v2\/types\/post"}],"author":[{"embeddable":true,"href":"https:\/\/www.brennerbasisdemokratie.eu\/index.php?rest_route=\/wp\/v2\/users\/1"}],"replies":[{"embeddable":true,"href":"https:\/\/www.brennerbasisdemokratie.eu\/index.php?rest_route=%2Fwp%2Fv2%2Fcomments&post=30518"}],"version-history":[{"count":12,"href":"https:\/\/www.brennerbasisdemokratie.eu\/index.php?rest_route=\/wp\/v2\/posts\/30518\/revisions"}],"predecessor-version":[{"id":44983,"href":"https:\/\/www.brennerbasisdemokratie.eu\/index.php?rest_route=\/wp\/v2\/posts\/30518\/revisions\/44983"}],"wp:attachment":[{"href":"https:\/\/www.brennerbasisdemokratie.eu\/index.php?rest_route=%2Fwp%2Fv2%2Fmedia&parent=30518"}],"wp:term":[{"taxonomy":"category","embeddable":true,"href":"https:\/\/www.brennerbasisdemokratie.eu\/index.php?rest_route=%2Fwp%2Fv2%2Fcategories&post=30518"},{"taxonomy":"post_tag","embeddable":true,"href":"https:\/\/www.brennerbasisdemokratie.eu\/index.php?rest_route=%2Fwp%2Fv2%2Ftags&post=30518"}],"curies":[{"name":"wp","href":"https:\/\/api.w.org\/{rel}","templated":true}]}}