{"id":3092,"date":"2009-09-14T22:56:39","date_gmt":"2009-09-14T20:56:39","guid":{"rendered":"http:\/\/www.brennerbasisdemokratie.eu\/?p=3092"},"modified":"2021-06-11T10:06:04","modified_gmt":"2021-06-11T08:06:04","slug":"was-widmanns-wort-wert-ist","status":"publish","type":"post","link":"https:\/\/www.brennerbasisdemokratie.eu\/?p=3092","title":{"rendered":"Was Widmanns Wort wert war."},"content":{"rendered":"<blockquote><p><img loading=\"lazy\" decoding=\"async\" class=\"size-full wp-image-3097 aligncenter\" title=\"Orar Gherd\u00ebina.\" src=\"http:\/\/www.brennerbasisdemokratie.eu\/wp-content\/uploads\/2009\/09\/fahrplan_gherdeina.jpg\" alt=\"Orar Gherd\u00ebina.\" width=\"450\" height=\"256\" srcset=\"https:\/\/www.brennerbasisdemokratie.eu\/wp-content\/uploads\/2009\/09\/fahrplan_gherdeina.jpg 450w, https:\/\/www.brennerbasisdemokratie.eu\/wp-content\/uploads\/2009\/09\/fahrplan_gherdeina-150x85.jpg 150w, https:\/\/www.brennerbasisdemokratie.eu\/wp-content\/uploads\/2009\/09\/fahrplan_gherdeina-300x170.jpg 300w\" sizes=\"auto, (max-width: 450px) 100vw, 450px\" \/><\/p><\/blockquote>\n<p>Im Februar dieses Jahres hatte ich mich an die Landesregierung gewandt, um in Erfahrung zu bringen aus welchem Grund ladinische Sprache und Ortsnamen im \u00f6ffentlichen Nahverkehr unber\u00fccksichtigt bleiben. Daraufhin hatten sowohl der Landeshauptmann als auch Landesrat Widmann (beide <abbr title=\"S\u00fcdtiroler Volkspartei\">SVP<\/abbr>) <a title=\"Ladinisch im \u00d6V (II).\" href=\"http:\/\/www.brennerbasisdemokratie.eu\/?p=2285\" target=\"_self\" rel=\"noopener noreferrer\">versprochen<\/a>, in dieser Angelegenheit f\u00fcr Besserung zu sorgen.<\/p>\n<p>Nun hat Widmanns Mobilit\u00e4tsabteilung vor wenigen Tagen den neuen Herbstfahrplan herausgegeben \u2014 ein ladinisches Wort sucht man darin aber immer noch vergeblich. Dabei h\u00e4tte sein Amt rund ein halbes Jahr Zeit gehabt, die Situation zu \u00e4ndern.<br \/>\nEs ist also davon auszugehen, dass in der Landesverwaltung Wille und Sensibilit\u00e4t fehlen, den Ladinern auch nur einen Teil des Respekts zukommen zu lassen, der f\u00fcr die beiden gr\u00f6\u00dferen Sprachgruppen so selbstverst\u00e4ndlich ist.<\/p>\n<p>In seiner Antwort hatte Widmann damals festgestellt, es gebe (laut DPR. 574\/88) zwar keine rechtliche Handhabe, die SAD und andere Konzessionsnehmer zur Dreisprachigkeit zu verpflichten \u2014 man werde sich jedoch daf\u00fcr einsetzen, eine L\u00f6sung herbeizuf\u00fchren.<br \/>\nIm eigenen Ressort h\u00e4tte der Landesrat jedoch sehr wohl die M\u00f6glichkeit gehabt, eine sofortige \u00c4nderung durchzusetzen. Doch offenbar fehlt sogar daf\u00fcr jegliches Engagement. Eine Schande.<\/p>\n<p><strong><span style=\"font-family: Helvetica, Arial, sans-serif; text-transform: uppercase;\">C\u00ebla enghe:<\/span><\/strong> <a title=\"Ladinische Fahrpl\u00e4ne sind da.\" href=\"https:\/\/www.brennerbasisdemokratie.eu\/?p=5164\"><span style=\"color: #ff8c00\"><code>01<\/code><\/span><\/a> <a title=\"S\u00fcdtirol-Fahrplan dreisprachig.\" href=\"https:\/\/www.brennerbasisdemokratie.eu\/?p=21757\"><span style=\"color: #ff8c00\"><code>02<\/code><\/span><\/a> <a title=\"Vielf\u00e4ltig und autofrei durch S\u00fcdtirol.\" href=\"https:\/\/www.brennerbasisdemokratie.eu\/?p=32592\"><span style=\"color: #ff8c00\"><code>03<\/code><\/span><\/a><\/p>","protected":false},"excerpt":{"rendered":"<p>Im Februar dieses Jahres hatte ich mich an die Landesregierung gewandt, um in Erfahrung zu bringen aus welchem Grund ladinische Sprache und Ortsnamen im \u00f6ffentlichen Nahverkehr unber\u00fccksichtigt bleiben. Daraufhin hatten sowohl der Landeshauptmann als auch Landesrat Widmann (beide SVP) versprochen, in dieser Angelegenheit f\u00fcr Besserung zu sorgen. Nun hat Widmanns Mobilit\u00e4tsabteilung vor wenigen Tagen den [&hellip;]<\/p>","protected":false},"author":1,"featured_media":0,"comment_status":"open","ping_status":"open","sticky":false,"template":"","format":"standard","meta":{"_crdt_document":"","ngg_post_thumbnail":0,"_jetpack_memberships_contains_paid_content":false,"footnotes":""},"categories":[1],"tags":[],"class_list":["post-3092","post","type-post","status-publish","format-standard","hentry","category-allgemein","entity-sad","entity-svp","location-ladinia","location-sudtirolo","language-deutsch","person-luis-durnwalder","person-thomas-widmann","topic-minderheitenschutz","topic-mobilitaet","topic-ortsnamen"],"jetpack_featured_media_url":"","jetpack_sharing_enabled":true,"_links":{"self":[{"href":"https:\/\/www.brennerbasisdemokratie.eu\/index.php?rest_route=\/wp\/v2\/posts\/3092","targetHints":{"allow":["GET"]}}],"collection":[{"href":"https:\/\/www.brennerbasisdemokratie.eu\/index.php?rest_route=\/wp\/v2\/posts"}],"about":[{"href":"https:\/\/www.brennerbasisdemokratie.eu\/index.php?rest_route=\/wp\/v2\/types\/post"}],"author":[{"embeddable":true,"href":"https:\/\/www.brennerbasisdemokratie.eu\/index.php?rest_route=\/wp\/v2\/users\/1"}],"replies":[{"embeddable":true,"href":"https:\/\/www.brennerbasisdemokratie.eu\/index.php?rest_route=%2Fwp%2Fv2%2Fcomments&post=3092"}],"version-history":[{"count":25,"href":"https:\/\/www.brennerbasisdemokratie.eu\/index.php?rest_route=\/wp\/v2\/posts\/3092\/revisions"}],"predecessor-version":[{"id":66325,"href":"https:\/\/www.brennerbasisdemokratie.eu\/index.php?rest_route=\/wp\/v2\/posts\/3092\/revisions\/66325"}],"wp:attachment":[{"href":"https:\/\/www.brennerbasisdemokratie.eu\/index.php?rest_route=%2Fwp%2Fv2%2Fmedia&parent=3092"}],"wp:term":[{"taxonomy":"category","embeddable":true,"href":"https:\/\/www.brennerbasisdemokratie.eu\/index.php?rest_route=%2Fwp%2Fv2%2Fcategories&post=3092"},{"taxonomy":"post_tag","embeddable":true,"href":"https:\/\/www.brennerbasisdemokratie.eu\/index.php?rest_route=%2Fwp%2Fv2%2Ftags&post=3092"}],"curies":[{"name":"wp","href":"https:\/\/api.w.org\/{rel}","templated":true}]}}