{"id":31422,"date":"2016-08-28T21:17:24","date_gmt":"2016-08-28T19:17:24","guid":{"rendered":"http:\/\/www.brennerbasisdemokratie.eu\/?p=31422"},"modified":"2023-07-31T22:55:47","modified_gmt":"2023-07-31T20:55:47","slug":"nisf-weitere-zentralisierung-staatlicher-dienste","status":"publish","type":"post","link":"https:\/\/www.brennerbasisdemokratie.eu\/?p=31422","title":{"rendered":"NISF \u2013 Weitere Zentralisierung staatlicher Dienste."},"content":{"rendered":"<p>Am kommenden Mittwoch, den 31. August, ist die <abbr title=\"Nationales Institut f\u00fcr Sozialf\u00fcrsorge\">NISF<\/abbr>-Dienststelle in Neumarkt zum letzten Mal ge\u00f6ffnet. Zwar ist geplant, im dortigen Rathaus ein Informationsb\u00fcro des staatlichen Sozialversicherungsinstituts aufrecht zu erhalten, doch wer mehr ben\u00f6tigt als eine Auskunft, wird sich fortan in die Landeshauptstadt begeben m\u00fcssen. W\u00e4hrend das Land <a title=\"Dezentralisierung (oder Wasserkopf)?\" href=\"http:\/\/www.brennerbasisdemokratie.eu\/?p=30666\">erst allm\u00e4hlich \u00fcber eine Dezentralisierung der eigenen Dienste (nach bayerischem Vorbild) nachdenkt<\/a>, die die Attraktivit\u00e4t der S\u00fcdtiroler Bezirke wieder st\u00e4rken soll, schreitet die Zentralisierung staatlicher Dienste im Eiltempo voran:<\/p>\n<ul>\n<li>Kleinere Post\u00e4mter <a title=\"Poste: meglio chiuse che sudtirolesi.\" href=\"http:\/\/www.brennerbasisdemokratie.eu\/?p=12195\">sind bereits und werden auch weiterhin Rationalisierungs- und Sparma\u00dfnahmen zum Opfer fallen<\/a>; zudem plant die italienische Post, ihren im internationalen Vergleich ohnehin schlechten und teuren Zustellungsdienst au\u00dferhalb gr\u00f6\u00dferer Ortschaften nicht mehr t\u00e4glich durchzuf\u00fchren.<\/li>\n<li>Die Bezirksgerichte in Brixen, Bruneck und Schlanders <a title=\"Trotz PD: Bezirksgerichte weg.\" href=\"http:\/\/www.brennerbasisdemokratie.eu\/?p=15895\">wurden aufgrund eines Beschlusses der Regierung Monti \u2014 nach dem Ende seiner \u00c4ra \u2014 geschlossen.<\/a><\/li>\n<li>Erst k\u00fcrzlich wurde von der Landesregierung \u2014 <a title=\"Quotation (290): Rigide Vorschriften.\" href=\"http:\/\/www.brennerbasisdemokratie.eu\/?p=29847\">aufgrund unn\u00f6tig strenger staatlicher Vorgaben<\/a> \u2014 beschlossen, nach der <a title=\"Schlie\u00dfung Geburtshilfe Innichen.\" href=\"http:\/\/www.brennerbasisdemokratie.eu\/?p=22963\">Geburtsstation in Innichen<\/a> auch <a title=\"Misstrauenskundgebung in Sterzing.\" href=\"http:\/\/www.brennerbasisdemokratie.eu\/?p=30211\">jene in Sterzing dichtzumachen.<\/a> Schon vorher war den Bezirksspit\u00e4lern verboten worden, gewisse Operationen durchzuf\u00fchren.<\/li>\n<\/ul>\n<p>Und nun beginnt also die Zentralisierung auch beim NISF. Angesichts dieser besorgniserregenden Entwicklung sollte man vielleicht im Rahmen des <em>S\u00fcdtirolkonvents<\/em> darauf pochen, die Koordinierung und Planung sowie die geographische Verteilung \u00f6ffentlicher Dienstleistungen in den Zust\u00e4ndigkeitsbereich des Landes zu holen \u2014 sofern diese Dienste nicht zur G\u00e4nze \u00fcbertragen werden.<\/p>\n<p><strong><span style=\"font-family: Helvetica, Arial, sans-serif; text-transform: uppercase;\">C\u00ebla enghe:<\/span><\/strong> <a title=\"Die Rente ist sicher!\" href=\"http:\/\/www.brennerbasisdemokratie.eu\/?p=16352\"><code>01<\/code><\/a> <a title=\"Arbeitnehmer f\u00fcr Recht auf Muttersprache.\" href=\"http:\/\/www.brennerbasisdemokratie.eu\/?p=22698\"><code>02<\/code><\/a><\/p>","protected":false},"excerpt":{"rendered":"<p>Am kommenden Mittwoch, den 31. August, ist die NISF-Dienststelle in Neumarkt zum letzten Mal ge\u00f6ffnet. Zwar ist geplant, im dortigen Rathaus ein Informationsb\u00fcro des staatlichen Sozialversicherungsinstituts aufrecht zu erhalten, doch wer mehr ben\u00f6tigt als eine Auskunft, wird sich fortan in die Landeshauptstadt begeben m\u00fcssen. W\u00e4hrend das Land erst allm\u00e4hlich \u00fcber eine Dezentralisierung der eigenen Dienste [&hellip;]<\/p>","protected":false},"author":1,"featured_media":0,"comment_status":"open","ping_status":"open","sticky":false,"template":"","format":"standard","meta":{"_crdt_document":"","ngg_post_thumbnail":0,"_jetpack_memberships_contains_paid_content":false,"footnotes":""},"categories":[1],"tags":[],"class_list":["post-31422","post","type-post","status-publish","format-standard","hentry","category-allgemein","entity-nisf","issue-suedtirolkonvent","location-sudtirolo","language-deutsch","topic-foederalismus","topic-gesundheit","topic-politik","topic-recht","topic-servicepublic","topic-soziales","topic-subsidiaritaet","topic-vorzeigeautonomie","topic-zentralismus","topic-zustaendigkeiten"],"jetpack_featured_media_url":"","jetpack_sharing_enabled":true,"_links":{"self":[{"href":"https:\/\/www.brennerbasisdemokratie.eu\/index.php?rest_route=\/wp\/v2\/posts\/31422","targetHints":{"allow":["GET"]}}],"collection":[{"href":"https:\/\/www.brennerbasisdemokratie.eu\/index.php?rest_route=\/wp\/v2\/posts"}],"about":[{"href":"https:\/\/www.brennerbasisdemokratie.eu\/index.php?rest_route=\/wp\/v2\/types\/post"}],"author":[{"embeddable":true,"href":"https:\/\/www.brennerbasisdemokratie.eu\/index.php?rest_route=\/wp\/v2\/users\/1"}],"replies":[{"embeddable":true,"href":"https:\/\/www.brennerbasisdemokratie.eu\/index.php?rest_route=%2Fwp%2Fv2%2Fcomments&post=31422"}],"version-history":[{"count":6,"href":"https:\/\/www.brennerbasisdemokratie.eu\/index.php?rest_route=\/wp\/v2\/posts\/31422\/revisions"}],"predecessor-version":[{"id":79662,"href":"https:\/\/www.brennerbasisdemokratie.eu\/index.php?rest_route=\/wp\/v2\/posts\/31422\/revisions\/79662"}],"wp:attachment":[{"href":"https:\/\/www.brennerbasisdemokratie.eu\/index.php?rest_route=%2Fwp%2Fv2%2Fmedia&parent=31422"}],"wp:term":[{"taxonomy":"category","embeddable":true,"href":"https:\/\/www.brennerbasisdemokratie.eu\/index.php?rest_route=%2Fwp%2Fv2%2Fcategories&post=31422"},{"taxonomy":"post_tag","embeddable":true,"href":"https:\/\/www.brennerbasisdemokratie.eu\/index.php?rest_route=%2Fwp%2Fv2%2Ftags&post=31422"}],"curies":[{"name":"wp","href":"https:\/\/api.w.org\/{rel}","templated":true}]}}