{"id":3161,"date":"2009-09-22T18:54:05","date_gmt":"2009-09-22T16:54:05","guid":{"rendered":"http:\/\/www.brennerbasisdemokratie.eu\/?p=3161"},"modified":"2025-06-11T13:20:44","modified_gmt":"2025-06-11T11:20:44","slug":"vorarlberger-belohnen-antisemitismus","status":"publish","type":"post","link":"https:\/\/www.brennerbasisdemokratie.eu\/?p=3161","title":{"rendered":"Vorarlbergerinnen \u00bbbelohnen\u00ab Antisemitismus."},"content":{"rendered":"<p>Im Vorfeld der Vorarlberg-Wahl vom vergangenen Sonntag war der freiheitliche Spitzenkandidat, Dieter Egger, mit antisemitischen \u00c4u\u00dferungen in die Schlagzeilen geraten. Bei seinem Wahlkampfauftakt hatte er den Direktor des J\u00fcdischen Museums Hohenems, der die politische Linie der FP\u00d6 kritisiert hatte, als &#8220;Exil-Juden aus Amerika&#8221; beleidigt. In die Innenpolitik habe der sich nicht einzumischen. Diese unerh\u00f6rte Verbalattacke war von allen anderen Parteien im L\u00e4ndle scharf kritisiert worden, LH Sausgruber (\u00d6VP) k\u00fcndigte sogar das Ende einer langj\u00e4hrigen schwarz-blauen Koalition im westlichsten Bundesland an.<\/p>\n<p>Bei der Wahl selbst belohnten die Vorarlberger jedoch offensichtlich die judenfeindlichen Aussagen des F-Spitzenkandidaten. W\u00e4hrend die SP\u00d6 nur noch die viertst\u00e4rkste Fraktion im Landtag stellt, konnten die Freiheitlichen ihre Stimmen fast verdoppeln und auf Platz zwei aufgestiegen. Wenigstens bleibt Wahlsieger Sausgruber bei seinem Versprechen, mit den Rechtsau\u00dfen keine Regierung mehr zu bilden.<\/p>\n<p>Es ist schon bedauerlich, dass ein Spitzenkandidat nach einem derartigen Sager nicht den Hut nehmen muss. Das Wahlverhalten der Vorarlberger ist aber geradezu unerh\u00f6rt.<\/p>","protected":false},"excerpt":{"rendered":"<p>Im Vorfeld der Vorarlberg-Wahl vom vergangenen Sonntag war der freiheitliche Spitzenkandidat, Dieter Egger, mit antisemitischen \u00c4u\u00dferungen in die Schlagzeilen geraten. Bei seinem Wahlkampfauftakt hatte er den Direktor des J\u00fcdischen Museums Hohenems, der die politische Linie der FP\u00d6 kritisiert hatte, als &#8220;Exil-Juden aus Amerika&#8221; beleidigt. In die Innenpolitik habe der sich nicht einzumischen. Diese unerh\u00f6rte Verbalattacke [&hellip;]<\/p>","protected":false},"author":1,"featured_media":0,"comment_status":"open","ping_status":"open","sticky":false,"template":"","format":"standard","meta":{"_crdt_document":"","ngg_post_thumbnail":0,"_jetpack_memberships_contains_paid_content":false,"footnotes":""},"categories":[1],"tags":[],"class_list":["post-3161","post","type-post","status-publish","format-standard","hentry","category-allgemein","entity-freiheitliche","entity-ovp","entity-spo","location-osterreich","language-deutsch","topic-antisemitismus","topic-faschismen","topic-politik","topic-religiun"],"jetpack_featured_media_url":"","jetpack_sharing_enabled":true,"_links":{"self":[{"href":"https:\/\/www.brennerbasisdemokratie.eu\/index.php?rest_route=\/wp\/v2\/posts\/3161","targetHints":{"allow":["GET"]}}],"collection":[{"href":"https:\/\/www.brennerbasisdemokratie.eu\/index.php?rest_route=\/wp\/v2\/posts"}],"about":[{"href":"https:\/\/www.brennerbasisdemokratie.eu\/index.php?rest_route=\/wp\/v2\/types\/post"}],"author":[{"embeddable":true,"href":"https:\/\/www.brennerbasisdemokratie.eu\/index.php?rest_route=\/wp\/v2\/users\/1"}],"replies":[{"embeddable":true,"href":"https:\/\/www.brennerbasisdemokratie.eu\/index.php?rest_route=%2Fwp%2Fv2%2Fcomments&post=3161"}],"version-history":[{"count":12,"href":"https:\/\/www.brennerbasisdemokratie.eu\/index.php?rest_route=\/wp\/v2\/posts\/3161\/revisions"}],"predecessor-version":[{"id":46680,"href":"https:\/\/www.brennerbasisdemokratie.eu\/index.php?rest_route=\/wp\/v2\/posts\/3161\/revisions\/46680"}],"wp:attachment":[{"href":"https:\/\/www.brennerbasisdemokratie.eu\/index.php?rest_route=%2Fwp%2Fv2%2Fmedia&parent=3161"}],"wp:term":[{"taxonomy":"category","embeddable":true,"href":"https:\/\/www.brennerbasisdemokratie.eu\/index.php?rest_route=%2Fwp%2Fv2%2Fcategories&post=3161"},{"taxonomy":"post_tag","embeddable":true,"href":"https:\/\/www.brennerbasisdemokratie.eu\/index.php?rest_route=%2Fwp%2Fv2%2Ftags&post=3161"}],"curies":[{"name":"wp","href":"https:\/\/api.w.org\/{rel}","templated":true}]}}