{"id":31646,"date":"2016-09-21T13:19:16","date_gmt":"2016-09-21T11:19:16","guid":{"rendered":"http:\/\/www.brennerbasisdemokratie.eu\/?p=31646"},"modified":"2020-07-09T17:17:40","modified_gmt":"2020-07-09T15:17:40","slug":"kostenloses-interrail-fuer-junge-europaeerinnen","status":"publish","type":"post","link":"https:\/\/www.brennerbasisdemokratie.eu\/?p=31646","title":{"rendered":"Kostenloses Interrail f\u00fcr junge Europ\u00e4erinnen?"},"content":{"rendered":"<p>Im EU-Parlament st\u00f6\u00dft eine Idee des Abgeordneten Manfred Weber (CSU!) auf gro\u00dfe Zustimmung, die junge Europ\u00e4erinnen ihrem Kontinent n\u00e4herbringen und den sprachlich-kulturellen Austausch f\u00f6rdern soll.<\/p>\n<p>Dem Vorschlag zufolge sollte die EU ihren B\u00fcrgerInnen zum 18. Geburtstag ein <a title=\"Wiki: Interrail.\" href=\"https:\/\/de.wikipedia.org\/wiki\/InterRail\" target=\"_blank\" rel=\"noopener noreferrer\"><em>Interrailticket<\/em><\/a> schenken, mit dem sie Europa kostenlos bereisen k\u00f6nnen.<\/p>\n<p>\u00c4hnlich wie das bereits seit vielen Jahren existierende universit\u00e4re Austauschprogramm k\u00f6nnte auch Webers Idee zu gegenseitigem Verst\u00e4ndnis, Akzeptanz und Abbau von Vorurteilen beitragen, womit letztendlich auch nationalen Egoismen entgegengewirkt wird.<\/p>\n<p>Gerade in Zeiten wachsender EU-Skepsis und wiedererstarkender Nationalismen k\u00f6nnen solche Initiativen \u2014 neben der dringend erforderlichen Demokratisierung der Union \u2014 den gesellschaftlichen Zusammenhalt in Europa st\u00e4rken und die Integration vertiefen.<\/p>\n<p><strong><span style=\"font-family: Helvetica, Arial, sans-serif; text-transform: uppercase;\">C\u00ebla enghe:<\/span><\/strong> <a title=\"Relax, that\u2019s democracy, baby!\" href=\"http:\/\/www.brennerbasisdemokratie.eu\/?p=29758\"><code>01<\/code><\/a> <a title=\"Ein Plan B f\u00fcr Europa.\" href=\"http:\/\/www.brennerbasisdemokratie.eu\/?p=29786\"><code>02<\/code><\/a> <a title=\"Quotation (288): Regionen unter EU-Dach.\" href=\"http:\/\/www.brennerbasisdemokratie.eu\/?p=29804\"><code>03<\/code><\/a> <a title=\"Quotation (284): Europ\u00e4ische Willensnation.\" href=\"http:\/\/www.brennerbasisdemokratie.eu\/?p=29647\"><code>04<\/code><\/a><\/p>","protected":false},"excerpt":{"rendered":"<p>Im EU-Parlament st\u00f6\u00dft eine Idee des Abgeordneten Manfred Weber (CSU!) auf gro\u00dfe Zustimmung, die junge Europ\u00e4erinnen ihrem Kontinent n\u00e4herbringen und den sprachlich-kulturellen Austausch f\u00f6rdern soll. Dem Vorschlag zufolge sollte die EU ihren B\u00fcrgerInnen zum 18. Geburtstag ein Interrailticket schenken, mit dem sie Europa kostenlos bereisen k\u00f6nnen. \u00c4hnlich wie das bereits seit vielen Jahren existierende universit\u00e4re [&hellip;]<\/p>","protected":false},"author":1,"featured_media":0,"comment_status":"open","ping_status":"open","sticky":false,"template":"","format":"standard","meta":{"_crdt_document":"","ngg_post_thumbnail":0,"_jetpack_memberships_contains_paid_content":false,"footnotes":""},"categories":[1],"tags":[],"class_list":["post-31646","post","type-post","status-publish","format-standard","hentry","category-allgemein","entity-cdu-csu","entity-eu","entity-evp","issue-good-news","location-europa","topic-kunstcultura","topic-kohasion","topic-mobilitaet","topic-nationalismus","topic-politik"],"jetpack_featured_media_url":"","jetpack_sharing_enabled":true,"_links":{"self":[{"href":"https:\/\/www.brennerbasisdemokratie.eu\/index.php?rest_route=\/wp\/v2\/posts\/31646","targetHints":{"allow":["GET"]}}],"collection":[{"href":"https:\/\/www.brennerbasisdemokratie.eu\/index.php?rest_route=\/wp\/v2\/posts"}],"about":[{"href":"https:\/\/www.brennerbasisdemokratie.eu\/index.php?rest_route=\/wp\/v2\/types\/post"}],"author":[{"embeddable":true,"href":"https:\/\/www.brennerbasisdemokratie.eu\/index.php?rest_route=\/wp\/v2\/users\/1"}],"replies":[{"embeddable":true,"href":"https:\/\/www.brennerbasisdemokratie.eu\/index.php?rest_route=%2Fwp%2Fv2%2Fcomments&post=31646"}],"version-history":[{"count":5,"href":"https:\/\/www.brennerbasisdemokratie.eu\/index.php?rest_route=\/wp\/v2\/posts\/31646\/revisions"}],"predecessor-version":[{"id":58650,"href":"https:\/\/www.brennerbasisdemokratie.eu\/index.php?rest_route=\/wp\/v2\/posts\/31646\/revisions\/58650"}],"wp:attachment":[{"href":"https:\/\/www.brennerbasisdemokratie.eu\/index.php?rest_route=%2Fwp%2Fv2%2Fmedia&parent=31646"}],"wp:term":[{"taxonomy":"category","embeddable":true,"href":"https:\/\/www.brennerbasisdemokratie.eu\/index.php?rest_route=%2Fwp%2Fv2%2Fcategories&post=31646"},{"taxonomy":"post_tag","embeddable":true,"href":"https:\/\/www.brennerbasisdemokratie.eu\/index.php?rest_route=%2Fwp%2Fv2%2Ftags&post=31646"}],"curies":[{"name":"wp","href":"https:\/\/api.w.org\/{rel}","templated":true}]}}