{"id":31678,"date":"2016-09-22T09:26:06","date_gmt":"2016-09-22T07:26:06","guid":{"rendered":"http:\/\/www.brennerbasisdemokratie.eu\/?p=31678"},"modified":"2022-12-02T20:16:38","modified_gmt":"2022-12-02T19:16:38","slug":"suedtirol-unterstuetzt-west-kurdistan","status":"publish","type":"post","link":"https:\/\/www.brennerbasisdemokratie.eu\/?p=31678","title":{"rendered":"S\u00fcdtirol unterst\u00fctzt West-Kurdistan."},"content":{"rendered":"<!-- Snippets by WebberZone Snippetz --><div class=\"ata_snippets\"><hr style=\"height: 20px; border: none; margin-top: 0em; background-color: darkred;\"\/><\/div><p>Rojava nennen die Kurden den Nordosten Syriens, der vor allem von Kurden und anderen Minderheiten besiedelt ist. Seit Anfang 2014 hat sich das Gebiet zu einer multikulturellen, demokratischen, s\u00e4kularen \u201cAutonomen Region\u201d als Teil Syriens erkl\u00e4rt und sich vor allem gegen den IS erfolgreich verteidigt. Jetzt bekommt diese vom Assad-Regime nicht anerkannte Region auch Anerkennung und Unterst\u00fctzung vom autonomen S\u00fcdtirol.<\/p>\n<p>Die Landtagsmehrheit bietet nicht so oft Gelegenheit f\u00fcr Lob, weshalb ich es hier kr\u00e4ftig tun will. Denn der <a href=\"http:\/\/www2.landtag-bz.org\/de\/datenbanken\/akte\/angaben_akt.asp?pagetype=fogl&amp;app=idap&amp;at_id=419251&amp;blank=Y\">Beschlussantrag Nr. 663\/16<\/a> (Erstunterzeichner Dieter Steger) \u201cSolidarit\u00e4t und Unterst\u00fctzung f\u00fcr die Bev\u00f6lkerung und die demokratischen Bestrebungen im Gebiet von Rojava\u201d w\u00fcrde dem Europaparlament alle Ehre machen. Ausf\u00fchrlich und fundiert wird die dramatische Situation in West-Kurdistan dargelegt. Die vorl\u00e4ufige Verfassung von Rojava bilde<\/p>\n<blockquote><p>die Grundlage eines politischen und sozialen Organisationsmodells, welche dem friedlichen Zusammenleben der Gesellschaftsschichten, der Achtung der Menschenrechte und der Grundfreiheiten des Pluralismus, der demokratischen Partizipation, dem Prinzip der Gleichheit sowie der Trennung von Staat und Religion beruht<\/p>\n<p><em><small>\u2014 Beschlussantrag<\/small><\/em><\/p><\/blockquote>\n<p>Die Gleichstellung der Geschlechter ist in Rojava nicht nur in der Regionalverfassung verankert, sondern wird auch konsequent angewandt bis hin zu den Frauen-Verteidigungseinheiten YPJ. Rojava hat unz\u00e4hlige Jesiden aus dem Irak gerettet und beherbergt Zehntausende Fl\u00fcchtlinge aus dem Syrien-Krieg.<\/p>\n<p>Mit seiner Resolution schlie\u00dft sich der Landtag der r\u00f6mischen Abgeordnetenkammer an, die Italien und die UN am 17.9.2014 aufgefordert hat, in Rojava humanit\u00e4re Hilfe zu leisten und die Zug\u00e4nge daf\u00fcr speziell \u00fcber die T\u00fcrkei zu \u00f6ffnen (was die T\u00fcrkei konsequent ignoriert hat). Auch der Europarat hat sich diesem Aufruf angeschlossen. Der Landtag ruft die Landesregierung, die selbst komplett unterschrieben hat, auf, sich f\u00fcr Initiativen zum Schutz des Gebiets und zur F\u00f6rderung seiner Autonomie einzusetzen. S\u00fcdtirol solle sich f\u00fcr die soziale, wirtschaftliche und kulturelle Kooperation im Rahmen seiner Entwicklungszusammenarbeit einsetzen. Im Rahmen seines Soforthilfeprogramms f\u00fcr den Mittelmeerraum und Nahost wird das Land demn\u00e4chst konkrete Hilfsprojekte in Rojava unterst\u00fctzen. Auch eine Tagung zu diesem Thema ist f\u00fcr 2017 geplant.<\/p>\n<p>So l\u00f6blich das Anliegen, so \u00fcberraschend kleinkariert die Reaktion der Tirol-patriotischen Parteien. Zimmerhofer (<abbr title=\"S\u00fcd-Tiroler Freiheit\">STF<\/abbr>) mokierte sich dar\u00fcber, dass das Multikulturelle zu positiv dargestellt werde. Stocker (<abbr title=\"Freiheitliche\">F<\/abbr>) meinte, man solle besser in Mittelitalien helfen, Atz-Tammerle (STF) sorgte sich vor allem dar\u00fcber, ob die Mittel korrekt eingesetzt w\u00fcrden. Parteikollege Knoll, sonst \u00fcber Selbstbestimmungsbewegungen immer gut informiert, gab an, \u00fcber Rojava zu wenig informiert zu sein. Ein Blick in die <a href=\"https:\/\/de.wikipedia.org\/wiki\/Rojava\">Wikipedia<\/a> h\u00e4tte gen\u00fcgt. P\u00f6der meinte gar, der Antrag sei zu detailliert (<a href=\"https:\/\/www.gfbv.de\/en\/media-library\/detail-en\/research-trip-syria-rojava-protection-zone-for-minorities-8155\/\">hier<\/a> w\u00e4r\u2019s wirklich detaillierter).<\/p>\n<p>Dagegen verwies Hans Heiss <em>(Gr\u00fcne)<\/em> auf die Lieferungen von <em>IVECO<\/em>-Milit\u00e4rfahrzeugen, die heute in Syrien zum Einsatz k\u00e4men. Verkauft wurden sie allerdings vor allem an die T\u00fcrkei. K\u00f6llensperger (<abbr title=\"F\u00fcnfsternebewegung\">5SB<\/abbr>) monierte vor allem, dass die Bev\u00f6lkerung von Rojava heute haupts\u00e4chlich seitens der T\u00fcrkei unter Beschuss stehe, die die Bildung einer demokratischen und autonomen Region in Nordsyrien partout abw\u00fcrgen will. Italien solle Druck auf den NATO-Partner aus\u00fcben, der zuerst Rojava abriegle und jetzt die Kurden bek\u00e4mpfe. Genau hier liegt der Knackpunkt: Was macht eigentlich Italien, was macht die EU, um das freie, autonome Rojava vor dem Erdo\u011fan-Regime zu sch\u00fctzen?<\/p>\n<p><small><em>Dieser Beitrag wurde auch auf <a title=\"Salto: S\u00fcdtirol unterst\u00fctzt West-Kurdistan.\" href=\"http:\/\/www.salto.bz\/article\/19092016\/suedtirol-unterstuetzt-west-kurdistan\" target=\"_blank\" rel=\"noopener\">Salto<\/a> ver\u00f6ffentlicht.<\/em><\/small><\/p>\n<!-- Snippets by WebberZone Snippetz --><div class=\"ata_snippets\"><hr style=\"height: 10px;border: none;margin-top: 0px;background-color: darkred\" \/>\r\n\r\n<div style=\"background-color: none;padding: 0px;font-size: 14px;font-family: Helvetica,Arial;margin: 10px 0px 0px 0px\"><span style=\"color: darkred\"><strong><small>Autor:innen- und Gastbeitr\u00e4ge widerspiegeln nicht notwendigerweise die Meinung oder die Position von BBD, so wie die jeweiligen Verfasser:innen nicht notwendigerweise die Ziele von BBD unterst\u00fctzen.<\/small><\/strong><small>\u00b7 I contributi esterni non necessariamente riflettono le opinioni o la posizione di BBD, come a loro volta le autrici\/gli autori non necessariamente condividono gli obiettivi di BBD. \u2014 <a href=\"http:\/\/www.brennerbasisdemokratie.eu\/?page_id=11356#copyleft\"><strong>\u00a9<\/strong><\/a><\/small><\/span><\/div><\/div>","protected":false},"excerpt":{"rendered":"<p>Rojava nennen die Kurden den Nordosten Syriens, der vor allem von Kurden und anderen Minderheiten besiedelt ist. Seit Anfang 2014 hat sich das Gebiet zu einer multikulturellen, demokratischen, s\u00e4kularen \u201cAutonomen Region\u201d als Teil Syriens erkl\u00e4rt und sich vor allem gegen den IS erfolgreich verteidigt. Jetzt bekommt diese vom Assad-Regime nicht anerkannte Region auch Anerkennung und [&hellip;]<\/p>","protected":false},"author":15,"featured_media":0,"comment_status":"open","ping_status":"open","sticky":false,"template":"","format":"standard","meta":{"_crdt_document":"","ngg_post_thumbnail":0,"_jetpack_memberships_contains_paid_content":false,"footnotes":""},"categories":[14],"tags":[],"class_list":["post-31678","post","type-post","status-publish","format-standard","hentry","category-autorinnen","entity-5sb","entity-burgerunion","entity-eu","entity-freiheitliche","entity-stf","entity-sudtiroler-landtag","entity-svp","entity-uno","entity-verc","issue-good-news","location-kurdistan","location-sudtirolo","location-turchia","language-deutsch","medium-salto","person-hans-heiss","person-myriam-atz-tammerle","person-paul-kollensperger","person-recep-tayyip-erdogan","topic-anarchie","topic-democrazia","topic-feminae","topic-medien","topic-migraziun","topic-militar","topic-minderheitenschutz","topic-mitbestimmung","topic-politik","topic-selbstbestimmung","topic-solidariete"],"jetpack_featured_media_url":"","jetpack_sharing_enabled":true,"_links":{"self":[{"href":"https:\/\/www.brennerbasisdemokratie.eu\/index.php?rest_route=\/wp\/v2\/posts\/31678","targetHints":{"allow":["GET"]}}],"collection":[{"href":"https:\/\/www.brennerbasisdemokratie.eu\/index.php?rest_route=\/wp\/v2\/posts"}],"about":[{"href":"https:\/\/www.brennerbasisdemokratie.eu\/index.php?rest_route=\/wp\/v2\/types\/post"}],"author":[{"embeddable":true,"href":"https:\/\/www.brennerbasisdemokratie.eu\/index.php?rest_route=\/wp\/v2\/users\/15"}],"replies":[{"embeddable":true,"href":"https:\/\/www.brennerbasisdemokratie.eu\/index.php?rest_route=%2Fwp%2Fv2%2Fcomments&post=31678"}],"version-history":[{"count":10,"href":"https:\/\/www.brennerbasisdemokratie.eu\/index.php?rest_route=\/wp\/v2\/posts\/31678\/revisions"}],"predecessor-version":[{"id":74999,"href":"https:\/\/www.brennerbasisdemokratie.eu\/index.php?rest_route=\/wp\/v2\/posts\/31678\/revisions\/74999"}],"wp:attachment":[{"href":"https:\/\/www.brennerbasisdemokratie.eu\/index.php?rest_route=%2Fwp%2Fv2%2Fmedia&parent=31678"}],"wp:term":[{"taxonomy":"category","embeddable":true,"href":"https:\/\/www.brennerbasisdemokratie.eu\/index.php?rest_route=%2Fwp%2Fv2%2Fcategories&post=31678"},{"taxonomy":"post_tag","embeddable":true,"href":"https:\/\/www.brennerbasisdemokratie.eu\/index.php?rest_route=%2Fwp%2Fv2%2Ftags&post=31678"}],"curies":[{"name":"wp","href":"https:\/\/api.w.org\/{rel}","templated":true}]}}