{"id":31741,"date":"2016-09-25T14:43:09","date_gmt":"2016-09-25T12:43:09","guid":{"rendered":"http:\/\/www.brennerbasisdemokratie.eu\/?p=31741"},"modified":"2024-12-08T16:41:41","modified_gmt":"2024-12-08T15:41:41","slug":"quotation-307-si-puo-dire-di-tutto","status":"publish","type":"post","link":"https:\/\/www.brennerbasisdemokratie.eu\/?p=31741","title":{"rendered":"Si pu\u00f2 dire di tutto\u2026"},"content":{"rendered":"<blockquote><p>So benissimo che essendo l\u2019autodeterminazione \u2014 come dire? \u2014 una visione in questo momento immaginaria, anche se si pu\u00f2 fare riferimento ad altri casi, si pu\u00f2 dire che se si fa l\u2019autodeterminazione si fa la scuola bilingue, non ci sar\u00e0 pi\u00f9 il censimento etnico, ci sar\u00e0 la convivenza bellissima ecc. Si pu\u00f2 dire di tutto\u2026 e anche il contrario di tutto. [\u2026]<\/p>\n<p><em>\u2014 Riccardo Dello Sbarba (V\u00ebrc), Convenzione dei 33, 23.09.2016<\/em><\/p><\/blockquote>\n<p>Giusto. Ed \u00e8 per questo che <img class=\"bbdlogo\" src=\"https:\/\/www.brennerbasisdemokratie.eu\/wp-content\/uploads\/bbdsmileys\/bbde.png\"> <a title=\"Dello Sbarba e il \u00abmodello giurassiano\u00bb.\" href=\"http:\/\/www.brennerbasisdemokratie.eu\/?p=31721\">propone il \u00abmodello giurassiano\u00bb<\/a>, a pi\u00f9 tappe, in modo che prima di prendere una decisione definitiva la popolazione possa<\/p>\n<ul>\n<li>contribuire a elaborare, in maniera partecipata<\/li>\n<li>leggere, studiare e valutare<\/li>\n<\/ul>\n<p>la futura costituzione dell\u2019eventuale Sudtirolo indipendente. Allo stesso modo i partiti darebbero la loro indicazione di voto sulla base di un testo definito e certo.<\/p>\n<p><strong><span style=\"font-family: Helvetica, Arial, sans-serif; text-transform: uppercase;\">C\u00ebla enghe:<\/span><\/strong> <a title=\"Freistaat und Panzer.\" href=\"http:\/\/www.brennerbasisdemokratie.eu\/?p=1620\"><code>01<\/code><\/a> <a title=\"Quotation (292): Diverso (un po\u2019).\" href=\"http:\/\/www.brennerbasisdemokratie.eu\/?p=30181\"><code>02<\/code><\/a> <a title=\"Quotation (112): Vertus du dialogue.\" href=\"http:\/\/www.brennerbasisdemokratie.eu\/?p=17388\"><code>03<\/code><\/a> <a title=\"Quotation (265): Il rischio vero!\" href=\"http:\/\/www.brennerbasisdemokratie.eu\/?p=28660\"><code>04<\/code><\/a><\/p>","protected":false},"excerpt":{"rendered":"<p>So benissimo che essendo l\u2019autodeterminazione \u2014 come dire? \u2014 una visione in questo momento immaginaria, anche se si pu\u00f2 fare riferimento ad altri casi, si pu\u00f2 dire che se si fa l\u2019autodeterminazione si fa la scuola bilingue, non ci sar\u00e0 pi\u00f9 il censimento etnico, ci sar\u00e0 la convivenza bellissima ecc. Si pu\u00f2 dire di tutto\u2026 [&hellip;]<\/p>","protected":false},"author":1,"featured_media":0,"comment_status":"open","ping_status":"open","sticky":false,"template":"","format":"standard","meta":{"_crdt_document":"","ngg_post_thumbnail":0,"_jetpack_memberships_contains_paid_content":false,"footnotes":""},"categories":[1],"tags":[],"class_list":["post-31741","post","type-post","status-publish","format-standard","hentry","category-allgemein","entity-verc","issue-clil-immersion","issue-cumpedada","issue-quotation","issue-suedtirolkonvent","location-jura","language-italiano","topic-democrazia","topic-mitbestimmung","topic-politik","topic-selbstbestimmung"],"jetpack_featured_media_url":"","jetpack_sharing_enabled":true,"_links":{"self":[{"href":"https:\/\/www.brennerbasisdemokratie.eu\/index.php?rest_route=\/wp\/v2\/posts\/31741","targetHints":{"allow":["GET"]}}],"collection":[{"href":"https:\/\/www.brennerbasisdemokratie.eu\/index.php?rest_route=\/wp\/v2\/posts"}],"about":[{"href":"https:\/\/www.brennerbasisdemokratie.eu\/index.php?rest_route=\/wp\/v2\/types\/post"}],"author":[{"embeddable":true,"href":"https:\/\/www.brennerbasisdemokratie.eu\/index.php?rest_route=\/wp\/v2\/users\/1"}],"replies":[{"embeddable":true,"href":"https:\/\/www.brennerbasisdemokratie.eu\/index.php?rest_route=%2Fwp%2Fv2%2Fcomments&post=31741"}],"version-history":[{"count":9,"href":"https:\/\/www.brennerbasisdemokratie.eu\/index.php?rest_route=\/wp\/v2\/posts\/31741\/revisions"}],"predecessor-version":[{"id":65522,"href":"https:\/\/www.brennerbasisdemokratie.eu\/index.php?rest_route=\/wp\/v2\/posts\/31741\/revisions\/65522"}],"wp:attachment":[{"href":"https:\/\/www.brennerbasisdemokratie.eu\/index.php?rest_route=%2Fwp%2Fv2%2Fmedia&parent=31741"}],"wp:term":[{"taxonomy":"category","embeddable":true,"href":"https:\/\/www.brennerbasisdemokratie.eu\/index.php?rest_route=%2Fwp%2Fv2%2Fcategories&post=31741"},{"taxonomy":"post_tag","embeddable":true,"href":"https:\/\/www.brennerbasisdemokratie.eu\/index.php?rest_route=%2Fwp%2Fv2%2Ftags&post=31741"}],"curies":[{"name":"wp","href":"https:\/\/api.w.org\/{rel}","templated":true}]}}