{"id":31788,"date":"2016-09-27T12:13:11","date_gmt":"2016-09-27T10:13:11","guid":{"rendered":"http:\/\/www.brennerbasisdemokratie.eu\/?p=31788"},"modified":"2021-05-25T12:34:43","modified_gmt":"2021-05-25T10:34:43","slug":"landesrat-tommasinis-englische-ortsnamen","status":"publish","type":"post","link":"https:\/\/www.brennerbasisdemokratie.eu\/?p=31788","title":{"rendered":"Landesrat Tommasinis englische Ortsnamen."},"content":{"rendered":"<p>Wie die <em>Tageszeitung<\/em> in ihrer heutigen Printausgabe berichtet, schl\u00e4gt Landesrat Christian Tommasini (<abbr title=\"Partito Democratico\">PD<\/abbr>) in der aktuellen Toponomastikdiskussion vor, Ortsnamen k\u00fcnftig auch ins Englische zu \u00fcbersetzen, anstatt \u00fcber die Abschaffung nicht gebr\u00e4uchlicher Namenserfindungen aus dem Faschismus nachzudenken. Es ist zwar ern\u00fcchternd, dass jemand, der einen derartigen Vorschlag einbringt, f\u00fcr Kultur zust\u00e4ndig ist \u2014 und grunds\u00e4tzlich, dass ein Landesrat keine fundierte Meinung zu einem immer wiederkehrenden Problem hat, sondern offenbar improvisierte \u00bbIdeen\u00ab einbringt. Doch andererseits ist dieser Einfall auch absolut konsequent: Wenn man, wie leider noch immer viele Politikerinnen in S\u00fcdtirol, der Meinung ist, dass man Namen (wie eben im Faschismus geschehen) \u00fcbersetzen kann, dann ist es nur logisch, dass man sich irgendwann dar\u00fcber Gedanken machen muss, diese Namen in noch mehr Sprachen zu \u00fcbersetzen. F\u00fcr die Touristinnen und f\u00fcr unsere neuen Mitb\u00fcrgerinnen.<\/p>\n<p>Es hei\u00dft doch immer so sch\u00f6n, die italienischen Mitb\u00fcrgerinnen k\u00f6nnten sich ohne die von Ettore Tolomei erfundenen Ortsnamen in S\u00fcdtirol nicht heimisch f\u00fchlen. Wenn man so denkt, muss man (wie ich <a title=\"Ubi nomen, ibi patria.\" href=\"http:\/\/www.brennerbasisdemokratie.eu\/?p=6611\">hier<\/a> bereits prognostiziert hatte) die Toponyme irgendwann nat\u00fcrlich auch ins Englische, Franz\u00f6sische, Spanische, Urdu, Arabische (\u2026) \u00fcbersetzen, damit sich auch die neuen S\u00fcdtirolerinnen hier zuhause f\u00fchlen k\u00f6nnen. Viel Arbeit f\u00fcr viele neue Tolomeis im Auftrag des Landes.<\/p>\n<p>Oder aber man sieht endlich ein, dass Toponyme Namen sind, die als solche nicht \u00fcbersetzt werden brauchen und sollen. Fritz bleibt Fritz und Giovanna bleibt Giovanna, genauso wie ein Italiener auch einen Volkswagen (und keine <em>Vettura del Popolo)<\/em> und eine Deutsche einen Lancia (und keine <em>Lanze)<\/em> besitzt und fahren kann.<\/p>\n<p>\u00dcbrigens: <a title=\"Die Bretagne. Und\u2026 die Ortsnamen.\" href=\"http:\/\/www.brennerbasisdemokratie.eu\/?p=31652\">Wie erst neulich aufgezeigt<\/a>, hat man selbst im zentralistischen und nicht gerade minderheitenfreundlichen Frankreich verstanden, dass Ortsnamen nichts mit Zwei- und Mehrsprachigkeit zu tun haben. Und trotzdem hat man etwa in der Bretagne wirklich nicht den Eindruck, dass sich dort Frankophone nicht heimisch f\u00fchlen k\u00f6nnten.<\/p>\n<p><strong><span style=\"font-family: Helvetica, Arial, sans-serif; text-transform: uppercase;\">C\u00ebla enghe:<\/span><\/strong> <a title=\"Prontuario, zweiter Band.\" href=\"http:\/\/www.brennerbasisdemokratie.eu\/?p=4504\"><code>01<\/code><\/a> <a title=\"La toponomastica inventata vista da Nicol\u00f2 Rasmo.\" href=\"http:\/\/www.brennerbasisdemokratie.eu\/?p=31429\"><code>02<\/code><\/a> <a title=\"Toponomastikkommission (II): Name \u2260\u00a0Sprache.\" href=\"http:\/\/www.brennerbasisdemokratie.eu\/?p=10886\"><code>03<\/code><\/a> <a title=\"Toponomastik \u2014 n\u00fcchtern betrachtet.\" href=\"http:\/\/www.brennerbasisdemokratie.eu\/?p=16091\"><code>04<\/code><\/a> <a title=\"Sollen Ortsnamen \u00bb\u00fcbersetzt\u00ab werden?\" href=\"http:\/\/www.brennerbasisdemokratie.eu\/?p=26012\"><code>05<\/code><\/a> <a title=\"Il Qu\u00e9bec promuove la toponomastica autoctona.\" href=\"http:\/\/www.brennerbasisdemokratie.eu\/?p=54235\"><span style=\"color: #ff8c00\"><code>06<\/code><\/span><\/a> <a title=\"Iceman \u00d6tzi Peak.\" href=\"https:\/\/www.brennerbasisdemokratie.eu\/?p=58418\"><span style=\"color: #ff8c00\"><code>07<\/code><\/span><\/a><\/p>","protected":false},"excerpt":{"rendered":"<p>Wie die Tageszeitung in ihrer heutigen Printausgabe berichtet, schl\u00e4gt Landesrat Christian Tommasini (PD) in der aktuellen Toponomastikdiskussion vor, Ortsnamen k\u00fcnftig auch ins Englische zu \u00fcbersetzen, anstatt \u00fcber die Abschaffung nicht gebr\u00e4uchlicher Namenserfindungen aus dem Faschismus nachzudenken. Es ist zwar ern\u00fcchternd, dass jemand, der einen derartigen Vorschlag einbringt, f\u00fcr Kultur zust\u00e4ndig ist \u2014 und grunds\u00e4tzlich, dass [&hellip;]<\/p>","protected":false},"author":1,"featured_media":0,"comment_status":"open","ping_status":"open","sticky":false,"template":"","format":"standard","meta":{"_crdt_document":"","ngg_post_thumbnail":0,"_jetpack_memberships_contains_paid_content":false,"footnotes":""},"categories":[1],"tags":[],"class_list":["post-31788","post","type-post","status-publish","format-standard","hentry","category-allgemein","entity-pd","location-sudtirolo","language-deutsch","medium-taz","person-christian-tommasini","person-ettore-tolomei","topic-faschismen","topic-medien","topic-ortsnamen","topic-plurilinguism","topic-politik","topic-tourismus"],"jetpack_featured_media_url":"","jetpack_sharing_enabled":true,"_links":{"self":[{"href":"https:\/\/www.brennerbasisdemokratie.eu\/index.php?rest_route=\/wp\/v2\/posts\/31788","targetHints":{"allow":["GET"]}}],"collection":[{"href":"https:\/\/www.brennerbasisdemokratie.eu\/index.php?rest_route=\/wp\/v2\/posts"}],"about":[{"href":"https:\/\/www.brennerbasisdemokratie.eu\/index.php?rest_route=\/wp\/v2\/types\/post"}],"author":[{"embeddable":true,"href":"https:\/\/www.brennerbasisdemokratie.eu\/index.php?rest_route=\/wp\/v2\/users\/1"}],"replies":[{"embeddable":true,"href":"https:\/\/www.brennerbasisdemokratie.eu\/index.php?rest_route=%2Fwp%2Fv2%2Fcomments&post=31788"}],"version-history":[{"count":15,"href":"https:\/\/www.brennerbasisdemokratie.eu\/index.php?rest_route=\/wp\/v2\/posts\/31788\/revisions"}],"predecessor-version":[{"id":65518,"href":"https:\/\/www.brennerbasisdemokratie.eu\/index.php?rest_route=\/wp\/v2\/posts\/31788\/revisions\/65518"}],"wp:attachment":[{"href":"https:\/\/www.brennerbasisdemokratie.eu\/index.php?rest_route=%2Fwp%2Fv2%2Fmedia&parent=31788"}],"wp:term":[{"taxonomy":"category","embeddable":true,"href":"https:\/\/www.brennerbasisdemokratie.eu\/index.php?rest_route=%2Fwp%2Fv2%2Fcategories&post=31788"},{"taxonomy":"post_tag","embeddable":true,"href":"https:\/\/www.brennerbasisdemokratie.eu\/index.php?rest_route=%2Fwp%2Fv2%2Ftags&post=31788"}],"curies":[{"name":"wp","href":"https:\/\/api.w.org\/{rel}","templated":true}]}}