{"id":31821,"date":"2016-09-29T12:48:40","date_gmt":"2016-09-29T10:48:40","guid":{"rendered":"http:\/\/www.brennerbasisdemokratie.eu\/?p=31821"},"modified":"2026-03-17T19:12:15","modified_gmt":"2026-03-17T18:12:15","slug":"quotation-309-divise-giuste-e-meno-giuste","status":"publish","type":"post","link":"https:\/\/www.brennerbasisdemokratie.eu\/?p=31821","title":{"rendered":"Divise giuste e meno giuste."},"content":{"rendered":"<blockquote><p>Sar\u00e0 l&#8217;occasione per ricordare anche le migliaia di trentini che combatterono da italiani con la divisa sbagliata. \u00c8 questa un&#8217;eredit\u00e0 che il Trentino non pu\u00f2 e non deve dimenticare, poich\u00e9 le radici non vanno mai dimenticate.<\/p><\/blockquote>\n<p><em>L\u2019Associazione nazionale Alpini (ANA) di Trento in vista dell\u2019adunata nazionale, programmata per il 2018 nella citt\u00e0 del concilio, a 100 anni dall\u2019annessione del Trentino e del Sudtirolo al Regno d\u2019Italia.<\/em><\/p>\n<p>N\u00e9 i trentini n\u00e9 i sudtirolesi hanno mai avuto la possibilit\u00e0 di esprimersi democraticamente sulla loro appartenenza all\u2019Italia.<em><br \/>\n<\/em><\/p>\n<p><strong><span style=\"font-family: Helvetica, Arial, sans-serif; text-transform: uppercase;\">C\u00ebla enghe:<\/span><\/strong> <a title=\"Sudtirolo liberato dalla \u00abtirannia\u00bb austroungarica.\" href=\"http:\/\/www.brennerbasisdemokratie.eu\/?p=30235\"><code>01<\/code><\/a> <a title=\"Alpini, prova di convivenza?\" href=\"http:\/\/www.brennerbasisdemokratie.eu\/?p=10523\"><code>02<\/code><\/a> <a title=\"Verkehrte Welt.\" href=\"http:\/\/www.brennerbasisdemokratie.eu\/?p=15006\"><code>03<\/code><\/a> <a title=\"Wir: Spielverderber.\" href=\"http:\/\/www.brennerbasisdemokratie.eu\/?p=11378\"><code>04<\/code><\/a> <span style=\"font-family: Helvetica, Arial, sans-serif; font-weight: normal;\">||<\/span> <a title=\"Alpini w\u00e4hlen Leitspruch von Mussolini.\" href=\"https:\/\/www.brennerbasisdemokratie.eu\/?p=37586\"><span style=\"color:#ff8c00; text-decoration:underline; text-decoration-color:#ff8c00; text-decoration-thickness:3px;\"><code>01<\/code><\/span><\/a><\/p>","protected":false},"excerpt":{"rendered":"<p>Sar\u00e0 l&#8217;occasione per ricordare anche le migliaia di trentini che combatterono da italiani con la divisa sbagliata. \u00c8 questa un&#8217;eredit\u00e0 che il Trentino non pu\u00f2 e non deve dimenticare, poich\u00e9 le radici non vanno mai dimenticate. L\u2019Associazione nazionale Alpini (ANA) di Trento in vista dell\u2019adunata nazionale, programmata per il 2018 nella citt\u00e0 del concilio, a [&hellip;]<\/p>","protected":false},"author":1,"featured_media":0,"comment_status":"open","ping_status":"open","sticky":false,"template":"","format":"standard","meta":{"_crdt_document":"","ngg_post_thumbnail":0,"_jetpack_memberships_contains_paid_content":false,"footnotes":""},"categories":[1],"tags":[],"class_list":["post-31821","post","type-post","status-publish","format-standard","hentry","category-allgemein","entity-alpini","entity-ana","issue-quotation","location-trentino","language-italiano","topic-discriminaziun","topic-militar","topic-nationalismus","topic-selbstbestimmung"],"jetpack_featured_media_url":"","jetpack_sharing_enabled":true,"_links":{"self":[{"href":"https:\/\/www.brennerbasisdemokratie.eu\/index.php?rest_route=\/wp\/v2\/posts\/31821","targetHints":{"allow":["GET"]}}],"collection":[{"href":"https:\/\/www.brennerbasisdemokratie.eu\/index.php?rest_route=\/wp\/v2\/posts"}],"about":[{"href":"https:\/\/www.brennerbasisdemokratie.eu\/index.php?rest_route=\/wp\/v2\/types\/post"}],"author":[{"embeddable":true,"href":"https:\/\/www.brennerbasisdemokratie.eu\/index.php?rest_route=\/wp\/v2\/users\/1"}],"replies":[{"embeddable":true,"href":"https:\/\/www.brennerbasisdemokratie.eu\/index.php?rest_route=%2Fwp%2Fv2%2Fcomments&post=31821"}],"version-history":[{"count":8,"href":"https:\/\/www.brennerbasisdemokratie.eu\/index.php?rest_route=\/wp\/v2\/posts\/31821\/revisions"}],"predecessor-version":[{"id":98559,"href":"https:\/\/www.brennerbasisdemokratie.eu\/index.php?rest_route=\/wp\/v2\/posts\/31821\/revisions\/98559"}],"wp:attachment":[{"href":"https:\/\/www.brennerbasisdemokratie.eu\/index.php?rest_route=%2Fwp%2Fv2%2Fmedia&parent=31821"}],"wp:term":[{"taxonomy":"category","embeddable":true,"href":"https:\/\/www.brennerbasisdemokratie.eu\/index.php?rest_route=%2Fwp%2Fv2%2Fcategories&post=31821"},{"taxonomy":"post_tag","embeddable":true,"href":"https:\/\/www.brennerbasisdemokratie.eu\/index.php?rest_route=%2Fwp%2Fv2%2Ftags&post=31821"}],"curies":[{"name":"wp","href":"https:\/\/api.w.org\/{rel}","templated":true}]}}