{"id":31964,"date":"2016-10-12T14:07:32","date_gmt":"2016-10-12T12:07:32","guid":{"rendered":"http:\/\/www.brennerbasisdemokratie.eu\/?p=31964"},"modified":"2025-12-12T10:19:04","modified_gmt":"2025-12-12T09:19:04","slug":"badalona-gegen-den-columbus-day","status":"publish","type":"post","link":"https:\/\/www.brennerbasisdemokratie.eu\/?p=31964","title":{"rendered":"Badalona gegen den \u203aColumbus Day\u2039."},"content":{"rendered":"<p>In Barcelona war die linke CUP k\u00fcrzlich mit ihrem <a title=\"CUP fordert Schleifung von Kolumbusstatue.\" href=\"http:\/\/www.brennerbasisdemokratie.eu\/?p=31801\">Beschlussantrag<\/a> gescheitert, der die Gemeindeverwaltung dazu aufrief, den 12. Oktober auf kommunaler Ebene zu einem normalen Arbeitstag zu erkl\u00e4ren. Der Tag erinnert an die angebliche \u00bbEntdeckung\u00ab Amerikas (und damit an die brutale Unterjochung der autochthonen Bev\u00f6lkerung).<\/p>\n<p>Anders als etwa S\u00fcdtirol haben Gemeinden und L\u00e4nder (die sogenannten autonomen Gemeinschaften) in Spanien das Recht, auch f\u00fcr den Privatsektor verbindliche Feiertage festzulegen \u2014 jedoch nicht, staatliche Feiertage au\u00dfer Kraft zu setzen.<\/p>\n<p>Trotzdem hatte der Gemeinderat von Badalona (200.000 Einwohner in der Metropolregion von Barcelona) einen Beschluss gefasst, der sich am Vorsto\u00df der CUP orientierte: Zumindest die Gemeinde\u00e4mter sollten heute ganz normal ge\u00f6ffnet bleiben, befand die linke Mehrheit aus <em>Guanyem Badalona, republikanischer Linken (ERC)<\/em> und Gr\u00fcnen.<\/p>\n<p>Dagegen legte die Delegation der Madrider Zentralregierung in Katalonien Rekurs ein und erwirkte in einem Eilverfahren gerade noch rechtzeitig ein Verbot. Offen sind die Gemeinde\u00e4mter Badalonas heute aber trotzdem, zumindest symbolisch. Um Gemeindebedienstete, die ihre Verf\u00fcgbarkeit zur \u00d6ffnung signalisiert hatten, nicht in eine juristisch prek\u00e4re Lage zu man\u00f6vrieren, beschlossen Mitglieder der Regierungsmehrheit, die \u00c4mter der Gemeindeverwaltung eigenh\u00e4ndig aufzusperren, dort f\u00fcr einen Tag Platz zu nehmen und den B\u00fcrgerInnen f\u00fcr einfache Erledigungen zur Verf\u00fcgung zu stehen.<\/p>\n<p>Dies nicht ohne vorher medienwirksam eine Kopie der richterlichen Verf\u00fcgung zu zerrei\u00dfen:<\/p>\n<p>https:\/\/www.youtube.com\/watch?v=f7W4XJk7kzc<\/p>","protected":false},"excerpt":{"rendered":"<p>In Barcelona war die linke CUP k\u00fcrzlich mit ihrem Beschlussantrag gescheitert, der die Gemeindeverwaltung dazu aufrief, den 12. Oktober auf kommunaler Ebene zu einem normalen Arbeitstag zu erkl\u00e4ren. Der Tag erinnert an die angebliche \u00bbEntdeckung\u00ab Amerikas (und damit an die brutale Unterjochung der autochthonen Bev\u00f6lkerung). Anders als etwa S\u00fcdtirol haben Gemeinden und L\u00e4nder (die sogenannten [&hellip;]<\/p>","protected":false},"author":1,"featured_media":0,"comment_status":"open","ping_status":"open","sticky":false,"template":"","format":"standard","meta":{"_crdt_document":"","ngg_post_thumbnail":0,"_jetpack_memberships_contains_paid_content":false,"footnotes":""},"categories":[1],"tags":[],"class_list":["post-31964","post","type-post","status-publish","format-standard","hentry","category-allgemein","entity-verc","location-catalunya","language-deutsch","topic-politik","topic-recht","topic-ungehorsam"],"jetpack_featured_media_url":"","jetpack_sharing_enabled":true,"_links":{"self":[{"href":"https:\/\/www.brennerbasisdemokratie.eu\/index.php?rest_route=\/wp\/v2\/posts\/31964","targetHints":{"allow":["GET"]}}],"collection":[{"href":"https:\/\/www.brennerbasisdemokratie.eu\/index.php?rest_route=\/wp\/v2\/posts"}],"about":[{"href":"https:\/\/www.brennerbasisdemokratie.eu\/index.php?rest_route=\/wp\/v2\/types\/post"}],"author":[{"embeddable":true,"href":"https:\/\/www.brennerbasisdemokratie.eu\/index.php?rest_route=\/wp\/v2\/users\/1"}],"replies":[{"embeddable":true,"href":"https:\/\/www.brennerbasisdemokratie.eu\/index.php?rest_route=%2Fwp%2Fv2%2Fcomments&post=31964"}],"version-history":[{"count":6,"href":"https:\/\/www.brennerbasisdemokratie.eu\/index.php?rest_route=\/wp\/v2\/posts\/31964\/revisions"}],"predecessor-version":[{"id":96801,"href":"https:\/\/www.brennerbasisdemokratie.eu\/index.php?rest_route=\/wp\/v2\/posts\/31964\/revisions\/96801"}],"wp:attachment":[{"href":"https:\/\/www.brennerbasisdemokratie.eu\/index.php?rest_route=%2Fwp%2Fv2%2Fmedia&parent=31964"}],"wp:term":[{"taxonomy":"category","embeddable":true,"href":"https:\/\/www.brennerbasisdemokratie.eu\/index.php?rest_route=%2Fwp%2Fv2%2Fcategories&post=31964"},{"taxonomy":"post_tag","embeddable":true,"href":"https:\/\/www.brennerbasisdemokratie.eu\/index.php?rest_route=%2Fwp%2Fv2%2Ftags&post=31964"}],"curies":[{"name":"wp","href":"https:\/\/api.w.org\/{rel}","templated":true}]}}