{"id":31986,"date":"2016-10-13T20:57:12","date_gmt":"2016-10-13T18:57:12","guid":{"rendered":"http:\/\/www.brennerbasisdemokratie.eu\/?p=31986"},"modified":"2019-06-19T09:08:18","modified_gmt":"2019-06-19T07:08:18","slug":"autonomie-an-renzi-ausverkauft","status":"publish","type":"post","link":"https:\/\/www.brennerbasisdemokratie.eu\/?p=31986","title":{"rendered":"Autonomie an Renzi ausverkauft."},"content":{"rendered":"<!-- Snippets by WebberZone Snippetz --><div class=\"ata_snippets\"><hr style=\"height: 20px; border: none; margin-top: 0em; background-color: darkred;\"\/><\/div><p><em>von Paul K\u00f6llensperger<\/em><\/p>\n<p>Der S\u00fcdtiroler Landtag? Seine eigene Partei? Wen schert\u2019s. Landeshauptmann Kompatscher hat die sogenannte <a title=\"Il testo della \u00abCarta di Udine\u00bb.\" href=\"http:\/\/www.brennerbasisdemokratie.eu\/?p=31916\"><em>\u00bbCarta di Udine\u00ab<\/em><\/a> unterschrieben, einen Werbespot f\u00fcr die zentralistische Verfassungsreform von Renzi, am Landtag vorbei, aber auch ohne auf die eigene Partei zu warten, die sich ja am 24. Oktober endlich zu einer Stellungnahme zur Reform durchringen will. So als ob ganz S\u00fcdtirol mit dieser Kapitulation vor Renzi und dem r\u00f6mischen PD einverstanden w\u00e4re.<\/p>\n<p>Ob aus Desinteresse an der Entscheidung, die seine Partei treffen wird oder weil er offensichtlich wei\u00df, dass die SVPD ja gar nicht anders kann als dem Renzi-Diktat zu gehorchen, sei dahingestellt. Jedenfalls hat der Landeshauptmann am 7. Oktober in Udine auf dem Kongress \u00bbVerfassungsreform und Sonderautonomien\u00ab, eine als Treffen der Autonomien getarnte Werbeveranstaltung des PD f\u00fcr die zentralistische und autonomiefeindliche Verfassungsreform von Premier Renzi, nat\u00fcrlich mit \u00f6ffentlichen Geldern finanziert, die sogenannte <em>\u00bbCarta di Udine\u00ab<\/em> unterzeichnet. W\u00e4hrend des Treffens haben sich nur Bef\u00fcrworter der Reform zu Wort gemeldet, es wurde kein Raum f\u00fcr kritische oder gegenteilige Stellungnahmen gelassen.<\/p>\n<p>Die <em>Carta<\/em> selbst ist kaum mehr als eine Auflistung einiger Grunds\u00e4tze der Sonderautonomien auf Schulbuch-Niveau. Und stellt in ihrer kritiklosen Unterw\u00fcrfigkeit vor Renzi eine Kapitulation der Sonderautonomien vor der Zentralregierung dar.<\/p>\n<p>Minister Costa, der beim Treffen anwesend war, aber bezeichnenderweise die <em>Carta<\/em> nicht einmal mitunterschrieben hat, ist seines Zeichens f\u00fcr seinen Verfassungsgesetzentwurf zur \u00bbAbschaffung des Rechtsstatus der autonomen Regionen und Provinzen\u00ab bekannt geworden. Wohl kaum ein gutes Omen. Seine Nichtunterzeichnung l\u00e4sst darauf schlie\u00dfen, dass diese <em>Carta<\/em> nicht das Papier wert ist, auf dem sie steht. Au\u00dferdem wurde sie auch nicht von allen autonomen Regionen unterzeichnet, vielleicht weil diese sich noch ein St\u00fcck ihrer W\u00fcrde bewahren wollten?<\/p>\n<!-- Snippets by WebberZone Snippetz --><div class=\"ata_snippets\"><hr style=\"height: 10px;border: none;margin-top: 0px;background-color: darkred\" \/>\r\n\r\n<div style=\"background-color: none;padding: 0px;font-size: 14px;font-family: Helvetica,Arial;margin: 10px 0px 0px 0px\"><span style=\"color: darkred\"><strong><small>Autor:innen- und Gastbeitr\u00e4ge widerspiegeln nicht notwendigerweise die Meinung oder die Position von BBD, so wie die jeweiligen Verfasser:innen nicht notwendigerweise die Ziele von BBD unterst\u00fctzen.<\/small><\/strong><small>\u00b7 I contributi esterni non necessariamente riflettono le opinioni o la posizione di BBD, come a loro volta le autrici\/gli autori non necessariamente condividono gli obiettivi di BBD. \u2014 <a href=\"http:\/\/www.brennerbasisdemokratie.eu\/?page_id=11356#copyleft\"><strong>\u00a9<\/strong><\/a><\/small><\/span><\/div><\/div>","protected":false},"excerpt":{"rendered":"<p>von Paul K\u00f6llensperger Der S\u00fcdtiroler Landtag? Seine eigene Partei? Wen schert\u2019s. Landeshauptmann Kompatscher hat die sogenannte \u00bbCarta di Udine\u00ab unterschrieben, einen Werbespot f\u00fcr die zentralistische Verfassungsreform von Renzi, am Landtag vorbei, aber auch ohne auf die eigene Partei zu warten, die sich ja am 24. Oktober endlich zu einer Stellungnahme zur Reform durchringen will. So [&hellip;]<\/p>","protected":false},"author":10,"featured_media":0,"comment_status":"open","ping_status":"open","sticky":false,"template":"","format":"standard","meta":{"_crdt_document":"","ngg_post_thumbnail":0,"_jetpack_memberships_contains_paid_content":false,"footnotes":""},"categories":[14,1],"tags":[],"class_list":["post-31986","post","type-post","status-publish","format-standard","hentry","category-autorinnen","category-allgemein","entity-5sb","entity-pd","entity-svp","issue-verfassungsreform16","location-sudtirolo","language-deutsch","person-arno-kompatscher","person-paul-kollensperger","topic-foederalismus","topic-mitbestimmung","topic-politik","topic-recht","topic-vorzeigeautonomie","topic-zentralismus"],"jetpack_featured_media_url":"","jetpack_sharing_enabled":true,"_links":{"self":[{"href":"https:\/\/www.brennerbasisdemokratie.eu\/index.php?rest_route=\/wp\/v2\/posts\/31986","targetHints":{"allow":["GET"]}}],"collection":[{"href":"https:\/\/www.brennerbasisdemokratie.eu\/index.php?rest_route=\/wp\/v2\/posts"}],"about":[{"href":"https:\/\/www.brennerbasisdemokratie.eu\/index.php?rest_route=\/wp\/v2\/types\/post"}],"author":[{"embeddable":true,"href":"https:\/\/www.brennerbasisdemokratie.eu\/index.php?rest_route=\/wp\/v2\/users\/10"}],"replies":[{"embeddable":true,"href":"https:\/\/www.brennerbasisdemokratie.eu\/index.php?rest_route=%2Fwp%2Fv2%2Fcomments&post=31986"}],"version-history":[{"count":3,"href":"https:\/\/www.brennerbasisdemokratie.eu\/index.php?rest_route=\/wp\/v2\/posts\/31986\/revisions"}],"predecessor-version":[{"id":31989,"href":"https:\/\/www.brennerbasisdemokratie.eu\/index.php?rest_route=\/wp\/v2\/posts\/31986\/revisions\/31989"}],"wp:attachment":[{"href":"https:\/\/www.brennerbasisdemokratie.eu\/index.php?rest_route=%2Fwp%2Fv2%2Fmedia&parent=31986"}],"wp:term":[{"taxonomy":"category","embeddable":true,"href":"https:\/\/www.brennerbasisdemokratie.eu\/index.php?rest_route=%2Fwp%2Fv2%2Fcategories&post=31986"},{"taxonomy":"post_tag","embeddable":true,"href":"https:\/\/www.brennerbasisdemokratie.eu\/index.php?rest_route=%2Fwp%2Fv2%2Ftags&post=31986"}],"curies":[{"name":"wp","href":"https:\/\/api.w.org\/{rel}","templated":true}]}}