{"id":32312,"date":"2016-10-26T10:58:09","date_gmt":"2016-10-26T08:58:09","guid":{"rendered":"http:\/\/www.brennerbasisdemokratie.eu\/?p=32312"},"modified":"2025-11-13T14:49:26","modified_gmt":"2025-11-13T13:49:26","slug":"pallaver-statistik-ist-ein-bauchgefuehl","status":"publish","type":"post","link":"https:\/\/www.brennerbasisdemokratie.eu\/?p=32312","title":{"rendered":"Pallaver, Statistik ist ein Bauchgef\u00fchl."},"content":{"rendered":"<p>Gerade hat er gemeinsam mit dem Sozialforschungsinstitut <em>Apollis<\/em> und den Instituten f\u00fcr Politikwissenschaften und Soziologie der Uni Innsbruck <a title=\"Apollis: Ethnische Differenzierung\u2026\" href=\"http:\/\/www.apollis.it\/17d2019.html\" target=\"_blank\" rel=\"noopener noreferrer\">eine Studie<\/a> \u00fcber \u00bbethnische Differenzierung und soziale Schichtung\u00ab in S\u00fcdtirol herausgegeben. Man m\u00f6chte also meinen, dass Professor G\u00fcnther Pallaver an Daten interessiert ist.<\/p>\n<p>Doch auf die Bemerkung der interviewenden Antonella Mattioli im heutigen <em>A. Adige<\/em><\/p>\n<blockquote><p><strong>Ci\u00f2 \u00e8 dovuto anche al fatto che il gruppo italiano in questi anni ha progressivamente abbandonato le vallate.<\/strong><\/p><\/blockquote>\n<p>antwortet Pallaver<\/p>\n<blockquote><p>Certo, ma non solo.<\/p><\/blockquote>\n<p><em>Certo, ma non solo?<\/em> Schauen wir uns mal an, was die sogenannten \u00bbVolksz\u00e4hlungen\u00ab 2001 und 2011 \u00fcber die Konsistenz der italienischen Sprachgruppe in den verschiedenen Bezirksgemeinschaften sagen:<\/p>\n<div id=\"footable_parent_48547\"\n         class=\" footable_parent ninja_table_wrapper loading_ninja_table wp_table_data_press_parent semantic_ui \">\n                    <h3 class=\"table_title footable_title\">Italienische Sprachgruppe in S\u00fcdtirol (2001-2011)<\/h3>\n                                <div\n                class=\"table_description footable_description\"><em><small>Die ladinischen T\u00e4ler sind auch in den jeweiligen Bezirksgemeinschaften enthalten, denen sie angeh\u00f6ren.<\/small><\/em><\/div>\n                    <table data-ninja_table_instance=\"ninja_table_instance_0\" data-footable_id=\"48547\" data-filter-delay=\"1000\" aria-label=\"Italienische Sprachgruppe in S\u00fcdtirol (2001-2011)\"            id=\"footable_48547\"\n           data-unique_identifier=\"ninja_table_unique_id_2218865011_48547\"\n           class=\" foo-table ninja_footable foo_table_48547 ninja_table_unique_id_2218865011_48547 ui table  nt_type_ajax_table single line selectable striped compact vertical_centered  footable-paging-right ninja_table_search_disabled\">\n                <colgroup>\n                            <col class=\"ninja_column_0 \">\n                            <col class=\"ninja_column_1 \">\n                            <col class=\"ninja_column_2 \">\n                            <col class=\"ninja_column_3 \">\n                    <\/colgroup>\n            <\/table>\n    \n    \n    \n<\/div>\n\n<p>Auch aufgrund der oben erw\u00e4hnten, aber statistisch nicht nachweisbaren \u00bbTatsache\u00ab, dass die italienische Sprachgruppe die T\u00e4ler verlassen habe, fordert Pallaver unter anderem eine flexible Anwendung des politischen Proporzes. Er empfiehlt der <em>S\u00fcdtiroler Volkspartei,<\/em> italienische Vertreterinnen auch dann in die Gemeindeaussch\u00fcsse zu berufen, wenn dies gesetzlich nicht vorgesehen w\u00e4re.<\/p>\n<p>Ganz egal wie man zu dieser Forderung stehen mag frage ich mich, wozu in S\u00fcdtirol \u00fcberhaupt Erhebungen durchgef\u00fchrt werden, wenn dann jeweils nur aufgrund von Bauchgef\u00fchlen argumentiert wird.<\/p>\n<p><strong><span style=\"font-family: Helvetica, Arial, sans-serif; text-transform: uppercase;\">C\u00ebla enghe:<\/span><\/strong> <a title=\"Wahre Unwahrheit.\" href=\"http:\/\/www.brennerbasisdemokratie.eu\/?p=30401\" rel=\"\"><code>01<\/code><\/a> <a title=\"Fr\u00fcher anders.\" href=\"http:\/\/www.brennerbasisdemokratie.eu\/?p=26829\" rel=\"\"><code>02<\/code><\/a> <a title=\"Daheim in Mythen?\" href=\"http:\/\/www.brennerbasisdemokratie.eu\/?p=23190\"><code>03<\/code><\/a> <span style=\"font-family: Helvetica, Arial, sans-serif; font-weight: normal;\">||<\/span> <a title=\"Kaum mehr Italiener\u2026?\" href=\"https:\/\/www.brennerbasisdemokratie.eu\/?p=33749\" rel=\"\"><span style=\"color: #ff8c00\"><code>01<\/code><\/span><\/a> <a title=\"Sprachgruppen: Falschinformationen vom Landesrat.\" href=\"https:\/\/www.brennerbasisdemokratie.eu\/?p=96106\"><span style=\"color: #ff8c00\"><code>02<\/code><\/span><\/a><\/p>","protected":false},"excerpt":{"rendered":"<p>Gerade hat er gemeinsam mit dem Sozialforschungsinstitut Apollis und den Instituten f\u00fcr Politikwissenschaften und Soziologie der Uni Innsbruck eine Studie \u00fcber \u00bbethnische Differenzierung und soziale Schichtung\u00ab in S\u00fcdtirol herausgegeben. Man m\u00f6chte also meinen, dass Professor G\u00fcnther Pallaver an Daten interessiert ist. Doch auf die Bemerkung der interviewenden Antonella Mattioli im heutigen A. Adige Ci\u00f2 \u00e8 [&hellip;]<\/p>","protected":false},"author":1,"featured_media":0,"comment_status":"open","ping_status":"open","sticky":false,"template":"","format":"standard","meta":{"_crdt_document":"","ngg_post_thumbnail":0,"_jetpack_memberships_contains_paid_content":false,"footnotes":""},"categories":[1],"tags":[],"class_list":["post-32312","post","type-post","status-publish","format-standard","hentry","category-allgemein","entity-apollis","entity-universitat-innsbruck","issue-cumpedada","issue-zitac","location-sudtirolo","language-deutsch","medium-aa","person-gunther-pallaver","topic-faktencheck","topic-kohasion","topic-medien","topic-politik","topic-statistik","topic-wissenschaft"],"jetpack_featured_media_url":"","jetpack_sharing_enabled":true,"_links":{"self":[{"href":"https:\/\/www.brennerbasisdemokratie.eu\/index.php?rest_route=\/wp\/v2\/posts\/32312","targetHints":{"allow":["GET"]}}],"collection":[{"href":"https:\/\/www.brennerbasisdemokratie.eu\/index.php?rest_route=\/wp\/v2\/posts"}],"about":[{"href":"https:\/\/www.brennerbasisdemokratie.eu\/index.php?rest_route=\/wp\/v2\/types\/post"}],"author":[{"embeddable":true,"href":"https:\/\/www.brennerbasisdemokratie.eu\/index.php?rest_route=\/wp\/v2\/users\/1"}],"replies":[{"embeddable":true,"href":"https:\/\/www.brennerbasisdemokratie.eu\/index.php?rest_route=%2Fwp%2Fv2%2Fcomments&post=32312"}],"version-history":[{"count":13,"href":"https:\/\/www.brennerbasisdemokratie.eu\/index.php?rest_route=\/wp\/v2\/posts\/32312\/revisions"}],"predecessor-version":[{"id":96128,"href":"https:\/\/www.brennerbasisdemokratie.eu\/index.php?rest_route=\/wp\/v2\/posts\/32312\/revisions\/96128"}],"wp:attachment":[{"href":"https:\/\/www.brennerbasisdemokratie.eu\/index.php?rest_route=%2Fwp%2Fv2%2Fmedia&parent=32312"}],"wp:term":[{"taxonomy":"category","embeddable":true,"href":"https:\/\/www.brennerbasisdemokratie.eu\/index.php?rest_route=%2Fwp%2Fv2%2Fcategories&post=32312"},{"taxonomy":"post_tag","embeddable":true,"href":"https:\/\/www.brennerbasisdemokratie.eu\/index.php?rest_route=%2Fwp%2Fv2%2Ftags&post=32312"}],"curies":[{"name":"wp","href":"https:\/\/api.w.org\/{rel}","templated":true}]}}