{"id":32319,"date":"2016-10-26T12:36:48","date_gmt":"2016-10-26T10:36:48","guid":{"rendered":"http:\/\/www.brennerbasisdemokratie.eu\/?p=32319"},"modified":"2021-05-25T12:17:36","modified_gmt":"2021-05-25T10:17:36","slug":"once-again-konflikt-zwischen-staat-und-land","status":"publish","type":"post","link":"https:\/\/www.brennerbasisdemokratie.eu\/?p=32319","title":{"rendered":"Once again: Konflikt zwischen Staat und Land."},"content":{"rendered":"<p>Gestern ist der Landtag zu einer Sondersitzung zusammengetreten, um einmal mehr die Anfechtung eines Staatsgesetzes zu beschlie\u00dfen, das dem Autonomiestatut und den Finanzbestimmungen widerspricht. Es handelt sich um das Gesetz Nr. 164\/2016 \u00fcber die Ausgeglichenheit der Haushalte von Regionen und \u00f6ffentlichen K\u00f6rperschaften.<\/p>\n<blockquote><p>Wie LH-Stv. Christian <strong>Tommasini <\/strong>ausf\u00fchrte, widerspreche das Gesetz den Finanzbestimmungen des Statuts und betreffe damit die Haushalte der Region und der beiden Provinzen. Es beschr\u00e4nke den Zugriff auf den Mehrjahresfonds, r\u00e4ume der Staatsregierung die Befugnis ein, anstelle der Regionen und Lokalk\u00f6rperschaften \u00fcber eine eventuelle Verschuldung zu entscheiden und wolle den Beitrag der Regionen zur Sanierung des Staatshaushalts mit einfachem Gesetz festlegen.<\/p>\n<p><em>\u2014 <\/em><a title=\"Landtag: Anfechtung eines Staatsgesetzes\u2026\" href=\"http:\/\/www.landtag-bz.org\/de\/aktuelles\/pm-landtag-aktuell.asp?aktuelles_action=4&amp;aktuelles_article_id=565612\" target=\"_blank\" rel=\"noopener noreferrer\"><em>Pressemitteilung des Landtags<\/em><\/a><\/p><\/blockquote>\n<p><strong><span style=\"font-family: Helvetica, Arial, sans-serif; text-transform: uppercase;\">C\u00ebla enghe:<\/span><\/strong> <a title=\"Sammelgesetz vor Verfassungsgericht angefochten.\" href=\"http:\/\/www.brennerbasisdemokratie.eu\/?p=30602\"><code>01<\/code><\/a> <a title=\"Auf Anfechtung folgt Anfechtung (diesmal: Umweltagentur).\" href=\"http:\/\/www.brennerbasisdemokratie.eu\/?p=31492\"><code>02<\/code><\/a> <a title=\"Rom ficht Bildungsgesetz an.\" href=\"http:\/\/www.brennerbasisdemokratie.eu\/?p=30828\"><code>03<\/code><\/a> <a title=\"Land ficht Stellenwettbewerb der Finanzwache an.\" href=\"http:\/\/www.brennerbasisdemokratie.eu\/?p=31436\"><code>04<\/code><\/a><\/p>","protected":false},"excerpt":{"rendered":"<p>Gestern ist der Landtag zu einer Sondersitzung zusammengetreten, um einmal mehr die Anfechtung eines Staatsgesetzes zu beschlie\u00dfen, das dem Autonomiestatut und den Finanzbestimmungen widerspricht. Es handelt sich um das Gesetz Nr. 164\/2016 \u00fcber die Ausgeglichenheit der Haushalte von Regionen und \u00f6ffentlichen K\u00f6rperschaften. Wie LH-Stv. Christian Tommasini ausf\u00fchrte, widerspreche das Gesetz den Finanzbestimmungen des Statuts und [&hellip;]<\/p>","protected":false},"author":1,"featured_media":0,"comment_status":"open","ping_status":"open","sticky":false,"template":"","format":"standard","meta":{"_crdt_document":"","ngg_post_thumbnail":0,"_jetpack_memberships_contains_paid_content":false,"footnotes":""},"categories":[1],"tags":[],"class_list":["post-32319","post","type-post","status-publish","format-standard","hentry","category-allgemein","entity-pd","entity-verfassungsgericht","language-deutsch","person-christian-tommasini","topic-politik","topic-recht","topic-staatland","topic-vorzeigeautonomie","topic-wirtschaft","topic-zentralismus","topic-zustaendigkeiten"],"jetpack_featured_media_url":"","jetpack_sharing_enabled":true,"_links":{"self":[{"href":"https:\/\/www.brennerbasisdemokratie.eu\/index.php?rest_route=\/wp\/v2\/posts\/32319","targetHints":{"allow":["GET"]}}],"collection":[{"href":"https:\/\/www.brennerbasisdemokratie.eu\/index.php?rest_route=\/wp\/v2\/posts"}],"about":[{"href":"https:\/\/www.brennerbasisdemokratie.eu\/index.php?rest_route=\/wp\/v2\/types\/post"}],"author":[{"embeddable":true,"href":"https:\/\/www.brennerbasisdemokratie.eu\/index.php?rest_route=\/wp\/v2\/users\/1"}],"replies":[{"embeddable":true,"href":"https:\/\/www.brennerbasisdemokratie.eu\/index.php?rest_route=%2Fwp%2Fv2%2Fcomments&post=32319"}],"version-history":[{"count":5,"href":"https:\/\/www.brennerbasisdemokratie.eu\/index.php?rest_route=\/wp\/v2\/posts\/32319\/revisions"}],"predecessor-version":[{"id":65504,"href":"https:\/\/www.brennerbasisdemokratie.eu\/index.php?rest_route=\/wp\/v2\/posts\/32319\/revisions\/65504"}],"wp:attachment":[{"href":"https:\/\/www.brennerbasisdemokratie.eu\/index.php?rest_route=%2Fwp%2Fv2%2Fmedia&parent=32319"}],"wp:term":[{"taxonomy":"category","embeddable":true,"href":"https:\/\/www.brennerbasisdemokratie.eu\/index.php?rest_route=%2Fwp%2Fv2%2Fcategories&post=32319"},{"taxonomy":"post_tag","embeddable":true,"href":"https:\/\/www.brennerbasisdemokratie.eu\/index.php?rest_route=%2Fwp%2Fv2%2Ftags&post=32319"}],"curies":[{"name":"wp","href":"https:\/\/api.w.org\/{rel}","templated":true}]}}