{"id":32481,"date":"2016-11-06T15:42:44","date_gmt":"2016-11-06T14:42:44","guid":{"rendered":"http:\/\/www.brennerbasisdemokratie.eu\/?p=32481"},"modified":"2025-06-08T18:44:25","modified_gmt":"2025-06-08T16:44:25","slug":"fluechtlinge-und-foltervorwuerfe","status":"publish","type":"post","link":"https:\/\/www.brennerbasisdemokratie.eu\/?p=32481","title":{"rendered":"Fl\u00fcchtlinge und Foltervorw\u00fcrfe."},"content":{"rendered":"<p>Wie <em>Amnesty International<\/em> (AI) vor wenigen Tagen \u00f6ffentlich machte, hat die neue europ\u00e4ische Fl\u00fcchtlingspolitik (seit 2015) in Italien Menschenrechtsverletzungen zur Folge. Die Organisation prangert an, dass Fl\u00fcchtlinge von italienischen Ordnungskr\u00e4ften in den sogenannten <em>Hotspots<\/em> Misshandlungen ausgesetzt und mit teils folter\u00e4hnlichen Methoden zu erkennungsdienstlichen Ma\u00dfnahmen gezwungen werden. Ausdr\u00fccklich ist in dem ver\u00f6ffentlichten <a title=\"AI: Hotspot Italy.\" href=\"http:\/\/www.brennerbasisdemokratie.eu\/wp-content\/uploads\/2016\/11\/ai_hotspotitaly.pdf\">Bericht<\/a> von Schl\u00e4gen, Elektroschocks und sexueller Dem\u00fctigung die Rede \u2014 es k\u00f6nne weniger von <em>identify, screen and filter<\/em> als von <em>abuse, mislead and expel<\/em> gesprochen werden. Au\u00dferdem bem\u00e4ngelt die Menschenrechtsorganisation, dass ankommende Fl\u00fcchtlinge schlecht informiert und kaum juristisch aufgekl\u00e4rt w\u00fcrden. Die italienische Regierung wies s\u00e4mtliche Anschuldigungen zur\u00fcck.<\/p>\n<div style=\"border: 8px solid #4372a6; padding: 30px 30px 5px 30px; margin-bottom: 20px;\">\n<p>Der <em>Europ\u00e4ische Gerichtshof f\u00fcr Menschenrechte<\/em> (EGMR) verurteilte Italien vor \u00fcber einem Jahr in Zusammenhang mit dem G8-Gipfel in Genua wegen Folter. Ausdr\u00fccklich hielten die Richter fest, dass es sich beim beurteilten Fall nicht um einen Einzelfall handle. Das italienische Strafrecht sehe keinen eigenen Straftatbestand der Folter vor und habe sich als v\u00f6llig ungeeignet erwiesen, T\u00e4ter einer gerechten Strafe zuzuf\u00fchren.<\/p>\n<p>Die italienische Regierung hatte w\u00e4hrend des Verfahrens eine zwiesp\u00e4ltige, offensichtlich heuchlerische und hinterlistige Position eingenommen, um ein Urteil zu vermeiden.<\/p>\n<p>Seit der Verurteilung hat sich wenig ge\u00e4ndert. Zwar befindet sich ein Folterverbotsgesetz (wie schon seit \u00fcber 20 Jahren!) auf dem Weg, doch wurde die Behandlung letzten Sommer erneut abgebrochen, da Renzis Koalitionspartner NCD mit Innenminister Alfano ein Folterverbot f\u00fcr ein Hindernis in der Terrorbek\u00e4mpfung h\u00e4lt (womit er menschenrechtswidrige Handlungen implizit deckt). Auch 19 Polizeigewerkschaften haben sich gegen das Gesetz in Stellung gebracht.<\/p>\n<\/div>\n<p>Angesichts dieser Faktenlage ist klar, dass die Beschwichtigungen der italienischen Regierung in Bezug auf die AI-Vorw\u00fcrfe alles andere als beruhigen k\u00f6nnen.<\/p>\n<p><strong><span style=\"font-family: Helvetica, Arial, sans-serif; text-transform: uppercase;\">C\u00ebla enghe:<\/span><\/strong> <a title=\"Fl\u00fcchtlinge: Verantwortung \u00fcbernehmen!\" href=\"http:\/\/www.brennerbasisdemokratie.eu\/?p=21975\"><code>01<\/code><\/a> <a title=\"Die Solidarit\u00e4t der Anderen.\" href=\"http:\/\/www.brennerbasisdemokratie.eu\/?p=28811\"><code>02<\/code><\/a> <a title=\"Alfano-Sobotka, anma\u00dfende Polizei.\" href=\"http:\/\/www.brennerbasisdemokratie.eu\/?p=29289\"><code>03<\/code><\/a> <a title=\"Not und Elend.\" href=\"http:\/\/www.brennerbasisdemokratie.eu\/?p=23530\"><code>04<\/code><\/a> <a title=\"Meran: Polizei sch\u00fctzt Faschisten.\" href=\"http:\/\/www.brennerbasisdemokratie.eu\/?p=20426\"><code>05<\/code><\/a> <a title=\"Polizei gef\u00e4hrdet Rechtsstaat.\" href=\"http:\/\/www.brennerbasisdemokratie.eu\/?p=18927\"><code>06<\/code><\/a> <a title=\"Polizeigewalt in Meran.\" href=\"http:\/\/www.brennerbasisdemokratie.eu\/?p=2428\"><code>07<\/code><\/a> <span style=\"font-family: Helvetica, Arial, sans-serif; font-weight: normal;\">||<\/span> <a title=\"I pi\u00f9 deboli sono sprotetti.\" href=\"https:\/\/www.brennerbasisdemokratie.eu\/?p=59347\"><span style=\"color: #ff8c00\"><code>01<\/code><\/span><\/a> <a title=\"Die Fremdenfeindlichkeit des Systems.\" href=\"https:\/\/www.brennerbasisdemokratie.eu\/?p=39147\"><span style=\"color: #ff8c00\"><code>02<\/code><\/span><\/a><\/p>","protected":false},"excerpt":{"rendered":"<p>Wie Amnesty International (AI) vor wenigen Tagen \u00f6ffentlich machte, hat die neue europ\u00e4ische Fl\u00fcchtlingspolitik (seit 2015) in Italien Menschenrechtsverletzungen zur Folge. Die Organisation prangert an, dass Fl\u00fcchtlinge von italienischen Ordnungskr\u00e4ften in den sogenannten Hotspots Misshandlungen ausgesetzt und mit teils folter\u00e4hnlichen Methoden zu erkennungsdienstlichen Ma\u00dfnahmen gezwungen werden. Ausdr\u00fccklich ist in dem ver\u00f6ffentlichten Bericht von Schl\u00e4gen, Elektroschocks [&hellip;]<\/p>","protected":false},"author":1,"featured_media":0,"comment_status":"open","ping_status":"open","sticky":false,"template":"","format":"standard","meta":{"_crdt_document":"","ngg_post_thumbnail":0,"_jetpack_memberships_contains_paid_content":false,"footnotes":""},"categories":[1],"tags":[],"class_list":["post-32481","post","type-post","status-publish","format-standard","hentry","category-allgemein","entity-amnesty-international","entity-egmr","entity-eu","entity-pd","entity-pdl","entity-staat-italien","location-italy","language-deutsch","person-matteo-renzi","topic-gewerkschaften","topic-grundrechte","topic-migraziun","topic-politik","topic-polizei","topic-racism","topic-recht","topic-repression"],"jetpack_featured_media_url":"","jetpack_sharing_enabled":true,"_links":{"self":[{"href":"https:\/\/www.brennerbasisdemokratie.eu\/index.php?rest_route=\/wp\/v2\/posts\/32481","targetHints":{"allow":["GET"]}}],"collection":[{"href":"https:\/\/www.brennerbasisdemokratie.eu\/index.php?rest_route=\/wp\/v2\/posts"}],"about":[{"href":"https:\/\/www.brennerbasisdemokratie.eu\/index.php?rest_route=\/wp\/v2\/types\/post"}],"author":[{"embeddable":true,"href":"https:\/\/www.brennerbasisdemokratie.eu\/index.php?rest_route=\/wp\/v2\/users\/1"}],"replies":[{"embeddable":true,"href":"https:\/\/www.brennerbasisdemokratie.eu\/index.php?rest_route=%2Fwp%2Fv2%2Fcomments&post=32481"}],"version-history":[{"count":14,"href":"https:\/\/www.brennerbasisdemokratie.eu\/index.php?rest_route=\/wp\/v2\/posts\/32481\/revisions"}],"predecessor-version":[{"id":32487,"href":"https:\/\/www.brennerbasisdemokratie.eu\/index.php?rest_route=\/wp\/v2\/posts\/32481\/revisions\/32487"}],"wp:attachment":[{"href":"https:\/\/www.brennerbasisdemokratie.eu\/index.php?rest_route=%2Fwp%2Fv2%2Fmedia&parent=32481"}],"wp:term":[{"taxonomy":"category","embeddable":true,"href":"https:\/\/www.brennerbasisdemokratie.eu\/index.php?rest_route=%2Fwp%2Fv2%2Fcategories&post=32481"},{"taxonomy":"post_tag","embeddable":true,"href":"https:\/\/www.brennerbasisdemokratie.eu\/index.php?rest_route=%2Fwp%2Fv2%2Ftags&post=32481"}],"curies":[{"name":"wp","href":"https:\/\/api.w.org\/{rel}","templated":true}]}}