{"id":32573,"date":"2016-11-11T21:29:36","date_gmt":"2016-11-11T20:29:36","guid":{"rendered":"http:\/\/www.brennerbasisdemokratie.eu\/?p=32573"},"modified":"2025-11-13T14:41:02","modified_gmt":"2025-11-13T13:41:02","slug":"quotation-325-disagio-2-0-stop-ai-fatti","status":"publish","type":"post","link":"https:\/\/www.brennerbasisdemokratie.eu\/?p=32573","title":{"rendered":"Disagio 2.0, stop ai fatti!"},"content":{"rendered":"<blockquote><p>S\u00ec, \u00e8 vero gli italiani stanno per sparire dalle valli, vivono solo nelle citt\u00e0, in pratica in una piccola frazione di territorio. \u00c8 un deflusso inevitabile, basta volerlo vedere.<\/p><\/blockquote>\n<p>Dice questo il professor Luca Fazzi, \u00abordinario di Sociologia a Trento\u00bb, nell\u2019intervista ad opera di Paolo Campostrini pubblicata sull\u2019<em>A. Adige<\/em> di oggi. Prima di dire che \u00ablo Statuto [di autonomia] non va riformato. Va superato.\u00bb<\/p>\n<p>Eppure, secondo i <a title=\"Astat: Berechnung des Bestandes\u2026\" href=\"http:\/\/www.provinz.bz.it\/astat\/de\/bevoelkerung\/439.asp?demographischestruktur_action=4&amp;demographischestruktur_article_id=198728\" target=\"_blank\" rel=\"noopener noreferrer\">dati ufficiali<\/a> dell\u2019<em>Astat,<\/em> la percentuale degli italiani dal 2001 al 2011 \u00e8 aumentata ad Aldein, Andrian, Algund, Altrei, Appiano, Badia, Bolzano, Bressanone, Bronzolo, Brunico, Cortina s.s.d.v., Corvara, S. Crestina, Dobbiaco, Feldthurns, Freienfeld, Glurns,&nbsp;Graun,&nbsp;Gsies, Hafling,&nbsp;Jenesien, Kaltern,&nbsp;Kastelbell-Tschars,&nbsp;Kastelruth, Kuens, Laives, Lauregno,&nbsp;St. Lorenzen, L\u00fcsen, Mareo, Marling,&nbsp;S. Martin de Tor, Merano, M\u00f6lten, Montan,&nbsp;M\u00fchlwald, Nals, Naturns, Natz-Schabs,&nbsp;Niederdorf, Olang, St. Pankraz, Partschins, Percha,&nbsp;Pfalzen, Plaus, Prettau, Proveis, Ratschings, Riffian,&nbsp;Ritten, Rodeneck, Sarntal, Sexten, Sterzing, Terenten, Terlan, Tisens, Tirol, Tramin a.d.W., Truden,&nbsp;Tscherms, Urtij\u00ebi, Vadena,&nbsp;Vahrn, La Val, Villn\u00f6\u00df,&nbsp;V\u00f6ls, V\u00f6ran, Waidbruck, Welsberg-Taisten, Welschnofen. Ovvero in 72 comuni su 116 (il 62%) e <a title=\"Pallaver, Statistik ist ein Bauchgef\u00fchl.\" href=\"http:\/\/www.brennerbasisdemokratie.eu\/?p=32312\">in 6 comunit\u00e0 comprensoriali su 8.<\/a><\/p>\n<p>Ma questi sono \u00absolo\u00bb i fatti\u2026 e quelli oggigiorno sembrano non interessare pi\u00f9 nemmeno ai professori.<\/p>\n<p><strong><span style=\"font-family: Helvetica, Arial, sans-serif; text-transform: uppercase;\">C\u00ebla enghe:<\/span><\/strong> <a title=\"Posti apicali, sfatato un mito.\" href=\"https:\/\/www.brennerbasisdemokratie.eu\/?p=32322\"><code>01<\/code><\/a> <a title=\"Pallaver, Statistik ist ein Bauchgef\u00fchl.\" href=\"http:\/\/www.brennerbasisdemokratie.eu\/?p=32312\"><code>02<\/code><\/a> <a title=\"Daheim in Mythen?\" href=\"http:\/\/www.brennerbasisdemokratie.eu\/?p=23190\"><code>03<\/code><\/a> <span style=\"font-family: Helvetica, Arial, sans-serif; font-weight: normal;\">||<\/span> <a title=\"Kaum mehr Italiener\u2026?\" href=\"https:\/\/www.brennerbasisdemokratie.eu\/?p=33749\" rel=\"\"><span style=\"color: #ff8c00\"><code>01<\/code><\/span><\/a> <a title=\"Sprachgruppen: Falschinformationen vom Landesrat.\" href=\"https:\/\/www.brennerbasisdemokratie.eu\/?p=96106\"><span style=\"color: #ff8c00\"><code>02<\/code><\/span><\/a><\/p>","protected":false},"excerpt":{"rendered":"<p>S\u00ec, \u00e8 vero gli italiani stanno per sparire dalle valli, vivono solo nelle citt\u00e0, in pratica in una piccola frazione di territorio. \u00c8 un deflusso inevitabile, basta volerlo vedere. Dice questo il professor Luca Fazzi, \u00abordinario di Sociologia a Trento\u00bb, nell\u2019intervista ad opera di Paolo Campostrini pubblicata sull\u2019A. Adige di oggi. Prima di dire che [&hellip;]<\/p>","protected":false},"author":1,"featured_media":0,"comment_status":"open","ping_status":"open","sticky":false,"template":"","format":"standard","meta":{"_crdt_document":"","ngg_post_thumbnail":0,"_jetpack_memberships_contains_paid_content":false,"footnotes":""},"categories":[1],"tags":[],"class_list":["post-32573","post","type-post","status-publish","format-standard","hentry","category-allgemein","entity-astat","issue-cumpedada","issue-disagio","issue-quotation","location-sudtirolo","language-italiano","medium-aa","person-luca-fazzi","topic-faktencheck","topic-kohasion","topic-medien","topic-statistik"],"jetpack_featured_media_url":"","jetpack_sharing_enabled":true,"_links":{"self":[{"href":"https:\/\/www.brennerbasisdemokratie.eu\/index.php?rest_route=\/wp\/v2\/posts\/32573","targetHints":{"allow":["GET"]}}],"collection":[{"href":"https:\/\/www.brennerbasisdemokratie.eu\/index.php?rest_route=\/wp\/v2\/posts"}],"about":[{"href":"https:\/\/www.brennerbasisdemokratie.eu\/index.php?rest_route=\/wp\/v2\/types\/post"}],"author":[{"embeddable":true,"href":"https:\/\/www.brennerbasisdemokratie.eu\/index.php?rest_route=\/wp\/v2\/users\/1"}],"replies":[{"embeddable":true,"href":"https:\/\/www.brennerbasisdemokratie.eu\/index.php?rest_route=%2Fwp%2Fv2%2Fcomments&post=32573"}],"version-history":[{"count":16,"href":"https:\/\/www.brennerbasisdemokratie.eu\/index.php?rest_route=\/wp\/v2\/posts\/32573\/revisions"}],"predecessor-version":[{"id":96115,"href":"https:\/\/www.brennerbasisdemokratie.eu\/index.php?rest_route=\/wp\/v2\/posts\/32573\/revisions\/96115"}],"wp:attachment":[{"href":"https:\/\/www.brennerbasisdemokratie.eu\/index.php?rest_route=%2Fwp%2Fv2%2Fmedia&parent=32573"}],"wp:term":[{"taxonomy":"category","embeddable":true,"href":"https:\/\/www.brennerbasisdemokratie.eu\/index.php?rest_route=%2Fwp%2Fv2%2Fcategories&post=32573"},{"taxonomy":"post_tag","embeddable":true,"href":"https:\/\/www.brennerbasisdemokratie.eu\/index.php?rest_route=%2Fwp%2Fv2%2Ftags&post=32573"}],"curies":[{"name":"wp","href":"https:\/\/api.w.org\/{rel}","templated":true}]}}