{"id":3272,"date":"2009-10-07T14:58:46","date_gmt":"2009-10-07T12:58:46","guid":{"rendered":"http:\/\/www.brennerbasisdemokratie.eu\/?p=3272"},"modified":"2019-01-19T18:59:14","modified_gmt":"2019-01-19T17:59:14","slug":"aktuelle-notiz-rdv-mit-sven-knoll","status":"publish","type":"post","link":"https:\/\/www.brennerbasisdemokratie.eu\/?p=3272","title":{"rendered":"+++ Aktuelle Notiz: Rdv mit Sven Knoll."},"content":{"rendered":"<p>Heute Mittag hat ein kurzes Treffen zwischen Sven Knoll (STF), Harald Mair (SVP), Wolfgang Niederhofer [niwo] und mir beim Batzenh\u00e4usl stattgefunden. Dies sehe ich u.a. im Zusammenhang mit meiner Ablehnung, einen Artikel f\u00fcr die Publikation der Arbeitsgemeinschaft f\u00fcr Selbstbestimmung zu verfassen <a title=\"Einladung der Arbeitsgemeinschaft.\" href=\"http:\/\/www.brennerbasisdemokratie.eu\/?p=3118\" target=\"_self\">[vgl]<\/a>.<\/p>\n<p>Es war eine sehr offene, teilweise sogar \u00fcberraschend positive Zusammenkunft, \u00fcber die ich hier noch berichten werde. Themen waren unter anderem die Italiener, Immersionsunterricht und die Ausrichtung der SVP.<\/p>","protected":false},"excerpt":{"rendered":"<p>Heute Mittag hat ein kurzes Treffen zwischen Sven Knoll (STF), Harald Mair (SVP), Wolfgang Niederhofer [niwo] und mir beim Batzenh\u00e4usl stattgefunden. Dies sehe ich u.a. im Zusammenhang mit meiner Ablehnung, einen Artikel f\u00fcr die Publikation der Arbeitsgemeinschaft f\u00fcr Selbstbestimmung zu verfassen [vgl]. Es war eine sehr offene, teilweise sogar \u00fcberraschend positive Zusammenkunft, \u00fcber die ich [&hellip;]<\/p>","protected":false},"author":1,"featured_media":0,"comment_status":"open","ping_status":"open","sticky":false,"template":"","format":"standard","meta":{"_crdt_document":"","ngg_post_thumbnail":0,"_jetpack_memberships_contains_paid_content":false,"footnotes":""},"categories":[],"tags":[],"class_list":["post-3272","post","type-post","status-publish","format-standard","hentry","entity-stf","entity-svp","language-deutsch","person-sven-knoll","topic-interna","topic-politik"],"jetpack_featured_media_url":"","jetpack_sharing_enabled":true,"_links":{"self":[{"href":"https:\/\/www.brennerbasisdemokratie.eu\/index.php?rest_route=\/wp\/v2\/posts\/3272","targetHints":{"allow":["GET"]}}],"collection":[{"href":"https:\/\/www.brennerbasisdemokratie.eu\/index.php?rest_route=\/wp\/v2\/posts"}],"about":[{"href":"https:\/\/www.brennerbasisdemokratie.eu\/index.php?rest_route=\/wp\/v2\/types\/post"}],"author":[{"embeddable":true,"href":"https:\/\/www.brennerbasisdemokratie.eu\/index.php?rest_route=\/wp\/v2\/users\/1"}],"replies":[{"embeddable":true,"href":"https:\/\/www.brennerbasisdemokratie.eu\/index.php?rest_route=%2Fwp%2Fv2%2Fcomments&post=3272"}],"version-history":[{"count":10,"href":"https:\/\/www.brennerbasisdemokratie.eu\/index.php?rest_route=\/wp\/v2\/posts\/3272\/revisions"}],"predecessor-version":[{"id":9177,"href":"https:\/\/www.brennerbasisdemokratie.eu\/index.php?rest_route=\/wp\/v2\/posts\/3272\/revisions\/9177"}],"wp:attachment":[{"href":"https:\/\/www.brennerbasisdemokratie.eu\/index.php?rest_route=%2Fwp%2Fv2%2Fmedia&parent=3272"}],"wp:term":[{"taxonomy":"category","embeddable":true,"href":"https:\/\/www.brennerbasisdemokratie.eu\/index.php?rest_route=%2Fwp%2Fv2%2Fcategories&post=3272"},{"taxonomy":"post_tag","embeddable":true,"href":"https:\/\/www.brennerbasisdemokratie.eu\/index.php?rest_route=%2Fwp%2Fv2%2Ftags&post=3272"}],"curies":[{"name":"wp","href":"https:\/\/api.w.org\/{rel}","templated":true}]}}