{"id":32833,"date":"2016-12-03T19:05:49","date_gmt":"2016-12-03T18:05:49","guid":{"rendered":"http:\/\/www.brennerbasisdemokratie.eu\/?p=32833"},"modified":"2023-01-03T20:36:38","modified_gmt":"2023-01-03T19:36:38","slug":"abgehaengte-jugend","status":"publish","type":"post","link":"https:\/\/www.brennerbasisdemokratie.eu\/?p=32833","title":{"rendered":"Abgeh\u00e4ngte Jugend."},"content":{"rendered":"<p>Der letzte Bericht zur sozialen Lage der Nation des Forschungsinstitutes <a href=\"http:\/\/www.censis.it\">Censis<\/a>\u00a0offenbart eine grundlegende Malaise, in welcher das Land steckt. Es gibt sicherlich viele Faktoren, die den Zustand einer Gesellschaft beschreiben k\u00f6nnen; nur ein Gesamtbild ist meist objektiv, aber trotzdem sind die neuesten Ergebnisse laut dem j\u00e4hrlichen <a href=\"http:\/\/www.censis.it\/9\">Bericht<\/a> geradezu erschreckend:<\/p>\n<ul>\n<li>Im Vergleich zur Jugend vor 25 Jahren haben die heutigen italienischen Jugendlichen ein um 26,5% geringeres Einkommen, w\u00e4hrend die \u00e4ltere Generation (65+) im Vergleich ihr Einkommen um 24,3% steigern konnte.<\/li>\n<li>Zum Durchschnitt der Bev\u00f6lkerung haben die Haushalte mit weniger als 35 Jahren ein um 15,1% geringeres Einkommen und ihr Verm\u00f6gen <em>(&#8220;ricchezza&#8221;)<\/em> ist um 41,1% geringer. Vor 25 Jahren waren die Einkommen der Jugend im Vergleich zur Gesamtbev\u00f6lkerung um 5,9% h\u00f6her.<\/li>\n<li>Der Anteil der NEET (<span lang=\"en\" xml:lang=\"en\"><i><b>N<\/b>ot in <b>E<\/b>ducation, <b>E<\/b>mployment or <b>T<\/b>raining<\/i><\/span>) ist mit 24,2% die h\u00f6chste in ganz Europa.<\/li>\n<li>61,4% der Bev\u00f6lkerung glauben, dass ihr Einkommen in den n\u00e4chsten Jahren nicht steigen wird, ebenso sind 57% der Bev\u00f6lkerung der Meinung, dass ihre Kinder und Kindeskinder schlechter leben werden als sie heute.<\/li>\n<li>Gleichzeitig erleben die sogenannten <em>Voucher\u00a0<\/em>einen Boom, in den Jahren 2008-bis 2015 wurden 277 Mio. davon ausgegeben. Im heurigen Jahr wurden bisher allein 70 Mio. <em>Voucher<\/em> f\u00fcr zeitlich befristete bzw. unregelm\u00e4\u00dfige T\u00e4tigkeiten registriert. Ein Zeichen, dass vor allem <em>&#8220;lavoretti&#8221;<\/em> boomen.<\/li>\n<li>In diesem Zusammenhang ist es nicht verwunderlich, dass die Zahl der Geburten im Jahre 2015 mit 485.000 einen neuen Tiefstand erreicht hat. Die Zahl der Kinder pro Frau ist auf 1,35 gesunken, notwendig w\u00e4ren 2,1 um eine Bev\u00f6lkerung zu erhalten. Der Anteil der \u00c4lteren (65+) ist mit 22% h\u00f6her als jene der Jungen (0-18 Jahre: 16,5%).<\/li>\n<\/ul>\n<p>F\u00fcr mich sind diese Ergebnisse geradezu erschreckend. Der <a href=\"http:\/\/www.brennerbasisdemokratie.eu\/?p=16931\">Trend<\/a>\u00a0der letzten Jahre hat sich verfestigt. Ein Gemeinwesen, welches nicht in der Lage ist, Zukunftsperspektiven f\u00fcr die eigene Jugend zu bieten, kann als gescheitert angesehen werden. Wenn jemand keine Aussicht auf eine geregelte und angemessen bezahlte Arbeit hat, dann wird er sicherlich nicht eine Wohnung kaufen und eine Familie gr\u00fcnden. Dieser Teufelskreis wirkt sich gesamtgesellschaftlich und gesamtwirtschaftlich immer st\u00e4rker aus. Nicht geborene Kinder werden auch in Zukunft keine Nachfrage generieren und die ungeborenen Kinder ihrerseits wiederum keine Kinder bekommen \u2014 letztlich ein sich selbst verst\u00e4rkender Prozess, der unweigerlich in eine immer tiefere Krise f\u00fchren wird. Vor diesem Hintergrund ist das anstehende Verfassungsreferendum geradezu ein Witz. Wie soll dieses Land angesichts der Dynamik, wie sich eine Vielzahl an Indikatoren entwickeln, je wieder auf die Beine kommen? Vor allem ist es aber ein Verrat an unseren Kindern; diese himmelschreiende Ungerechtigkeit, dass die \u00e4ltere Generation geradezu auf Kosten der j\u00fcngeren Generation lebt, wird uns noch alle teuer zu stehen kommen.<\/p>","protected":false},"excerpt":{"rendered":"<p>Der letzte Bericht zur sozialen Lage der Nation des Forschungsinstitutes Censis\u00a0offenbart eine grundlegende Malaise, in welcher das Land steckt. Es gibt sicherlich viele Faktoren, die den Zustand einer Gesellschaft beschreiben k\u00f6nnen; nur ein Gesamtbild ist meist objektiv, aber trotzdem sind die neuesten Ergebnisse laut dem j\u00e4hrlichen Bericht geradezu erschreckend: Im Vergleich zur Jugend vor 25 [&hellip;]<\/p>","protected":false},"author":11,"featured_media":0,"comment_status":"open","ping_status":"open","sticky":false,"template":"","format":"standard","meta":{"_crdt_document":"","ngg_post_thumbnail":0,"_jetpack_memberships_contains_paid_content":false,"footnotes":""},"categories":[1],"tags":[],"class_list":["post-32833","post","type-post","status-publish","format-standard","hentry","category-allgemein","location-italy","language-deutsch","topic-bildung","topic-scola","topic-solidariete","topic-soziales","topic-umfragen","topic-wirtschaft","topic-zentralismus"],"jetpack_featured_media_url":"","jetpack_sharing_enabled":true,"_links":{"self":[{"href":"https:\/\/www.brennerbasisdemokratie.eu\/index.php?rest_route=\/wp\/v2\/posts\/32833","targetHints":{"allow":["GET"]}}],"collection":[{"href":"https:\/\/www.brennerbasisdemokratie.eu\/index.php?rest_route=\/wp\/v2\/posts"}],"about":[{"href":"https:\/\/www.brennerbasisdemokratie.eu\/index.php?rest_route=\/wp\/v2\/types\/post"}],"author":[{"embeddable":true,"href":"https:\/\/www.brennerbasisdemokratie.eu\/index.php?rest_route=\/wp\/v2\/users\/11"}],"replies":[{"embeddable":true,"href":"https:\/\/www.brennerbasisdemokratie.eu\/index.php?rest_route=%2Fwp%2Fv2%2Fcomments&post=32833"}],"version-history":[{"count":9,"href":"https:\/\/www.brennerbasisdemokratie.eu\/index.php?rest_route=\/wp\/v2\/posts\/32833\/revisions"}],"predecessor-version":[{"id":75662,"href":"https:\/\/www.brennerbasisdemokratie.eu\/index.php?rest_route=\/wp\/v2\/posts\/32833\/revisions\/75662"}],"wp:attachment":[{"href":"https:\/\/www.brennerbasisdemokratie.eu\/index.php?rest_route=%2Fwp%2Fv2%2Fmedia&parent=32833"}],"wp:term":[{"taxonomy":"category","embeddable":true,"href":"https:\/\/www.brennerbasisdemokratie.eu\/index.php?rest_route=%2Fwp%2Fv2%2Fcategories&post=32833"},{"taxonomy":"post_tag","embeddable":true,"href":"https:\/\/www.brennerbasisdemokratie.eu\/index.php?rest_route=%2Fwp%2Fv2%2Ftags&post=32833"}],"curies":[{"name":"wp","href":"https:\/\/api.w.org\/{rel}","templated":true}]}}