{"id":32845,"date":"2016-12-04T19:57:59","date_gmt":"2016-12-04T18:57:59","guid":{"rendered":"http:\/\/www.brennerbasisdemokratie.eu\/?p=32845"},"modified":"2024-04-25T13:39:39","modified_gmt":"2024-04-25T11:39:39","slug":"k33-erste-ergebnisse","status":"publish","type":"post","link":"https:\/\/www.brennerbasisdemokratie.eu\/?p=32845","title":{"rendered":"K33: Erste Ergebnisse."},"content":{"rendered":"<p>Die Sitzung des <em>Konvents der 33<\/em>&nbsp;vom 2. Dezember erzielte, nachdem es zwei Arbeitsgruppensitzungen gegeben hatte, im Plenum erste wichtige Ergebnisse:<\/p>\n<p>Es wurde im Konsens vereinbart, dass s\u00e4mtliche Kompetenzen in exklusive umgewandelt werden sollen. Die Wortwahl ist wichtig, da explizit nicht auf prim\u00e4re, sekund\u00e4re und terti\u00e4re Kompetenzen Bezug genommen wird, sondern einfach alle Kompetenzen gleichrangig exklusiv werden sollen.<\/p>\n<p>Das zweite Ergebnis wurde erst nach langwierigen Diskussionen und nicht im Konsens erzielt. Der \u00fcberwiegende Teil der Teilnehmer sprach sich f\u00fcr folgenden Rahmen, der unsere Kompetenzen einschr\u00e4nkt, aus:<\/p>\n<ul>\n<li>die Einhaltung internationaler Vertr\u00e4ge bzw. Verpflichtungen;<\/li>\n<li>das EU-Recht;<\/li>\n<li>und die grundlegenden Prinzipien der Verfassungsordnung.<\/li>\n<\/ul>\n<p>Laura Senesi, Roberto Bizzo, Olfa Sassi und Laura Polonioli hingegen bestanden auf folgender Formulierung:<\/p>\n<ul>\n<li>die Einhaltung internationaler Vertr\u00e4ge bzw. Verpflichtungen;<\/li>\n<li>das EU-Recht;<\/li>\n<li>und die italienische Verfassung.<\/li>\n<\/ul>\n<p>Die endg\u00fcltigen Formulierungen werden uns noch \u00fcbermittelt, deshalb kann es zu leichten sprachlichen Abweichungen kommen. Die beiden Formulierungen werden Eingang in das Abschlussdokument finden.<\/p>\n<p>Die Sitzung war vor allem die Sternstunde der Juristen, Andreas Widmann, Florian von Ach, Esther Happacher, Renate von Guggenberg und Roberto Toniatti brachten sich vorrangig in die Sitzung ein. F\u00fcr alle Nicht-Juristen war es schwierig, den Feinheiten der Formulierungen zu folgen.<\/p>\n<p><strong><span style=\"font-family: Helvetica, Arial, sans-serif; text-transform: uppercase; font-weight: bold;\">Serie<\/span><\/strong>&nbsp;<a title=\"Spannender Start in den Konvent.\" href=\"https:\/\/www.brennerbasisdemokratie.eu\/?p=28385\"><span style=\"font-family: Helvetica, Arial, sans-serif; font-weight: bold;\">I<\/span><\/a> <a title=\"Appell an die Vernunft.\" href=\"http:\/\/www.brennerbasisdemokratie.eu\/?p=28505\"><span style=\"font-family: Helvetica, Arial, sans-serif; font-weight: bold;\">II<\/span><\/a> <a title=\"K33: Konsensprinzip und Autonomieausbau.\" href=\"http:\/\/www.brennerbasisdemokratie.eu\/?p=29594\"><span style=\"font-family: Helvetica, Arial, sans-serif; font-weight: bold;\">III<\/span><\/a> <a title=\"K33: Die Rolle der Region.\" href=\"http:\/\/www.brennerbasisdemokratie.eu\/?p=29892\"><span style=\"font-family: Helvetica, Arial, sans-serif; font-weight: bold;\">IV<\/span><\/a> <a title=\"K33: Minderheitenschutz.\" href=\"http:\/\/www.brennerbasisdemokratie.eu\/?p=30186\"><span style=\"font-family: Helvetica, Arial, sans-serif; font-weight: bold;\">V<\/span><\/a> <a title=\"K33: Es geht weiter.\" href=\"http:\/\/www.brennerbasisdemokratie.eu\/?p=31521\"><span style=\"font-family: Helvetica, Arial, sans-serif; font-weight: bold;\">VI<\/span><\/a> <a title=\"K33: Selbstbestimmung.\" href=\"http:\/\/www.brennerbasisdemokratie.eu\/?p=31702\"><span style=\"font-family: Helvetica, Arial, sans-serif; font-weight: bold;\">VII<\/span><\/a> <a title=\"F100: Es wird gearbeitet.\" href=\"http:\/\/www.brennerbasisdemokratie.eu\/?p=31946\"><span style=\"font-family: Helvetica, Arial, sans-serif; font-weight: bold;\">VIII<\/span><\/a> <a title=\"K33: Europa und Euregio.\" href=\"http:\/\/www.brennerbasisdemokratie.eu\/?p=32189\"><span style=\"font-family: Helvetica, Arial, sans-serif; font-weight: bold;\">IX<\/span><\/a> <a title=\"K33: Subsidiarit\u00e4t und die Rolle der Gemeinden.\" href=\"http:\/\/www.brennerbasisdemokratie.eu\/?p=32467\"><span style=\"font-family: Helvetica, Arial, sans-serif; font-weight: bold;\">X<\/span><\/a> <a title=\"K33: Arbeitsgruppen zu den Kompetenzen\" href=\"http:\/\/www.brennerbasisdemokratie.eu\/?p=32672\"><span style=\"font-family: Helvetica, Arial, sans-serif; font-weight: bold;\">XI<\/span><\/a> <a title=\"K33: Wo sind die Italiener?\" href=\"http:\/\/www.brennerbasisdemokratie.eu\/?p=32747\"><span style=\"font-family: Helvetica, Arial, sans-serif; font-weight: bold;\">XII<\/span><\/a> <span style=\"font-family: Helvetica, Arial, sans-serif; font-weight: bold;\">XIII<\/span> <a href=\"http:\/\/www.brennerbasisdemokratie.eu\/?p=33484\"><span style=\"font-family: Helvetica, Arial, sans-serif; font-weight: bold;\">XIV<\/span><\/a> <a title=\"K33: Landespolizei, Steuerhoheit uvm.\" href=\"http:\/\/www.brennerbasisdemokratie.eu\/?p=33597\"><span style=\"font-family: Helvetica, Arial, sans-serif; font-weight: bold;\">XV<\/span><\/a> <a title=\"K33: Provokation der Gewerkschaften.\" href=\"http:\/\/www.brennerbasisdemokratie.eu\/?p=33763\"><span style=\"font-family: Helvetica, Arial, sans-serif; font-weight: bold;\">XVI<\/span><\/a> <a title=\"K33: Art. 19 wird nicht angetastet.\" href=\"http:\/\/www.brennerbasisdemokratie.eu\/?p=33846\"><span style=\"font-family: Helvetica, Arial, sans-serif; font-weight: bold;\">XVII<\/span><\/a> <a title=\"Wer ist progressiv?\" href=\"http:\/\/www.brennerbasisdemokratie.eu\/?p=33859\"><span style=\"font-family: Helvetica, Arial, sans-serif; font-weight: bold;\">XVIII<\/span><\/a> <a title=\"F100: Vers\u00f6hnlicher Abschluss.\" href=\"http:\/\/www.brennerbasisdemokratie.eu\/?p=34422\"><span style=\"font-family: Helvetica, Arial, sans-serif; font-weight: bold;\">XIX<\/span><\/a> <a title=\"K33: Finanz- und Steuerautonomie.\" href=\"http:\/\/www.brennerbasisdemokratie.eu\/?p=34520\"><span style=\"font-family: Helvetica, Arial, sans-serif; font-weight: bold;\">XX<\/span><\/a> <a title=\"F100: Abschlussveranstaltung im K33.\" href=\"http:\/\/www.brennerbasisdemokratie.eu\/?p=34651\"><span style=\"font-family: Helvetica, Arial, sans-serif; font-weight: bold;\">XXI<\/span><\/a> <a title=\"Basta!\" href=\"http:\/\/www.brennerbasisdemokratie.eu\/?p=34662\"><span style=\"font-family: Helvetica, Arial, sans-serif; font-weight: bold;\">XXII<\/span><\/a> <a title=\"K33: Ladinien und Pr\u00e4ambel.\" href=\"http:\/\/www.brennerbasisdemokratie.eu\/?p=34747\"><span style=\"font-family: Helvetica, Arial, sans-serif; font-weight: bold;\">XXIII<\/span><\/a> <a title=\"K33: Endspurt.\" href=\"http:\/\/www.brennerbasisdemokratie.eu\/?p=35072\"><span style=\"font-family: Helvetica, Arial, sans-serif; font-weight: bold;\">XXIV<\/span><\/a> <a title=\"K33: Abschluss der Arbeiten.\" href=\"http:\/\/www.brennerbasisdemokratie.eu\/?p=35206\"><span style=\"font-family: Helvetica, Arial, sans-serif; font-weight: bold;\">XXV<\/span><\/a><\/p>","protected":false},"excerpt":{"rendered":"<p>Die Sitzung des Konvents der 33&nbsp;vom 2. Dezember erzielte, nachdem es zwei Arbeitsgruppensitzungen gegeben hatte, im Plenum erste wichtige Ergebnisse: Es wurde im Konsens vereinbart, dass s\u00e4mtliche Kompetenzen in exklusive umgewandelt werden sollen. Die Wortwahl ist wichtig, da explizit nicht auf prim\u00e4re, sekund\u00e4re und terti\u00e4re Kompetenzen Bezug genommen wird, sondern einfach alle Kompetenzen gleichrangig exklusiv [&hellip;]<\/p>","protected":false},"author":12,"featured_media":0,"comment_status":"open","ping_status":"open","sticky":false,"template":"","format":"standard","meta":{"_crdt_document":"","ngg_post_thumbnail":0,"_jetpack_memberships_contains_paid_content":false,"footnotes":""},"categories":[1],"tags":[],"class_list":["post-32845","post","type-post","status-publish","format-standard","hentry","category-allgemein","entity-pd","issue-suedtirolkonvent","location-sudtirolo","language-deutsch","person-roberto-toniatti","topic-engagement","topic-foederalismus","topic-grundrechte","topic-minderheitenschutz","topic-mitbestimmung","topic-nationalismus","topic-recht","topic-staatland","topic-subsidiaritaet","topic-vorzeigeautonomie","topic-zustaendigkeiten"],"jetpack_featured_media_url":"","jetpack_sharing_enabled":true,"_links":{"self":[{"href":"https:\/\/www.brennerbasisdemokratie.eu\/index.php?rest_route=\/wp\/v2\/posts\/32845","targetHints":{"allow":["GET"]}}],"collection":[{"href":"https:\/\/www.brennerbasisdemokratie.eu\/index.php?rest_route=\/wp\/v2\/posts"}],"about":[{"href":"https:\/\/www.brennerbasisdemokratie.eu\/index.php?rest_route=\/wp\/v2\/types\/post"}],"author":[{"embeddable":true,"href":"https:\/\/www.brennerbasisdemokratie.eu\/index.php?rest_route=\/wp\/v2\/users\/12"}],"replies":[{"embeddable":true,"href":"https:\/\/www.brennerbasisdemokratie.eu\/index.php?rest_route=%2Fwp%2Fv2%2Fcomments&post=32845"}],"version-history":[{"count":10,"href":"https:\/\/www.brennerbasisdemokratie.eu\/index.php?rest_route=\/wp\/v2\/posts\/32845\/revisions"}],"predecessor-version":[{"id":85170,"href":"https:\/\/www.brennerbasisdemokratie.eu\/index.php?rest_route=\/wp\/v2\/posts\/32845\/revisions\/85170"}],"wp:attachment":[{"href":"https:\/\/www.brennerbasisdemokratie.eu\/index.php?rest_route=%2Fwp%2Fv2%2Fmedia&parent=32845"}],"wp:term":[{"taxonomy":"category","embeddable":true,"href":"https:\/\/www.brennerbasisdemokratie.eu\/index.php?rest_route=%2Fwp%2Fv2%2Fcategories&post=32845"},{"taxonomy":"post_tag","embeddable":true,"href":"https:\/\/www.brennerbasisdemokratie.eu\/index.php?rest_route=%2Fwp%2Fv2%2Ftags&post=32845"}],"curies":[{"name":"wp","href":"https:\/\/api.w.org\/{rel}","templated":true}]}}