{"id":33,"date":"2005-12-09T03:39:00","date_gmt":"2005-12-09T02:39:00","guid":{"rendered":"http:\/\/www.selbstbestimmung.net\/?p=33"},"modified":"2025-10-08T22:49:40","modified_gmt":"2025-10-08T20:49:40","slug":"schnittpunkt-der-kulturen","status":"publish","type":"post","link":"https:\/\/www.brennerbasisdemokratie.eu\/?p=33","title":{"rendered":"Schnittpunkt der Kulturen."},"content":{"rendered":"<p>So wird uns in der Regel das kulturpolitische Debakel euphemistisch verkauft, das unser Land kennzeichnet. Und niemand hinterfragt das. S\u00fcdtirol hat sich in den letzten Jahren mit wenigen H\u00f6hepunkten zum absoluten Randgebiet zweier wichtiger Sprach- und Kulturr\u00e4ume gewandelt. Der Gro\u00dfteil einheimischer Produktion besteht darin, eklektisch das angeblich beste von den Nachbarregionen zu kopieren \u2013 und selbst das ist zweifelhaft. Eine Kopie ist selten so gut, dass sie das Original \u00fcbertrifft.<\/p>\n<p>Eine eigenst\u00e4ndige kulturelle und k\u00fcnstlerische Leistung, die wenigstens einen der beiden angeschlossenen Sprachr\u00e4ume bereichern w\u00fcrde? Fehlanzeige. Das geht auch nicht anders. Denn wir haben es in der Kultur genauso wie in der Politik geradezu verabs\u00e4umt, das Potenzial <strong>im Lande<\/strong> zu suchen und selbstbewusst dazu zu stehen. Die vielversprechendste Alternative f\u00fcr helle K\u00f6pfe ist und bleibt die Auswanderung. Nur die \u00dcberwindung dieses Stadiums, und die Einleitung einer Phase, die nicht wie bisher selbstgef\u00e4llige Nabelschau betreibt (und Kultur taxativ auf Sch\u00fctzen- und Bastelvereine beschr\u00e4nkt) sondern das Potenzial im Land erkennt und selbstbewusst f\u00f6rdert, kann uns aus dieser Schieflage befreien. Und nur ein gesellschaftliches Gesamtprojekt, das endlich die ethnischen Barrieren \u00fcberwindet, kann den daf\u00fcr n\u00f6tigen Impuls geben. Man wird ein enormes Potenzial feststellen, wenn man die bisher aneinander vorbeilebenden Sprachgruppen endlich so miteinander vereint, dass sich ihre Kr\u00e4fte summieren oder sogar multiplizieren: Das ist es n\u00e4mlich, was f\u00fcr unser Land pekuli\u00e4r ist, und was wir als eigenst\u00e4ndigen Beitrag zur europ\u00e4ischen Kultur leisten k\u00f6nnen.<\/p>","protected":false},"excerpt":{"rendered":"<p>So wird uns in der Regel das kulturpolitische Debakel euphemistisch verkauft, das unser Land kennzeichnet. Und niemand hinterfragt das. S\u00fcdtirol hat sich in den letzten Jahren mit wenigen H\u00f6hepunkten zum absoluten Randgebiet zweier wichtiger Sprach- und Kulturr\u00e4ume gewandelt. Der Gro\u00dfteil einheimischer Produktion besteht darin, eklektisch das angeblich beste von den Nachbarregionen zu kopieren \u2013 und [&hellip;]<\/p>","protected":false},"author":1,"featured_media":0,"comment_status":"open","ping_status":"open","sticky":false,"template":"","format":"standard","meta":{"_crdt_document":"","ngg_post_thumbnail":0,"_jetpack_memberships_contains_paid_content":false,"footnotes":""},"categories":[1],"tags":[],"class_list":["post-33","post","type-post","status-publish","format-standard","hentry","category-allgemein","location-sudtirolo","language-deutsch","topic-aussendarstellung","topic-kunstcultura","topic-feuilleton","topic-plurilinguism"],"jetpack_featured_media_url":"","jetpack_sharing_enabled":true,"_links":{"self":[{"href":"https:\/\/www.brennerbasisdemokratie.eu\/index.php?rest_route=\/wp\/v2\/posts\/33","targetHints":{"allow":["GET"]}}],"collection":[{"href":"https:\/\/www.brennerbasisdemokratie.eu\/index.php?rest_route=\/wp\/v2\/posts"}],"about":[{"href":"https:\/\/www.brennerbasisdemokratie.eu\/index.php?rest_route=\/wp\/v2\/types\/post"}],"author":[{"embeddable":true,"href":"https:\/\/www.brennerbasisdemokratie.eu\/index.php?rest_route=\/wp\/v2\/users\/1"}],"replies":[{"embeddable":true,"href":"https:\/\/www.brennerbasisdemokratie.eu\/index.php?rest_route=%2Fwp%2Fv2%2Fcomments&post=33"}],"version-history":[{"count":1,"href":"https:\/\/www.brennerbasisdemokratie.eu\/index.php?rest_route=\/wp\/v2\/posts\/33\/revisions"}],"predecessor-version":[{"id":7609,"href":"https:\/\/www.brennerbasisdemokratie.eu\/index.php?rest_route=\/wp\/v2\/posts\/33\/revisions\/7609"}],"wp:attachment":[{"href":"https:\/\/www.brennerbasisdemokratie.eu\/index.php?rest_route=%2Fwp%2Fv2%2Fmedia&parent=33"}],"wp:term":[{"taxonomy":"category","embeddable":true,"href":"https:\/\/www.brennerbasisdemokratie.eu\/index.php?rest_route=%2Fwp%2Fv2%2Fcategories&post=33"},{"taxonomy":"post_tag","embeddable":true,"href":"https:\/\/www.brennerbasisdemokratie.eu\/index.php?rest_route=%2Fwp%2Fv2%2Ftags&post=33"}],"curies":[{"name":"wp","href":"https:\/\/api.w.org\/{rel}","templated":true}]}}