{"id":33070,"date":"2016-12-09T16:49:11","date_gmt":"2016-12-09T15:49:11","guid":{"rendered":"http:\/\/www.brennerbasisdemokratie.eu\/?p=33070"},"modified":"2025-08-31T19:15:44","modified_gmt":"2025-08-31T17:15:44","slug":"meran-auf-den-spuren-seiner-juedischen-gegenwart","status":"publish","type":"post","link":"https:\/\/www.brennerbasisdemokratie.eu\/?p=33070","title":{"rendered":"Meran auf den Spuren seiner j\u00fcdischen Gegenwart."},"content":{"rendered":"<blockquote><p><img loading=\"lazy\" decoding=\"async\" class=\"aligncenter size-full wp-image-33071\" src=\"http:\/\/www.brennerbasisdemokratie.eu\/wp-content\/uploads\/2016\/12\/juedischesmeran.png\" alt=\"\" width=\"667\" height=\"471\"\/><\/p><\/blockquote>\n<blockquote><p>Meran war und ist Heimat von Juden. Ohne ihre wirtschaftlichen Investitionen und geistig-kulturellen Impulse ist die Entwicklung Merans vom &#8220;Kuhst\u00e4dtchen&#8221; zum internationalen Kurort und zur liberalen Kulturstadt nicht vorstellbar.<\/p>\n<p>Mit verschiedenen Bildungsformaten wie Plakat- und Postkartenaktionen (Ein St\u00fcck Meran?), der Beflaggung von Geb\u00e4uden, welche fr\u00fcher in j\u00fcdischem Besitz waren, Stadtspazierg\u00e4ngen und Filmabenden begeben wir uns auf Spurensuche und m\u00f6chten die Meranerinnen und Meraner auf dieses wichtige St\u00fcck Stadtgeschichte aufmerksam machen.<\/p>\n<p><em>\u2014 urania meran<\/em><\/p><\/blockquote>\n<p>Am Dienstag, den 20. Dezember findet am Sitz der Urania Meran ab 19.00 Uhr eine Podiumsdiskussion zum Thema<\/p>\n<p style=\"padding-left: 30px;\"><strong>Alle Opfer? Meran und seine Juden<\/strong><\/p>\n<p>statt. Es beteiligen sich am Podium und aus dem Publikum:<\/p>\n<ul>\n<li>Hanno Loewy, Direktor des J\u00fcdischen Museums Hohenems<\/li>\n<li>Sabine Mayr, Philologin und Buchautorin<\/li>\n<li>Joachim Innerhofer, Direktor des J\u00fcdischen Museums Meran<\/li>\n<li>Leopold Steurer, Historiker<\/li>\n<li>Arnaldo Loner, Rechtsvertreter der Gde. Bozen im Mischa-Seifert-Prozess<\/li>\n<li>Federico Steinhaus, ehem. Pr\u00e4sident der J\u00fcdischen Gemeinde Meran<\/li>\n<li>Mirko Wenter, Vizepr\u00e4sident der J\u00fcdischen Gemeinde Meran<\/li>\n<li>Marko Feingold, Pr\u00e4sident der Israelitischen Kultusgemeinde Salzburg, KZ-\u00dcberlebender und Zeitzeuge<\/li>\n<li>Paul R\u00f6sch, B\u00fcrgermeister der Gde. Meran<\/li>\n<\/ul>\n<p>Musikalische Einleitung und Ausklang durch die Gruppe Stellerranti:<br \/>\nCinzia Bauci, Vokal \u2013 Lydia Cevidalli, Geige \u2013 Pierantonio Gallesi, Ziehharmonika.<\/p>\n<blockquote><p>In der Podiumsdiskussion wollen wir die Vergangenheit lebendig werden lassen und wichtige Kapitel der Meraner Stadtgeschichte neu erz\u00e4hlen. Gemeinsam mit Historikern, Zeitzeugen und Politikern wollen wir aber auch T\u00e4terschaft, Schweigen und Passivit\u00e4t der Meraner Bev\u00f6lkerung thematisieren und die Frage nach der Zukunft der j\u00fcdischen Gemeinde Meran stellen.<\/p><\/blockquote>\n<p>Moderation: Markus Lobis.<\/p>","protected":false},"excerpt":{"rendered":"<p>Meran war und ist Heimat von Juden. Ohne ihre wirtschaftlichen Investitionen und geistig-kulturellen Impulse ist die Entwicklung Merans vom &#8220;Kuhst\u00e4dtchen&#8221; zum internationalen Kurort und zur liberalen Kulturstadt nicht vorstellbar. Mit verschiedenen Bildungsformaten wie Plakat- und Postkartenaktionen (Ein St\u00fcck Meran?), der Beflaggung von Geb\u00e4uden, welche fr\u00fcher in j\u00fcdischem Besitz waren, Stadtspazierg\u00e4ngen und Filmabenden begeben wir uns [&hellip;]<\/p>","protected":false},"author":1,"featured_media":0,"comment_status":"open","ping_status":"open","sticky":false,"template":"","format":"standard","meta":{"_crdt_document":"","ngg_post_thumbnail":0,"_jetpack_memberships_contains_paid_content":false,"footnotes":""},"categories":[1],"tags":[],"class_list":["post-33070","post","type-post","status-publish","format-standard","hentry","category-allgemein","entity-gemeinde-meran","location-sudtirolo","language-deutsch","person-markus-lobis","person-paul-rosch","topic-antisemitismus","topic-kunstcultura","topic-geschichte","topic-kohasion","topic-religiun","topic-termin"],"jetpack_featured_media_url":"","jetpack_sharing_enabled":true,"_links":{"self":[{"href":"https:\/\/www.brennerbasisdemokratie.eu\/index.php?rest_route=\/wp\/v2\/posts\/33070","targetHints":{"allow":["GET"]}}],"collection":[{"href":"https:\/\/www.brennerbasisdemokratie.eu\/index.php?rest_route=\/wp\/v2\/posts"}],"about":[{"href":"https:\/\/www.brennerbasisdemokratie.eu\/index.php?rest_route=\/wp\/v2\/types\/post"}],"author":[{"embeddable":true,"href":"https:\/\/www.brennerbasisdemokratie.eu\/index.php?rest_route=\/wp\/v2\/users\/1"}],"replies":[{"embeddable":true,"href":"https:\/\/www.brennerbasisdemokratie.eu\/index.php?rest_route=%2Fwp%2Fv2%2Fcomments&post=33070"}],"version-history":[{"count":6,"href":"https:\/\/www.brennerbasisdemokratie.eu\/index.php?rest_route=\/wp\/v2\/posts\/33070\/revisions"}],"predecessor-version":[{"id":92760,"href":"https:\/\/www.brennerbasisdemokratie.eu\/index.php?rest_route=\/wp\/v2\/posts\/33070\/revisions\/92760"}],"wp:attachment":[{"href":"https:\/\/www.brennerbasisdemokratie.eu\/index.php?rest_route=%2Fwp%2Fv2%2Fmedia&parent=33070"}],"wp:term":[{"taxonomy":"category","embeddable":true,"href":"https:\/\/www.brennerbasisdemokratie.eu\/index.php?rest_route=%2Fwp%2Fv2%2Fcategories&post=33070"},{"taxonomy":"post_tag","embeddable":true,"href":"https:\/\/www.brennerbasisdemokratie.eu\/index.php?rest_route=%2Fwp%2Fv2%2Ftags&post=33070"}],"curies":[{"name":"wp","href":"https:\/\/api.w.org\/{rel}","templated":true}]}}