{"id":33083,"date":"2016-12-09T19:31:56","date_gmt":"2016-12-09T18:31:56","guid":{"rendered":"http:\/\/www.brennerbasisdemokratie.eu\/?p=33083"},"modified":"2021-05-08T22:45:11","modified_gmt":"2021-05-08T20:45:11","slug":"eu-digitale-grenzen-ueberwinden","status":"publish","type":"post","link":"https:\/\/www.brennerbasisdemokratie.eu\/?p=33083","title":{"rendered":"EU: Digitale Grenzen \u00fcberwinden."},"content":{"rendered":"<p>Die Mitgliedsstaaten der Europ\u00e4ischen Union haben sich f\u00fcr eine l\u00e4ngst \u00fcberf\u00e4llige Vertiefung des digitalen Binnenmarktes entschieden. Wer heute auf einem ausl\u00e4ndischen Webportal einkaufen m\u00f6chte, wird h\u00e4ufig auf einen Zwischenh\u00e4ndler oder <a title=\"Zalandos Hinweis.\" href=\"http:\/\/www.brennerbasisdemokratie.eu\/?p=15050\">auf eine Homepage im Heimatland verwiesen.<\/a> Dabei kann sich neben den Preisen auch die Sprache \u00e4ndern.<\/p>\n<p>Bisweilen wird der Verkauf an EU-B\u00fcrgerInnen gar zur G\u00e4nze ausgeschlossen, etwa wenn sie keine \u00bbinl\u00e4ndische\u00ab Kreditkarte besitzen.<\/p>\n<p>All dies soll sich schon bald \u00e4ndern. Bis Mitte 2017 m\u00f6chte die EU-Kommission in Abstimmung mit dem Parlament die Richtlinien erlassen, um den erzielten Konsens umzusetzen.<\/p>\n<p>Verbrauchersch\u00fctzerInnen sind mit dem Ergebnis dennoch unzufrieden: Die neuen Regelungen sollen nicht f\u00fcr urheberrechtlich gesch\u00fctzte Produkte (wie B\u00fccher, Filme oder Musik) gelten sollen. Au\u00dferdem k\u00f6nnten H\u00e4ndler theoretisch den Verkauf abwickeln, dann jedoch den Versand ins Ausland ablehnen und die K\u00e4uferInnen somit zwingen, die Abholung selbst vorzunehmen oder wenigstens zu organisieren.<\/p>\n<p>Wie dem auch sei: Jeder kleine Schritt nach vorn ist in diesem Kontext begr\u00fc\u00dfenswert, es bleibt aber weiterhin sehr viel zu tun, um die digitalen Grenzen zu \u00fcberwinden.<\/p>\n<p><strong><span style=\"font-family: Helvetica, Arial, sans-serif; text-transform: uppercase;\">C\u00ebla enghe:<\/span><\/strong> <a title=\"EU: Konkreter Vorsto\u00df gegen Geoblocking.\" href=\"http:\/\/www.brennerbasisdemokratie.eu\/?p=29421\"><code>01<\/code><\/a> <a title=\"Netflix auf Katalanisch und Baskisch.\" href=\"http:\/\/www.brennerbasisdemokratie.eu\/?p=27294\"><code>02<\/code><\/a> <a title=\"Mediaset-Schikane.\" href=\"http:\/\/www.brennerbasisdemokratie.eu\/?p=25621\"><code>03<\/code><\/a> <a title=\"Zalandos Hinweis.\" href=\"http:\/\/www.brennerbasisdemokratie.eu\/?p=15050\"><code>04<\/code><\/a> <a title=\"Die digitale Grenze.\" href=\"http:\/\/www.brennerbasisdemokratie.eu\/?p=12624\"><code>05<\/code><\/a><\/p>","protected":false},"excerpt":{"rendered":"<p>Die Mitgliedsstaaten der Europ\u00e4ischen Union haben sich f\u00fcr eine l\u00e4ngst \u00fcberf\u00e4llige Vertiefung des digitalen Binnenmarktes entschieden. Wer heute auf einem ausl\u00e4ndischen Webportal einkaufen m\u00f6chte, wird h\u00e4ufig auf einen Zwischenh\u00e4ndler oder auf eine Homepage im Heimatland verwiesen. Dabei kann sich neben den Preisen auch die Sprache \u00e4ndern. Bisweilen wird der Verkauf an EU-B\u00fcrgerInnen gar zur G\u00e4nze [&hellip;]<\/p>","protected":false},"author":1,"featured_media":0,"comment_status":"open","ping_status":"open","sticky":false,"template":"","format":"standard","meta":{"_crdt_document":"","ngg_post_thumbnail":0,"_jetpack_memberships_contains_paid_content":false,"footnotes":""},"categories":[1],"tags":[],"class_list":["post-33083","post","type-post","status-publish","format-standard","hentry","category-allgemein","entity-eu","issue-geoblocking","issue-good-news","language-deutsch","topic-grenzen","topic-politik","topic-recht","topic-tech_com","topic-verbraucherinnen","topic-wirtschaft"],"jetpack_featured_media_url":"","jetpack_sharing_enabled":true,"_links":{"self":[{"href":"https:\/\/www.brennerbasisdemokratie.eu\/index.php?rest_route=\/wp\/v2\/posts\/33083","targetHints":{"allow":["GET"]}}],"collection":[{"href":"https:\/\/www.brennerbasisdemokratie.eu\/index.php?rest_route=\/wp\/v2\/posts"}],"about":[{"href":"https:\/\/www.brennerbasisdemokratie.eu\/index.php?rest_route=\/wp\/v2\/types\/post"}],"author":[{"embeddable":true,"href":"https:\/\/www.brennerbasisdemokratie.eu\/index.php?rest_route=\/wp\/v2\/users\/1"}],"replies":[{"embeddable":true,"href":"https:\/\/www.brennerbasisdemokratie.eu\/index.php?rest_route=%2Fwp%2Fv2%2Fcomments&post=33083"}],"version-history":[{"count":1,"href":"https:\/\/www.brennerbasisdemokratie.eu\/index.php?rest_route=\/wp\/v2\/posts\/33083\/revisions"}],"predecessor-version":[{"id":33084,"href":"https:\/\/www.brennerbasisdemokratie.eu\/index.php?rest_route=\/wp\/v2\/posts\/33083\/revisions\/33084"}],"wp:attachment":[{"href":"https:\/\/www.brennerbasisdemokratie.eu\/index.php?rest_route=%2Fwp%2Fv2%2Fmedia&parent=33083"}],"wp:term":[{"taxonomy":"category","embeddable":true,"href":"https:\/\/www.brennerbasisdemokratie.eu\/index.php?rest_route=%2Fwp%2Fv2%2Fcategories&post=33083"},{"taxonomy":"post_tag","embeddable":true,"href":"https:\/\/www.brennerbasisdemokratie.eu\/index.php?rest_route=%2Fwp%2Fv2%2Ftags&post=33083"}],"curies":[{"name":"wp","href":"https:\/\/api.w.org\/{rel}","templated":true}]}}