{"id":33176,"date":"2016-12-17T10:38:56","date_gmt":"2016-12-17T09:38:56","guid":{"rendered":"http:\/\/www.brennerbasisdemokratie.eu\/?p=33176"},"modified":"2023-01-03T20:34:18","modified_gmt":"2023-01-03T19:34:18","slug":"touristisch-ueberhitzte-alpen","status":"publish","type":"post","link":"https:\/\/www.brennerbasisdemokratie.eu\/?p=33176","title":{"rendered":"Touristisch \u00fcberhitzte Alpen?"},"content":{"rendered":"<p>Die S\u00fcdtiroler <em>Gr\u00fcnen<\/em> haben k\u00fcrzlich eine wichtige Debatte \u00fcber die Grenzen im Tourismus angesto\u00dfen, dessen \u00dcberhitzung hierzulande schon lange im Verdacht steht, einer nachhaltigen \u00f6kologischen, kulturellen, gesellschaftlichen und sogar wirtschaftlichen Entwicklung im Weg zu stehen.<\/p>\n<p>Die Alpen drohen, sich immer mehr nur noch zum Vergn\u00fcgungspark der umliegenden \u2014 dicht besiedelten \u2014 Regionen\u00a0 zu entwickeln und ihre eigene \u00bbMittelpunktqualit\u00e4t\u00ab einzub\u00fc\u00dfen.<\/p>\n<p>Als Negativbeispiel f\u00fcr S\u00fcdtirol nennen die <em>Gr\u00fcnen<\/em> etwa Nord-\/Osttirol. Doch bei genauerem Hinsehen liegt unser Landesteil (an der Bev\u00f6lkerungszahl gemessen) bei den j\u00e4hrlichen \u00dcbernachtungen bereits deutlich vor seinen Nachbarn in der Europaregion: <em>Eurostat<\/em> bescheinigt S\u00fcdtirol f\u00fcr 2015 \u2014 je 1.000 Einwohnerinnen! \u2014 rund 8.200 \u00dcbernachtungen mehr, als Nord-\/Osttirol und ganze 26.900 mehr, als dem Trentino. Das sind fast doppelt soviele.<\/p>\n<blockquote><p><a href=\"http:\/\/www.brennerbasisdemokratie.eu\/wp-content\/uploads\/2016\/12\/uebernachtungen2015.png\"><img loading=\"lazy\" decoding=\"async\" class=\"wp-image-33177 size-full\" src=\"http:\/\/www.brennerbasisdemokratie.eu\/wp-content\/uploads\/2016\/12\/uebernachtungen2015.png\" width=\"815\" height=\"718\" \/><\/a><\/p><\/blockquote>\n<p>Das Balkendiagramm zeigt nicht etwa eine Auswahl, sondern die ersten 35 Pl\u00e4tze in der Statistik. Da liegt S\u00fcdtirol europaweit nur hinter den drei insularen Mittelmeerregionen S\u00fcdliche \u00c4g\u00e4is, Balearen und Ionische Inseln (Korfu). Besser vergleichbare und weniger einseitig ausgerichtete Regionen wie Nord-\/Osttirol, Trentino, Aosta, K\u00e4rnten, Vorarlberg oder Venetien liegen in dieser Wertung weit abgeschlagen hinter uns.<\/p>\n<p>Solche Zahlen \u2014 selbst wenn die Bemessung an der Einwohnerinnenzahl nicht die einzig m\u00f6gliche und sinnvolle sein mag \u2014 sollten wir uns in einer wichtigen Debatte, wie jener \u00fcber die quantitative Einschr\u00e4nkung des Tourismus, die wirtschaftliche Diversifizierung und die Lebensqualit\u00e4t in den Alpen unbedingt vergegenw\u00e4rtigen.<\/p>\n<p><strong><span style=\"font-family: Helvetica, Arial, sans-serif; text-transform: uppercase;\">C\u00ebla enghe:<\/span><\/strong> <a title=\"Infrastrukturpolitik f\u00fcr alpine Regionen.\" href=\"http:\/\/www.brennerbasisdemokratie.eu\/?p=23718\"><code>01<\/code><\/a> <a title=\"Tunnel-Demokratie.\" href=\"http:\/\/www.brennerbasisdemokratie.eu\/?p=24750\"><code>02<\/code><\/a>\u00a0<span style=\"font-family: Helvetica, Arial, sans-serif; font-weight: normal;\">||<\/span> <a title=\"\u2018Wahllokal\u2019: Limitare il turismo?\" href=\"http:\/\/www.brennerbasisdemokratie.eu\/?p=43215\"><span style=\"color: #ff8c00\"><code>01<\/code><\/span><\/a> <a title=\"Uluru: Der gesperrte Symbolberg.\" href=\"http:\/\/www.brennerbasisdemokratie.eu\/?p=52150\"><span style=\"color: #ff8c00\"><code>02<\/code><\/span><\/a><\/p>","protected":false},"excerpt":{"rendered":"<p>Die S\u00fcdtiroler Gr\u00fcnen haben k\u00fcrzlich eine wichtige Debatte \u00fcber die Grenzen im Tourismus angesto\u00dfen, dessen \u00dcberhitzung hierzulande schon lange im Verdacht steht, einer nachhaltigen \u00f6kologischen, kulturellen, gesellschaftlichen und sogar wirtschaftlichen Entwicklung im Weg zu stehen. Die Alpen drohen, sich immer mehr nur noch zum Vergn\u00fcgungspark der umliegenden \u2014 dicht besiedelten \u2014 Regionen\u00a0 zu entwickeln und [&hellip;]<\/p>","protected":false},"author":1,"featured_media":0,"comment_status":"open","ping_status":"open","sticky":false,"template":"","format":"standard","meta":{"_crdt_document":"","ngg_post_thumbnail":0,"_jetpack_memberships_contains_paid_content":false,"footnotes":""},"categories":[1],"tags":[],"class_list":["post-33176","post","type-post","status-publish","format-standard","hentry","category-allgemein","entity-euregio","entity-eurostat","entity-verc","location-aouta","location-illes-balears","location-koroska","location-malta","location-nord-osttirol","location-sudtirolo","location-venetien","language-deutsch","topic-ecologia","topic-tourismus","topic-umfragen","topic-wirtschaft"],"jetpack_featured_media_url":"","jetpack_sharing_enabled":true,"_links":{"self":[{"href":"https:\/\/www.brennerbasisdemokratie.eu\/index.php?rest_route=\/wp\/v2\/posts\/33176","targetHints":{"allow":["GET"]}}],"collection":[{"href":"https:\/\/www.brennerbasisdemokratie.eu\/index.php?rest_route=\/wp\/v2\/posts"}],"about":[{"href":"https:\/\/www.brennerbasisdemokratie.eu\/index.php?rest_route=\/wp\/v2\/types\/post"}],"author":[{"embeddable":true,"href":"https:\/\/www.brennerbasisdemokratie.eu\/index.php?rest_route=\/wp\/v2\/users\/1"}],"replies":[{"embeddable":true,"href":"https:\/\/www.brennerbasisdemokratie.eu\/index.php?rest_route=%2Fwp%2Fv2%2Fcomments&post=33176"}],"version-history":[{"count":11,"href":"https:\/\/www.brennerbasisdemokratie.eu\/index.php?rest_route=\/wp\/v2\/posts\/33176\/revisions"}],"predecessor-version":[{"id":75661,"href":"https:\/\/www.brennerbasisdemokratie.eu\/index.php?rest_route=\/wp\/v2\/posts\/33176\/revisions\/75661"}],"wp:attachment":[{"href":"https:\/\/www.brennerbasisdemokratie.eu\/index.php?rest_route=%2Fwp%2Fv2%2Fmedia&parent=33176"}],"wp:term":[{"taxonomy":"category","embeddable":true,"href":"https:\/\/www.brennerbasisdemokratie.eu\/index.php?rest_route=%2Fwp%2Fv2%2Fcategories&post=33176"},{"taxonomy":"post_tag","embeddable":true,"href":"https:\/\/www.brennerbasisdemokratie.eu\/index.php?rest_route=%2Fwp%2Fv2%2Ftags&post=33176"}],"curies":[{"name":"wp","href":"https:\/\/api.w.org\/{rel}","templated":true}]}}