{"id":33205,"date":"2016-12-22T15:06:54","date_gmt":"2016-12-22T14:06:54","guid":{"rendered":"http:\/\/www.brennerbasisdemokratie.eu\/?p=33205"},"modified":"2021-11-11T16:07:34","modified_gmt":"2021-11-11T15:07:34","slug":"spd-politiker-fuer-einmischung-in-katalonien","status":"publish","type":"post","link":"https:\/\/www.brennerbasisdemokratie.eu\/?p=33205","title":{"rendered":"SPD-Politiker f\u00fcr Einmischung in Katalonien."},"content":{"rendered":"<p>Bernhard von Gr\u00fcnberg, SPD-Abgeordneter zum nordrhein-westf\u00e4lischen Landtag, hat<\/p>\n<ul>\n<li>den Pr\u00e4sidenten des Bundestags, Norbert Lammert<\/li>\n<li>die Pr\u00e4sidentin des Landtags in NRW, Carina G\u00f6decke<\/li>\n<li>den bisherigen Pr\u00e4sidenten des Europaparlaments, Martin Schulz<\/li>\n<li>den deutschen Justizminister Heiko Maas<\/li>\n<li>alle Fraktionsvorsitzenden im Bundestag sowie im Landtag von NRW<\/li>\n<\/ul>\n<p>angeschrieben, um sie \u00fcber die derzeitige Lage in Katalonien zu informieren und sie zu bitten, politisch aktiv zu werden.<\/p>\n<p>In seinem Brief stellt er fest, dass<\/p>\n<blockquote><p>die spanische Regierung zunehmend undemokratischer wird, demokratische Prozesse systematisch bek\u00e4mpft und jeglichen Dialog ablehnt.<\/p>\n<p>Hierzu z\u00e4hlt zum einen [\u2026] der dringend notwendige Weg, die Vergangenheit unter der Diktatur Francos \u00f6ffentlich zu bew\u00e4ltigen, aber auch ganz besonders demokratische B\u00fcrgerbewegungen nicht mit dem Argument einer veralteten Verfassung ersticken zu wollen.<\/p><\/blockquote>\n<blockquote><p>Ich muss Ihnen als Parlamentarier nicht erkl\u00e4ren, dass auch eine Verfassung ver\u00e4ndert und aktuellen Verfassungswirklichkeiten angepasst werden muss [\u2026]<\/p><\/blockquote>\n<p>Er spricht sich f\u00fcr eine verantwortungsvolle \u00bbEinmischung\u00ab in die Verhandlungen zwischen Madrid und Barcelona aus:<\/p>\n<blockquote><p>Wir m\u00fcssen uns die Frage stellen, ob wir es [in Spanien] noch mit einer Demokratie im europ\u00e4ischen Sinne zu tun haben und ob wir uns als Europ\u00e4er nicht doch besser \u00fcber die \u201cinnerstaatlichen\u201d Angelegenheiten eines Mitglieds der EU besser informieren sollten und Position ergreifen sollten, um eine Entdemokratisierung, wie wir sie z.B. offen in Ungarn beklagen, nicht auch in Spanien weiter entstehen lassen.<\/p><\/blockquote>\n<p>Dar\u00fcberhinaus bem\u00e4ngelt er, dass sich die Zentralregierung (wie dies auch in S\u00fcdtirol regelm\u00e4\u00dfig der Fall ist) \u00fcber den Landesgesetzgeber hinwegsetzt:<\/p>\n<blockquote><p>In den letzten Jahren sind mehr als 30 Gesetze [\u2026] zur\u00fcckgewiesen worden oder nicht bearbeitet worden, so dass sie nicht in Kraft treten konnten. Hierunter z\u00e4hlen so wichtige \u00c4nderungen, wie z.B. das Gesetz gegen die Energiearmut, das die sozialen Brennpunkte in Katalonien [\u2026] betrifft.<\/p><\/blockquote>\n<p>Abschlie\u00dfend geht der Landtagsabgeordnete noch auf die Anklage der katalanischen Parlamentspr\u00e4sidentin, Carme Forcadell, wegen Zulassung einer Debatte zur Unabh\u00e4ngigkeit sowie auf die Amtsenthebung des katalanischen Richters Santiago Vidal wegen der Erarbeitung eines Verfassungsvorschlags f\u00fcr das unabh\u00e4ngige Katalonien ein.<\/p>\n<p>An die Empf\u00e4nger seines Briefs ergeht von Gr\u00fcnbergs Aufforderung<\/p>\n<blockquote><p>in Ihren Gremien und mit Vertretern Spaniens diese Themen anzusprechen und auf ihre politische Agenda zu stellen und hierbei auch die Solidarit\u00e4t mit den katalanischen Kollegen zum Ausdruck zu bringen.<\/p><\/blockquote>\n<p>Und:<\/p>\n<blockquote><p>Ich w\u00e4re Ihnen sehr verbunden, wenn Sie den Prozess gegen eine gew\u00e4hlte Parlamentspr\u00e4sidentin verfolgen k\u00f6nnten. Eine juristische, politische und vor allem demokratische Betrachtung aus Europa scheint mir notwendiger denn je.<\/p><\/blockquote>\n<p><strong><span style=\"font-family: Helvetica, Arial, sans-serif; text-transform: uppercase;\">C\u00ebla enghe:<\/span><\/strong> <a title=\"Catalogna, Civati solidale con Forcadell.\" href=\"http:\/\/www.brennerbasisdemokratie.eu\/?p=33191\"><code>01<\/code><\/a> <a title=\"Weiterhin Justiz gegen Politik in Katalonien.\" href=\"http:\/\/www.brennerbasisdemokratie.eu\/?p=33163\"><code>02<\/code><\/a> <a title=\"Mehr Gelassenheit.\" href=\"https:\/\/www.brennerbasisdemokratie.eu\/?p=33169\" rel=\"\"><code>03<\/code><\/a><\/p>","protected":false},"excerpt":{"rendered":"<p>Bernhard von Gr\u00fcnberg, SPD-Abgeordneter zum nordrhein-westf\u00e4lischen Landtag, hat den Pr\u00e4sidenten des Bundestags, Norbert Lammert die Pr\u00e4sidentin des Landtags in NRW, Carina G\u00f6decke den bisherigen Pr\u00e4sidenten des Europaparlaments, Martin Schulz den deutschen Justizminister Heiko Maas alle Fraktionsvorsitzenden im Bundestag sowie im Landtag von NRW angeschrieben, um sie \u00fcber die derzeitige Lage in Katalonien zu informieren und [&hellip;]<\/p>","protected":false},"author":1,"featured_media":0,"comment_status":"open","ping_status":"open","sticky":false,"template":"","format":"standard","meta":{"_crdt_document":"","ngg_post_thumbnail":0,"_jetpack_memberships_contains_paid_content":false,"footnotes":""},"categories":[1],"tags":[],"class_list":["post-33205","post","type-post","status-publish","format-standard","hentry","category-allgemein","entity-eu","entity-spd","issue-zitac","location-catalunya","location-deutschland","language-deutsch","person-carme-forcadell","topic-democrazia","topic-politik","topic-recht","topic-selbstbestimmung","topic-staatland","topic-zentralismus"],"jetpack_featured_media_url":"","jetpack_sharing_enabled":true,"_links":{"self":[{"href":"https:\/\/www.brennerbasisdemokratie.eu\/index.php?rest_route=\/wp\/v2\/posts\/33205","targetHints":{"allow":["GET"]}}],"collection":[{"href":"https:\/\/www.brennerbasisdemokratie.eu\/index.php?rest_route=\/wp\/v2\/posts"}],"about":[{"href":"https:\/\/www.brennerbasisdemokratie.eu\/index.php?rest_route=\/wp\/v2\/types\/post"}],"author":[{"embeddable":true,"href":"https:\/\/www.brennerbasisdemokratie.eu\/index.php?rest_route=\/wp\/v2\/users\/1"}],"replies":[{"embeddable":true,"href":"https:\/\/www.brennerbasisdemokratie.eu\/index.php?rest_route=%2Fwp%2Fv2%2Fcomments&post=33205"}],"version-history":[{"count":8,"href":"https:\/\/www.brennerbasisdemokratie.eu\/index.php?rest_route=\/wp\/v2\/posts\/33205\/revisions"}],"predecessor-version":[{"id":69301,"href":"https:\/\/www.brennerbasisdemokratie.eu\/index.php?rest_route=\/wp\/v2\/posts\/33205\/revisions\/69301"}],"wp:attachment":[{"href":"https:\/\/www.brennerbasisdemokratie.eu\/index.php?rest_route=%2Fwp%2Fv2%2Fmedia&parent=33205"}],"wp:term":[{"taxonomy":"category","embeddable":true,"href":"https:\/\/www.brennerbasisdemokratie.eu\/index.php?rest_route=%2Fwp%2Fv2%2Fcategories&post=33205"},{"taxonomy":"post_tag","embeddable":true,"href":"https:\/\/www.brennerbasisdemokratie.eu\/index.php?rest_route=%2Fwp%2Fv2%2Ftags&post=33205"}],"curies":[{"name":"wp","href":"https:\/\/api.w.org\/{rel}","templated":true}]}}