{"id":33227,"date":"2016-12-25T22:58:48","date_gmt":"2016-12-25T21:58:48","guid":{"rendered":"http:\/\/www.brennerbasisdemokratie.eu\/?p=33227"},"modified":"2023-01-05T21:50:29","modified_gmt":"2023-01-05T20:50:29","slug":"ein-grundlagenwerk-zur-suedtiroler-gesellschaft","status":"publish","type":"post","link":"https:\/\/www.brennerbasisdemokratie.eu\/?p=33227","title":{"rendered":"Ein Grundlagenwerk zur S\u00fcdtiroler Gesellschaft."},"content":{"rendered":"<!-- Snippets by WebberZone Snippetz --><div class=\"ata_snippets\"><hr style=\"height: 20px; border: none; margin-top: 0em; background-color: darkred;\"\/><\/div><p>S\u00fcdtirol unterscheidet sich in mancher Hinsicht von seinen Nachbarregionen. Eine unserer Eigenheiten ist die ethnische Differenzierung, doch die soziale und \u00f6konomische Ungleichheit gibt es bei uns genauso. Wie h\u00e4ngt die Zugeh\u00f6rigkeit zu einer der autochthonen Sprachgruppen oder zur Gruppe der Zuwanderer mit Bildung, Einkommen, Verm\u00f6gen, Berufst\u00e4tigkeit und anderen zentralen Aspekten der Sozialstruktur zusammen? Klafft auch in S\u00fcdtirol die Schere zwischen privilegierten und Benachteiligten in Bezug auf Lebensstandard, Bildungschancen, Berufs- und Karrierem\u00f6glichkeiten, Mitbestimmungsrechten usw. zunehmend auseinander? Wie wird die soziale Schichtung in der S\u00fcdtiroler Gesellschaft durch die Verteilung auf drei Sprachgruppen beeinflusst?<\/p>\n<p>Solchen grundlegenden Fragen geht ein Sammelband nach, der zu den wichtigsten Publikationen geh\u00f6rt, die 2016 zu S\u00fcdtirol erschienen sind. Es geht um die umfassende sozialwissenschaftliche Analyse und Darstellung der S\u00fcdtiroler Gesellschaft mit ihren strukturellen Besonderheiten, unter spezieller Ber\u00fccksichtigung ihrer ethnischen Zusammensetzung. Themen sind nicht nur objektive Sachverhalte wie die Ungleichheit bei Bildung, Einkommen, Verm\u00f6gensverh\u00e4ltnisse, Reproduktionsarbeit, Familienformen. Thema ist auch die subjektive Einsch\u00e4tzung der eigenen Lebenslage und Schichtzugeh\u00f6rigkeit.<\/p>\n<p>Die zentrale empirische Grundlage der Studie war eine repr\u00e4sentative Bev\u00f6lkerungsumfrage zu einem breiten Spektrum an Fragestellungen. 1.200 Haushalte mit 3.500 Mitgliedern haben sich daran beteiligt. Das Forschungsprojekt ist von der <em>Michael-Gaismair-Gesellschaft<\/em> und dem Institut <em>Apollis<\/em> unter der Federf\u00fchrung der Professoren G\u00fcnther Pallaver, Max Haller, Max Preglau, Antonio Scaglia sowie <em>Apollis<\/em>-Leiter Hermann Atz betreut worden. Ein zehnk\u00f6pfiges Wissenschaftlerteam aus Soziologie, Wirtschafts- und Politikwissenschaft hat drei Jahre daran gearbeitet. Das Ergebnis ist eine fundierte Reflexion \u00fcber die besondere soziale Struktur und die Chancen und Risiken der k\u00fcnftigen Entwicklung: \u00bbIn erster Linie geht\u2019s darum,\u00ab schreibt Herausgeber Hermann Atz, \u00bbdas Potenzial und die Gefahren f\u00fcr eine ethnisch stark diversifizierte Gesellschaft aufzuzeigen.\u00ab F\u00fcr die S\u00fcdtiroler Sozialforschung ist damit ein Grundlagenwerk entstanden. Keine leichte Kost, doch f\u00fcr das Verst\u00e4ndnis der S\u00fcdtiroler Gesellschaft heute ein Muss.<\/p>\n<div style=\"border: 8px solid #4372a6; padding: 30px 30px 5px 30px; margin-bottom: 20px;\">\n<p><img loading=\"lazy\" decoding=\"async\" class=\"alignleft wp-image-33230\" src=\"http:\/\/www.brennerbasisdemokratie.eu\/wp-content\/uploads\/2016\/12\/ethnischedifferenzierung.jpg\" width=\"160\" height=\"237\" \/>Hermann Atz, Max Haller, G\u00fcnther Pallaver (Hrsg.)<\/p>\n<p><strong>Ethnische Differenzierung und soziale Schichtung in der S\u00fcdtiroler Gesellschaft<\/strong><\/p>\n<p>Ergebnisse eines empirischen Forschungsprojekts<\/p>\n<p>2016, 407 S., brosch., 79 Euro<\/p>\n<p>ISBN 978-3-8487-3329-3<\/p>\n<p>Mit Beitr\u00e4gen von: Hermann Atz, Max Haller, G\u00fcnther Pallaver, Thomas Benedikter, Saskia Buiting, Romana Lindemann, Erika Pircher, Eike Pokriefke, Max Preglau, Antonio Scaglia.<\/p>\n<\/div>\n<!-- Snippets by WebberZone Snippetz --><div class=\"ata_snippets\"><hr style=\"height: 10px;border: none;margin-top: 0px;background-color: darkred\" \/>\r\n\r\n<div style=\"background-color: none;padding: 0px;font-size: 14px;font-family: Helvetica,Arial;margin: 10px 0px 0px 0px\"><span style=\"color: darkred\"><strong><small>Autor:innen- und Gastbeitr\u00e4ge widerspiegeln nicht notwendigerweise die Meinung oder die Position von BBD, so wie die jeweiligen Verfasser:innen nicht notwendigerweise die Ziele von BBD unterst\u00fctzen.<\/small><\/strong><small>\u00b7 I contributi esterni non necessariamente riflettono le opinioni o la posizione di BBD, come a loro volta le autrici\/gli autori non necessariamente condividono gli obiettivi di BBD. \u2014 <a href=\"http:\/\/www.brennerbasisdemokratie.eu\/?page_id=11356#copyleft\"><strong>\u00a9<\/strong><\/a><\/small><\/span><\/div><\/div>","protected":false},"excerpt":{"rendered":"<p>S\u00fcdtirol unterscheidet sich in mancher Hinsicht von seinen Nachbarregionen. Eine unserer Eigenheiten ist die ethnische Differenzierung, doch die soziale und \u00f6konomische Ungleichheit gibt es bei uns genauso. Wie h\u00e4ngt die Zugeh\u00f6rigkeit zu einer der autochthonen Sprachgruppen oder zur Gruppe der Zuwanderer mit Bildung, Einkommen, Verm\u00f6gen, Berufst\u00e4tigkeit und anderen zentralen Aspekten der Sozialstruktur zusammen? Klafft auch [&hellip;]<\/p>","protected":false},"author":15,"featured_media":0,"comment_status":"open","ping_status":"open","sticky":false,"template":"","format":"standard","meta":{"_crdt_document":"","ngg_post_thumbnail":0,"_jetpack_memberships_contains_paid_content":false,"footnotes":""},"categories":[14],"tags":[],"class_list":["post-33227","post","type-post","status-publish","format-standard","hentry","category-autorinnen","location-sudtirolo","language-deutsch","person-gunther-pallaver","person-hermann-atz","person-thomas-benedikter","topic-bildung","topic-kohasion","topic-mitbestimmung","topic-politik","topic-publikationen","topic-soziales","topic-umfragen","topic-wirtschaft","topic-wissenschaft"],"jetpack_featured_media_url":"","jetpack_sharing_enabled":true,"_links":{"self":[{"href":"https:\/\/www.brennerbasisdemokratie.eu\/index.php?rest_route=\/wp\/v2\/posts\/33227","targetHints":{"allow":["GET"]}}],"collection":[{"href":"https:\/\/www.brennerbasisdemokratie.eu\/index.php?rest_route=\/wp\/v2\/posts"}],"about":[{"href":"https:\/\/www.brennerbasisdemokratie.eu\/index.php?rest_route=\/wp\/v2\/types\/post"}],"author":[{"embeddable":true,"href":"https:\/\/www.brennerbasisdemokratie.eu\/index.php?rest_route=\/wp\/v2\/users\/15"}],"replies":[{"embeddable":true,"href":"https:\/\/www.brennerbasisdemokratie.eu\/index.php?rest_route=%2Fwp%2Fv2%2Fcomments&post=33227"}],"version-history":[{"count":8,"href":"https:\/\/www.brennerbasisdemokratie.eu\/index.php?rest_route=\/wp\/v2\/posts\/33227\/revisions"}],"predecessor-version":[{"id":72032,"href":"https:\/\/www.brennerbasisdemokratie.eu\/index.php?rest_route=\/wp\/v2\/posts\/33227\/revisions\/72032"}],"wp:attachment":[{"href":"https:\/\/www.brennerbasisdemokratie.eu\/index.php?rest_route=%2Fwp%2Fv2%2Fmedia&parent=33227"}],"wp:term":[{"taxonomy":"category","embeddable":true,"href":"https:\/\/www.brennerbasisdemokratie.eu\/index.php?rest_route=%2Fwp%2Fv2%2Fcategories&post=33227"},{"taxonomy":"post_tag","embeddable":true,"href":"https:\/\/www.brennerbasisdemokratie.eu\/index.php?rest_route=%2Fwp%2Fv2%2Ftags&post=33227"}],"curies":[{"name":"wp","href":"https:\/\/api.w.org\/{rel}","templated":true}]}}