{"id":33417,"date":"2017-01-09T12:59:45","date_gmt":"2017-01-09T11:59:45","guid":{"rendered":"http:\/\/www.brennerbasisdemokratie.eu\/?p=33417"},"modified":"2023-01-03T20:32:09","modified_gmt":"2023-01-03T19:32:09","slug":"institutionen-je-naeher-desto-groesser-das-vertrauen","status":"publish","type":"post","link":"https:\/\/www.brennerbasisdemokratie.eu\/?p=33417","title":{"rendered":"Institutionen: Je n\u00e4her, desto gr\u00f6\u00dfer das Vertrauen."},"content":{"rendered":"<p>Dass das Vertrauen der S\u00fcdtirolerinnen in die Institutionen der lokalen Selbstverwaltung gro\u00df ist, <a title=\"Fiducia nelle istituzioni.\" href=\"http:\/\/www.brennerbasisdemokratie.eu\/?p=25112\">wussten wir bereits.<\/a> Zur Erinnerung:<\/p>\n<blockquote><p><img loading=\"lazy\" decoding=\"async\" class=\"aligncenter size-full wp-image-33418\" src=\"http:\/\/www.brennerbasisdemokratie.eu\/wp-content\/uploads\/2017\/01\/vertrauen_institutionen_st2015.gif\" alt=\"\" width=\"660\" height=\"385\" \/><\/p><\/blockquote>\n<p>Wie eine k\u00fcrzlich ver\u00f6ffentlichte <a title=\"Rapporto: Gli italiani e lo stato.\" href=\"http:\/\/www.demos.it\/a01341.php\" target=\"_blank\" rel=\"noopener noreferrer\">Erhebung<\/a> von <em>demos &amp; PI<\/em> f\u00fcr <em>L&#8217;Espresso<\/em> zeigt, vertrauen aber auch die B\u00fcrgerinnen auf Staatsebene \u2014 was die unterschiedlichen Entscheidungs- und Verwaltungsebenen betrifft \u2014 ihrer Gemeinde am meisten. Der Reihe nach folgen in beiden F\u00e4llen das Land und\/oder die Region sowie der Staat, der hie wie dort das geringste Vertrauen genie\u00dft.<\/p>\n<p>Nur die Europ\u00e4ische Union kann den Zusammenhang von N\u00e4he und Vertrauen durchbrechen. Sie liegt hierzulande weit vor dem italienischen Staat und auf staatlicher Ebene gar (nach der Heimatgemeinde und noch vor der Region) an zweiter Stelle.<\/p>\n<blockquote><p><img loading=\"lazy\" decoding=\"async\" class=\"aligncenter size-full wp-image-33419\" src=\"http:\/\/www.brennerbasisdemokratie.eu\/wp-content\/uploads\/2017\/01\/vertrauen_institutionen_it2016.gif\" alt=\"\" width=\"660\" height=\"384\" \/><\/p><\/blockquote>\n<p>M\u00f6gliche Erkenntnisse:<\/p>\n<p>Der Tatsache ungeachtet, dass die italienische Politik eher an eine weitere Zentralisierung denkt, w\u00fcrden die B\u00fcrgerinnen wohl eher eine st\u00e4rkere F\u00f6deralisierung bevorzugen. Damit w\u00fcrde man n\u00e4mlich Zust\u00e4ndigkeiten von der Ebene, der am meisten misstraut wird (Staat), auf andere Ebenen (Regionen und Gemeinden) \u00fcbertragen.<\/p>\n<p>Somit d\u00fcrfte der zur\u00fcckgetretene Ministerpr\u00e4sident Matteo Renzi (PD) mit seiner Verfassungsreform wohl auf das falsche Pferd gesetzt haben. In der Gunst der Italienerinnen liegen die Regionen, trotz zahlreicher Skandale, noch immer vor dem nicht minder skandalgebeutelten Staat. Eine Verwaltungsebene, die nicht allzu gro\u00dfes Vertrauen genie\u00dft (Regionen), f\u00fcr Misswirtschaft zu \u00bbbestrafen\u00ab, indem ihr Befugnisse entzogen und einer Ebene (Staat) zugesprochen werden, der die B\u00fcrgerinnen noch deutlich weniger vertrauen, ist keine gute L\u00f6sung.<\/p>\n<p>Wie in S\u00fcdtirol liegt die Europ\u00e4ische Union\u00a0\u2014 wenngleich in geringerem Ausma\u00df \u2014 auch in der staatsweiten Erhebung deutlich vor dem Zentralstaat. Dies kann eine Grundlage f\u00fcr die \u00dcberwindung der nationalstaatlichen Ebene bei gleichzeitiger Verschiebung der Zust\u00e4ndigkeiten nach unten und nach oben (Subsidiarit\u00e4tsprinzip) sein.<\/p>\n<div style=\"border: 8px solid #4372a6; padding: 30px 30px 5px 30px; margin-bottom: 20px;\">\n<p>Hinweis: Unter anderem aufgrund der unterschiedlichen Fragestellung, der unterschiedlichen Antwortm\u00f6glichkeiten und des unterschiedlichen Durchf\u00fchrungszeitraums sind die beiden Erhebungen <em>(Astat\/<\/em>S\u00fcdtirol sowie <em>demos<\/em> &amp; PI\/Italien) nicht direkt miteinander vergleichbar.<\/p>\n<p>W\u00e4hrend uns die beiden Erhebungen also eine Aussage \u00fcber die Reihung (Gemeinde vor Land\/Region vor Zentralstaat) erm\u00f6glichen, w\u00e4re etwa die Aussage, dass der Heimatgemeinde in S\u00fcdtirol (70%) fast doppelt soviel Vertrauen entgegengebracht wird, wie in Italien (39%), unseri\u00f6s.<\/p>\n<\/div>\n<p><strong><span style=\"font-family: Helvetica, Arial, sans-serif; text-transform: uppercase;\">C\u00ebla enghe:<\/span><\/strong> <a title=\"Kein Vertrauen in diesen \u00bbRechtsstaat\u00ab.\" href=\"http:\/\/www.brennerbasisdemokratie.eu\/?p=32240\"><code>01<\/code><\/a> <a title=\"Fiducia nelle istituzioni.\" href=\"http:\/\/www.brennerbasisdemokratie.eu\/?p=25112\"><code>02<\/code><\/a>\u00a0<span style=\"font-family: Helvetica, Arial, sans-serif; font-weight: normal;\">||<\/span> <a title=\"Mehr Vertrauen in die Institutionen.\" href=\"https:\/\/www.brennerbasisdemokratie.eu\/?p=42888\"><span style=\"color: #ff8c00\"><code>01<\/code><\/span><\/a> <a title=\"Vertrauen in die Institutionen 2018-2019.\" href=\"https:\/\/www.brennerbasisdemokratie.eu\/?p=60599\"><span style=\"color: #ff8c00\"><code>02<\/code><\/span><\/a><\/p>","protected":false},"excerpt":{"rendered":"<p>Dass das Vertrauen der S\u00fcdtirolerinnen in die Institutionen der lokalen Selbstverwaltung gro\u00df ist, wussten wir bereits. Zur Erinnerung: Wie eine k\u00fcrzlich ver\u00f6ffentlichte Erhebung von demos &amp; PI f\u00fcr L&#8217;Espresso zeigt, vertrauen aber auch die B\u00fcrgerinnen auf Staatsebene \u2014 was die unterschiedlichen Entscheidungs- und Verwaltungsebenen betrifft \u2014 ihrer Gemeinde am meisten. Der Reihe nach folgen in [&hellip;]<\/p>","protected":false},"author":1,"featured_media":0,"comment_status":"open","ping_status":"open","sticky":false,"template":"","format":"standard","meta":{"_crdt_document":"","ngg_post_thumbnail":0,"_jetpack_memberships_contains_paid_content":false,"footnotes":""},"categories":[1],"tags":[],"class_list":["post-33417","post","type-post","status-publish","format-standard","hentry","category-allgemein","entity-eu","entity-pd","issue-verfassungsreform16","location-sudtirolo","language-deutsch","person-matteo-renzi","topic-foederalismus","topic-politik","topic-statistik","topic-subsidiaritaet","topic-zentralismus","topic-zustaendigkeiten"],"jetpack_featured_media_url":"","jetpack_sharing_enabled":true,"_links":{"self":[{"href":"https:\/\/www.brennerbasisdemokratie.eu\/index.php?rest_route=\/wp\/v2\/posts\/33417","targetHints":{"allow":["GET"]}}],"collection":[{"href":"https:\/\/www.brennerbasisdemokratie.eu\/index.php?rest_route=\/wp\/v2\/posts"}],"about":[{"href":"https:\/\/www.brennerbasisdemokratie.eu\/index.php?rest_route=\/wp\/v2\/types\/post"}],"author":[{"embeddable":true,"href":"https:\/\/www.brennerbasisdemokratie.eu\/index.php?rest_route=\/wp\/v2\/users\/1"}],"replies":[{"embeddable":true,"href":"https:\/\/www.brennerbasisdemokratie.eu\/index.php?rest_route=%2Fwp%2Fv2%2Fcomments&post=33417"}],"version-history":[{"count":13,"href":"https:\/\/www.brennerbasisdemokratie.eu\/index.php?rest_route=\/wp\/v2\/posts\/33417\/revisions"}],"predecessor-version":[{"id":75659,"href":"https:\/\/www.brennerbasisdemokratie.eu\/index.php?rest_route=\/wp\/v2\/posts\/33417\/revisions\/75659"}],"wp:attachment":[{"href":"https:\/\/www.brennerbasisdemokratie.eu\/index.php?rest_route=%2Fwp%2Fv2%2Fmedia&parent=33417"}],"wp:term":[{"taxonomy":"category","embeddable":true,"href":"https:\/\/www.brennerbasisdemokratie.eu\/index.php?rest_route=%2Fwp%2Fv2%2Fcategories&post=33417"},{"taxonomy":"post_tag","embeddable":true,"href":"https:\/\/www.brennerbasisdemokratie.eu\/index.php?rest_route=%2Fwp%2Fv2%2Ftags&post=33417"}],"curies":[{"name":"wp","href":"https:\/\/api.w.org\/{rel}","templated":true}]}}