{"id":33484,"date":"2017-01-14T19:29:40","date_gmt":"2017-01-14T18:29:40","guid":{"rendered":"http:\/\/www.brennerbasisdemokratie.eu\/?p=33484"},"modified":"2024-08-31T18:39:55","modified_gmt":"2024-08-31T16:39:55","slug":"k33-heisse-diskussionen","status":"publish","type":"post","link":"https:\/\/www.brennerbasisdemokratie.eu\/?p=33484","title":{"rendered":"K33: Hei\u00dfe Diskussionen."},"content":{"rendered":"<p>Die gestrige Sitzung verlief spannend, es gab eine Reihe an Diskussionen, die zum Teil recht kontrovers gef\u00fchrt wurden. Das Pr\u00e4sidium hatte eine Liste mit den gew\u00fcnschten Kompetenzen, die von den drei Arbeitsgruppen ausgearbeitet wurden, erstellt. Es sind sage und schreibe ann\u00e4hernd 120 St\u00fcck, dabei wurde in der Liste auch vermerkt, wie sie abge\u00e4ndert werden sollten und wenn abweichende Meinungen bestanden, wurden diese aufgelistet. Riccardo dello Sbarba (Gr\u00fcne) hat einen recht leidenschaftlichen <a title=\"\" href=\"https:\/\/riccardodellosbarba.wordpress.com\/2017\/01\/14\/autonomia-diario-dal-konvent-il-sudtirolo-lo-fa-meglio\/\" target=\"_blank\" rel=\"noopener noreferrer\">Bericht<\/a> \u00fcber die gestrige Sitzung verfasst, der leider wieder einmal versucht, die Anliegen der Konventteilnehmer ins L\u00e4cherliche zu ziehen \u2014 schade, denn Riccardo ist sehr aktiv dabei und bringt auch viele interessante Aspekte ein, wieso wird dann immerzu dieses Spiel in den Medien betrieben?<\/p>\n<p>Los ging es mit dem Punkt Statuthoheit, d. h. S\u00fcdtirol sollte die Kompetenz erhalten, eigenm\u00e4chtig das Autonomiestatut abzu\u00e4ndern, so wie es auch andere autonome Gebiete haben. Dello Sbarba stellte sich diesem Ansinnen entgegen, denn laut ihm w\u00fcrde damit das Autonomiestatut den Verfassungsrang verlieren und auf eine Ebene zu den anderen Regionen mit Normalstatut herabgestuft werden. Dieser Punkt sollte aus meiner Sicht von den Rechtsexperten vertieft werden.<\/p>\n<p>Hei\u00df diskutiert wurde der Punkt Toponomastik, unter anderem wegen des in den Arbeitsgruppen zum Teil erarbeiteten Kompromisses, das Durnwalder-Fitto-Abkommen als Grundlage f\u00fcr die Regelung heranzuziehen. Die Sch\u00fctzen waren ganz und gar nicht einverstanden und m\u00f6chten diesen Punkt zu einem sp\u00e4teren Zeitpunkt noch einmal diskutieren.<\/p>\n<p>Ein weiteres hei\u00dfes Eisen war das Thema Arbeitssicherheit, wo vor allem Toni Tschenett, aber auch Claudio Corrarati sich vehement f\u00fcr eine \u00dcbernahme dieser Kompetenz aussprachen; derselben Meinung war gef\u00fchlt der gesamte Konvent mit Ausnahme von Dello Sbarba, der eine Statistik zitierend, wonach S\u00fcdtirol hier besonders schlecht abschneidet, sich gegen eine autonome Regelung aussprach. Allerdings macht er dabei einen Denkfehler, denn diese Statistik basiert doch auf Zahlen, welche sich auf die aktuelle, gesamtstaatliche Regelung beziehen und somit kein Beweis sind, dass eine autonome L\u00f6sung schlechter w\u00e4re. Dieser Faden zieht sich durch viele Diskussionspunkte, offensichtlich haben die Gr\u00fcnen es immer noch nicht geschafft, Vertrauen in dezentrale und lokale Initiativen zu setzen und leisten damit einem versteckten Nationalismus und Zentralismus Vorschub. Selbe Argumentationsweise bei der Telekommunikation: Obwohl <em>Rai S\u00fcdtirol<\/em> in vielen Punkten Defizite aufweist und fast alle Konventteilnehmer eine eigene Sendeanstalt fordern, besteht bei Dello Sbarba grunds\u00e4tzliches Misstrauen. Ich frage mich nur, f\u00fcr welche redaktionelle Qualit\u00e4ten die nationale <em>Rai<\/em> steht \u2014 mir w\u00e4re zumindest in dieser Hinsicht nichts aufgefallen.<\/p>\n<p>Wieder einmal waren keine Medienvertreter anwesend, mir w\u00e4ren zumindest keine aufgefallen. Trotzdem wird zum wiederholten Male negativ \u00fcber den Konvent berichtet und Dello Sbarba zitiert, der hinsichtlich der Kompetenzen zum Rundfunk gar von <a title=\"\" href=\"https:\/\/www.salto.bz\/de\/article\/14012017\/una-concezione-sovietica-della-societa\" target=\"_blank\" rel=\"noopener noreferrer\">sowjetischen Zust\u00e4nden<\/a> spricht und den K33 als gescheitert ansieht.<\/p>\n<p><strong><span style=\"font-family: Helvetica, Arial, sans-serif; text-transform: uppercase; font-weight: bold;\">Serie<\/span><\/strong>&nbsp;<a title=\"Spannender Start in den Konvent.\" href=\"https:\/\/www.brennerbasisdemokratie.eu\/?p=28385\"><span style=\"font-family: Helvetica, Arial, sans-serif; font-weight: bold;\">I<\/span><\/a> <a title=\"Appell an die Vernunft.\" href=\"http:\/\/www.brennerbasisdemokratie.eu\/?p=28505\"><span style=\"font-family: Helvetica, Arial, sans-serif; font-weight: bold;\">II<\/span><\/a> <a title=\"K33: Konsensprinzip und Autonomieausbau.\" href=\"http:\/\/www.brennerbasisdemokratie.eu\/?p=29594\"><span style=\"font-family: Helvetica, Arial, sans-serif; font-weight: bold;\">III<\/span><\/a> <a title=\"K33: Die Rolle der Region.\" href=\"http:\/\/www.brennerbasisdemokratie.eu\/?p=29892\"><span style=\"font-family: Helvetica, Arial, sans-serif; font-weight: bold;\">IV<\/span><\/a> <a title=\"K33: Minderheitenschutz.\" href=\"http:\/\/www.brennerbasisdemokratie.eu\/?p=30186\"><span style=\"font-family: Helvetica, Arial, sans-serif; font-weight: bold;\">V<\/span><\/a> <a title=\"K33: Es geht weiter.\" href=\"http:\/\/www.brennerbasisdemokratie.eu\/?p=31521\"><span style=\"font-family: Helvetica, Arial, sans-serif; font-weight: bold;\">VI<\/span><\/a> <a title=\"K33: Selbstbestimmung.\" href=\"http:\/\/www.brennerbasisdemokratie.eu\/?p=31702\"><span style=\"font-family: Helvetica, Arial, sans-serif; font-weight: bold;\">VII<\/span><\/a> <a title=\"F100: Es wird gearbeitet.\" href=\"http:\/\/www.brennerbasisdemokratie.eu\/?p=31946\"><span style=\"font-family: Helvetica, Arial, sans-serif; font-weight: bold;\">VIII<\/span><\/a> <a title=\"K33: Europa und Euregio.\" href=\"http:\/\/www.brennerbasisdemokratie.eu\/?p=32189\"><span style=\"font-family: Helvetica, Arial, sans-serif; font-weight: bold;\">IX<\/span><\/a> <a title=\"K33: Subsidiarit\u00e4t und die Rolle der Gemeinden.\" href=\"http:\/\/www.brennerbasisdemokratie.eu\/?p=32467\"><span style=\"font-family: Helvetica, Arial, sans-serif; font-weight: bold;\">X<\/span><\/a> <a title=\"K33: Arbeitsgruppen zu den Kompetenzen\" href=\"http:\/\/www.brennerbasisdemokratie.eu\/?p=32672\"><span style=\"font-family: Helvetica, Arial, sans-serif; font-weight: bold;\">XI<\/span><\/a> <a title=\"K33: Wo sind die Italiener?\" href=\"http:\/\/www.brennerbasisdemokratie.eu\/?p=32747\"><span style=\"font-family: Helvetica, Arial, sans-serif; font-weight: bold;\">XII<\/span><\/a> <a title=\"K33: Erste Ergebnisse.\" href=\"http:\/\/www.brennerbasisdemokratie.eu\/?p=32845\"><span style=\"font-family: Helvetica, Arial, sans-serif; font-weight: bold;\">XIII<\/span><\/a> <span style=\"font-family: Helvetica, Arial, sans-serif; font-weight: bold;\">XIV<\/span> <a title=\"K33: Landespolizei, Steuerhoheit uvm.\" href=\"http:\/\/www.brennerbasisdemokratie.eu\/?p=33597\"><span style=\"font-family: Helvetica, Arial, sans-serif; font-weight: bold;\">XV<\/span><\/a> <a title=\"K33: Provokation der Gewerkschaften.\" href=\"http:\/\/www.brennerbasisdemokratie.eu\/?p=33763\"><span style=\"font-family: Helvetica, Arial, sans-serif; font-weight: bold;\">XVI<\/span><\/a> <a title=\"K33: Art. 19 wird nicht angetastet.\" href=\"http:\/\/www.brennerbasisdemokratie.eu\/?p=33846\"><span style=\"font-family: Helvetica, Arial, sans-serif; font-weight: bold;\">XVII<\/span><\/a> <a title=\"Wer ist progressiv?\" href=\"http:\/\/www.brennerbasisdemokratie.eu\/?p=33859\"><span style=\"font-family: Helvetica, Arial, sans-serif; font-weight: bold;\">XVIII<\/span><\/a> <a title=\"F100: Vers\u00f6hnlicher Abschluss.\" href=\"http:\/\/www.brennerbasisdemokratie.eu\/?p=34422\"><span style=\"font-family: Helvetica, Arial, sans-serif; font-weight: bold;\">XIX<\/span><\/a> <a title=\"K33: Finanz- und Steuerautonomie.\" href=\"http:\/\/www.brennerbasisdemokratie.eu\/?p=34520\"><span style=\"font-family: Helvetica, Arial, sans-serif; font-weight: bold;\">XX<\/span><\/a> <a title=\"F100: Abschlussveranstaltung im K33.\" href=\"http:\/\/www.brennerbasisdemokratie.eu\/?p=34651\"><span style=\"font-family: Helvetica, Arial, sans-serif; font-weight: bold;\">XXI<\/span><\/a> <a title=\"Basta!\" href=\"http:\/\/www.brennerbasisdemokratie.eu\/?p=34662\"><span style=\"font-family: Helvetica, Arial, sans-serif; font-weight: bold;\">XXII<\/span><\/a> <a title=\"K33: Ladinien und Pr\u00e4ambel.\" href=\"http:\/\/www.brennerbasisdemokratie.eu\/?p=34747\"><span style=\"font-family: Helvetica, Arial, sans-serif; font-weight: bold;\">XXIII<\/span><\/a> <a title=\"K33: Endspurt.\" href=\"http:\/\/www.brennerbasisdemokratie.eu\/?p=35072\"><span style=\"font-family: Helvetica, Arial, sans-serif; font-weight: bold;\">XXIV<\/span><\/a> <a title=\"K33: Abschluss der Arbeiten.\" href=\"http:\/\/www.brennerbasisdemokratie.eu\/?p=35206\"><span style=\"font-family: Helvetica, Arial, sans-serif; font-weight: bold;\">XXV<\/span><\/a><\/p>","protected":false},"excerpt":{"rendered":"<p>Die gestrige Sitzung verlief spannend, es gab eine Reihe an Diskussionen, die zum Teil recht kontrovers gef\u00fchrt wurden. Das Pr\u00e4sidium hatte eine Liste mit den gew\u00fcnschten Kompetenzen, die von den drei Arbeitsgruppen ausgearbeitet wurden, erstellt. Es sind sage und schreibe ann\u00e4hernd 120 St\u00fcck, dabei wurde in der Liste auch vermerkt, wie sie abge\u00e4ndert werden sollten [&hellip;]<\/p>","protected":false},"author":12,"featured_media":0,"comment_status":"open","ping_status":"open","sticky":false,"template":"","format":"standard","meta":{"_crdt_document":"","ngg_post_thumbnail":0,"_jetpack_memberships_contains_paid_content":false,"footnotes":""},"categories":[1],"tags":[],"class_list":["post-33484","post","type-post","status-publish","format-standard","hentry","category-allgemein","entity-svp","entity-verc","issue-suedtirolkonvent","location-sudtirolo","language-deutsch","medium-rai","person-claudio-corrarati","person-luis-durnwalder","person-raffaele-fitto","person-riccardo-dello-sbarba","person-tony-tschenett","topic-foederalismus","topic-gewerkschaften","topic-medien","topic-minderheitenschutz","topic-mitbestimmung","topic-nationalismus","topic-ortsnamen","topic-subsidiaritaet","topic-vorzeigeautonomie","topic-zentralismus","topic-zustaendigkeiten"],"jetpack_featured_media_url":"","jetpack_sharing_enabled":true,"_links":{"self":[{"href":"https:\/\/www.brennerbasisdemokratie.eu\/index.php?rest_route=\/wp\/v2\/posts\/33484","targetHints":{"allow":["GET"]}}],"collection":[{"href":"https:\/\/www.brennerbasisdemokratie.eu\/index.php?rest_route=\/wp\/v2\/posts"}],"about":[{"href":"https:\/\/www.brennerbasisdemokratie.eu\/index.php?rest_route=\/wp\/v2\/types\/post"}],"author":[{"embeddable":true,"href":"https:\/\/www.brennerbasisdemokratie.eu\/index.php?rest_route=\/wp\/v2\/users\/12"}],"replies":[{"embeddable":true,"href":"https:\/\/www.brennerbasisdemokratie.eu\/index.php?rest_route=%2Fwp%2Fv2%2Fcomments&post=33484"}],"version-history":[{"count":16,"href":"https:\/\/www.brennerbasisdemokratie.eu\/index.php?rest_route=\/wp\/v2\/posts\/33484\/revisions"}],"predecessor-version":[{"id":87862,"href":"https:\/\/www.brennerbasisdemokratie.eu\/index.php?rest_route=\/wp\/v2\/posts\/33484\/revisions\/87862"}],"wp:attachment":[{"href":"https:\/\/www.brennerbasisdemokratie.eu\/index.php?rest_route=%2Fwp%2Fv2%2Fmedia&parent=33484"}],"wp:term":[{"taxonomy":"category","embeddable":true,"href":"https:\/\/www.brennerbasisdemokratie.eu\/index.php?rest_route=%2Fwp%2Fv2%2Fcategories&post=33484"},{"taxonomy":"post_tag","embeddable":true,"href":"https:\/\/www.brennerbasisdemokratie.eu\/index.php?rest_route=%2Fwp%2Fv2%2Ftags&post=33484"}],"curies":[{"name":"wp","href":"https:\/\/api.w.org\/{rel}","templated":true}]}}