{"id":33774,"date":"2017-02-19T18:30:51","date_gmt":"2017-02-19T17:30:51","guid":{"rendered":"http:\/\/www.brennerbasisdemokratie.eu\/?p=33774"},"modified":"2021-06-23T09:27:54","modified_gmt":"2021-06-23T07:27:54","slug":"katalonien-demonstriert-fuer-fluechtlingsaufnahme","status":"publish","type":"post","link":"https:\/\/www.brennerbasisdemokratie.eu\/?p=33774","title":{"rendered":"Katalonien demonstriert f\u00fcr Fl\u00fcchtlingsaufnahme."},"content":{"rendered":"<p>Rund 160.000 Personen haben laut <em>Gu\u00e0rdia Urbana,<\/em> der st\u00e4dtischen Polizei von Barcelona, an einer friedlichen Kundgebung in der katalanischen Hauptstadt teilgenommen, um die Aufnahme von Fl\u00fcchtlingen zu fordern. Die OrganisatorInnen von der \u00fcbergreifenden Plattform <em>Casa nostra, Casa vostra<\/em> sprechen gar von einer halben Million Beteiligten.<\/p>\n<p>In jedem Fall hat Katalonien mit der einmaligen Veranstaltung, der vor wenigen Tagen ein gro\u00dfes Konzert vorangegangen war, ein Signal der Hoffnung und der Solidarit\u00e4t ausgesandt. B\u00fcrgermeisterin Ada Colau sprach von Barcelona als einer \u00bbHauptstadt der Menschlichkeit\u00ab.<\/p>\n<p>Unter dem Motto \u00bbProu excuses! Volem acollir!\u00ab (Keine Ausreden mehr! Wir wollen [Fl\u00fcchtlinge] aufnehmen) nahmen neben zivilgesellschaftlichen Organisationen wie <em>Interm\u00f3n-Oxfam, SOS Racisme, \u00d2mnium Cultural,<\/em> verschiedenen Gewerkschaften und Universit\u00e4ten auch gro\u00dfe Teile der katalanischen Politik Teil: Die bereits genannte B\u00fcrgermeisterin der Stadt, Ada Colau (Barcelona en Com\u00fa), die Parlamentspr\u00e4sidentin Carme Forcadell oder der katalanische Au\u00dfenminister Ra\u00fcl Romeva. Zudem Delegationen der Linksrepublikaner (<abbr title=\"Esquerra Republicana de Catalunya\">ERC<\/abbr>), der CDC-Nachfolgepartei <abbr title=\"Partit Dem\u00f2crata Europeu Catal\u00e0\">PDeCAT<\/abbr> sowie der antikapitalistischen <abbr title=\"Candidatura d\u2019Unitat Popular\">CUP<\/abbr>.<\/p>\n<p>Am Abend wurde eine Delegation der Plattform <em>Casa nostra, Casa vostra<\/em> vom katalanischen Pr\u00e4sidenten Carles Puigdemont (JxS) empfangen.<\/p>\n<p>Unter Ministerpr\u00e4sident Mariano Rajoy (<abbr title=\"Partido Popular\">PP<\/abbr>) f\u00e4hrt Spanien seit Jahren eine \u00e4u\u00dferst restriktive Immigrations- und Fl\u00fcchtlingspolitik, der sich Katalonien immer wieder zu widersetzen versucht hatte. Auch die zugesagte Umverteilung von Fl\u00fcchtlingen aus anderen EU-Mitgliedsstaaten kommt nicht in Schwung.<\/p>\n<p>Die im November 2015 vom katalanischen Parlament verabschiedete <a title=\"Unabh\u00e4ngigkeitsresolution angenommen.\" href=\"http:\/\/www.brennerbasisdemokratie.eu\/?p=25929\">Unabh\u00e4ngigkeitsresolution<\/a> sah bereits vor, mit dem UNO-Fl\u00fcchtlingshilfswerk UNHCR direkt \u00fcber die Aufnahme von Fl\u00fcchtlingen zu verhandeln, um die spanische Blockade zu \u00fcbergehen.<\/p>\n<p><strong><span style=\"font-family: Helvetica, Arial, sans-serif; text-transform: uppercase;\">C\u00ebla enghe:<\/span><\/strong> <a title=\"Katalanische Willkommenskultur.\" href=\"https:\/\/www.brennerbasisdemokratie.eu\/?p=50682\"><span style=\"color: #ff8c00\"><code>01<\/code><\/span><\/a><\/p>","protected":false},"excerpt":{"rendered":"<p>Rund 160.000 Personen haben laut Gu\u00e0rdia Urbana, der st\u00e4dtischen Polizei von Barcelona, an einer friedlichen Kundgebung in der katalanischen Hauptstadt teilgenommen, um die Aufnahme von Fl\u00fcchtlingen zu fordern. Die OrganisatorInnen von der \u00fcbergreifenden Plattform Casa nostra, Casa vostra sprechen gar von einer halben Million Beteiligten. In jedem Fall hat Katalonien mit der einmaligen Veranstaltung, der [&hellip;]<\/p>","protected":false},"author":1,"featured_media":0,"comment_status":"open","ping_status":"open","sticky":false,"template":"","format":"standard","meta":{"_crdt_document":"","ngg_post_thumbnail":0,"_jetpack_memberships_contains_paid_content":false,"footnotes":""},"categories":[1],"tags":[],"class_list":["post-33774","post","type-post","status-publish","format-standard","hentry","category-allgemein","entity-cup","entity-eu","entity-pdecat","entity-pp","entity-uno","location-catalunya","language-deutsch","person-ada-colau","person-carles-puigdemont","person-carme-forcadell","person-mariano-rajoy","person-raul-romeva","topic-gewerkschaften","topic-kohasion","topic-migraziun","topic-mitbestimmung","topic-politik","topic-solidariete","topic-soziales"],"jetpack_featured_media_url":"","jetpack_sharing_enabled":true,"_links":{"self":[{"href":"https:\/\/www.brennerbasisdemokratie.eu\/index.php?rest_route=\/wp\/v2\/posts\/33774","targetHints":{"allow":["GET"]}}],"collection":[{"href":"https:\/\/www.brennerbasisdemokratie.eu\/index.php?rest_route=\/wp\/v2\/posts"}],"about":[{"href":"https:\/\/www.brennerbasisdemokratie.eu\/index.php?rest_route=\/wp\/v2\/types\/post"}],"author":[{"embeddable":true,"href":"https:\/\/www.brennerbasisdemokratie.eu\/index.php?rest_route=\/wp\/v2\/users\/1"}],"replies":[{"embeddable":true,"href":"https:\/\/www.brennerbasisdemokratie.eu\/index.php?rest_route=%2Fwp%2Fv2%2Fcomments&post=33774"}],"version-history":[{"count":5,"href":"https:\/\/www.brennerbasisdemokratie.eu\/index.php?rest_route=\/wp\/v2\/posts\/33774\/revisions"}],"predecessor-version":[{"id":66593,"href":"https:\/\/www.brennerbasisdemokratie.eu\/index.php?rest_route=\/wp\/v2\/posts\/33774\/revisions\/66593"}],"wp:attachment":[{"href":"https:\/\/www.brennerbasisdemokratie.eu\/index.php?rest_route=%2Fwp%2Fv2%2Fmedia&parent=33774"}],"wp:term":[{"taxonomy":"category","embeddable":true,"href":"https:\/\/www.brennerbasisdemokratie.eu\/index.php?rest_route=%2Fwp%2Fv2%2Fcategories&post=33774"},{"taxonomy":"post_tag","embeddable":true,"href":"https:\/\/www.brennerbasisdemokratie.eu\/index.php?rest_route=%2Fwp%2Fv2%2Ftags&post=33774"}],"curies":[{"name":"wp","href":"https:\/\/api.w.org\/{rel}","templated":true}]}}