{"id":34034,"date":"2017-03-16T09:29:26","date_gmt":"2017-03-16T08:29:26","guid":{"rendered":"http:\/\/www.brennerbasisdemokratie.eu\/?p=34034"},"modified":"2024-11-24T21:40:31","modified_gmt":"2024-11-24T20:40:31","slug":"spanien-justiz-statt-politik","status":"publish","type":"post","link":"https:\/\/www.brennerbasisdemokratie.eu\/?p=34034","title":{"rendered":"Spanien: Justiz statt Politik?"},"content":{"rendered":"<p>Nach der <a title=\"9N: Mas, Ortega und Rigau verurteilt.\" href=\"http:\/\/www.brennerbasisdemokratie.eu\/?p=34011\">erstinstanzlichen Verurteilung<\/a> dreier katalanischer Spitzenpolitikerinnen wegen Ungehorsams will die spanische Regierung offenbar R\u00fcckendeckung aus Europa f\u00fcr ihre Strategie der <a title=\"Weiterhin Justiz gegen Politik in Katalonien.\" href=\"http:\/\/www.brennerbasisdemokratie.eu\/?p=33163\">Judizialisierung<\/a>. Mehrere spanische und katalanische Medien berichten derzeit \u00fcbereinstimmend, dass Premierminister Rajoy (<abbr title=\"Partido Popular\">PP<\/abbr>) Druck auf die europ\u00e4sichen Partner aus\u00fcbt, damit eine direkte oder zumindest eine indirekte Legitimierung dieses Wegs Eingang in die geplante \u00bbErkl\u00e4rung von Rom\u00ab findet, die die Mitgliedsstaaten im Zuge der 60-Jahr-Feierlichkeiten der R\u00f6mischen Vertr\u00e4ge abgeben wollen. Dabei k\u00f6nnte es sich zum Beispiel um ein gemeinsames Bekenntnis zum Vorrang der (innerstaatlichen) Gesetze vor politischen Forderungen handeln.<\/p>\n<p>Statt <a title=\"Europ\u00e4ische Scheidungsregeln.\" href=\"http:\/\/www.brennerbasisdemokratie.eu\/?p=20875\">europ\u00e4ischer Scheidungsregeln<\/a> k\u00f6nnte uns also ein europ\u00e4ischer Scheidungsriegel bevorstehen.<\/p>\n<p>Inzwischen scheint der Weg der Judizialisierung jedoch <em>innerhalb<\/em> Spaniens nur noch die regierende PP zu \u00fcberzeugen. Auch die sozialdemokratische <abbr title=\"Partido Socialista Obrero Espa\u00f1ol\">PSOE<\/abbr> hat den Ministerpr\u00e4sidenten zu Verhandlungen mit Katalonien aufgerufen. Und selbst der scheidende Pr\u00e4sident des spanischen Verfassungsgerichts, Francisco P\u00e9rez de los Cobos, <a title=\"El Pa\u00eds: De los Cobos dice\u2026\" href=\"http:\/\/ccaa.elpais.com\/ccaa\/2017\/03\/15\/catalunya\/1489592885_709934.html\" target=\"_blank\" rel=\"noopener noreferrer\">sagte<\/a> w\u00e4hrend seiner Abschiedsrede in Anwesenheit des spanischen Justizministers, dass das Verfassungsgericht das politische Problem mit Katalonien nicht l\u00f6sen k\u00f6nne und die einschl\u00e4gigen Urteile kein n\u00fctzliches Ergebnis gezeitigt h\u00e4tten. Verhandlungen (zwischen Madrid und Barcelona) seien \u00bbeine dringende und unumg\u00e4ngliche Notwendigkeit\u00ab.<\/p>\n<p><strong><span style=\"font-family: Helvetica, Arial, sans-serif; text-transform: uppercase;\">C\u00ebla enghe:<\/span><\/strong> <a title=\"Katalonien: UNO schaltet sich ein.\" href=\"http:\/\/www.brennerbasisdemokratie.eu\/?p=33733\"><code>01<\/code><\/a> <a title=\"SPD-Politiker f\u00fcr Einmischung in Katalonien.\" href=\"http:\/\/www.brennerbasisdemokratie.eu\/?p=33205\"><code>02<\/code><\/a> <a title=\"Demokratie vor Gericht.\" href=\"http:\/\/www.brennerbasisdemokratie.eu\/?p=25420\"><code>03<\/code><\/a> <a title=\"Francesco Palermo e la Catalogna.\" href=\"http:\/\/www.brennerbasisdemokratie.eu\/?p=33781\"><code>04<\/code><\/a><\/p>","protected":false},"excerpt":{"rendered":"<p>Nach der erstinstanzlichen Verurteilung dreier katalanischer Spitzenpolitikerinnen wegen Ungehorsams will die spanische Regierung offenbar R\u00fcckendeckung aus Europa f\u00fcr ihre Strategie der Judizialisierung. Mehrere spanische und katalanische Medien berichten derzeit \u00fcbereinstimmend, dass Premierminister Rajoy (PP) Druck auf die europ\u00e4sichen Partner aus\u00fcbt, damit eine direkte oder zumindest eine indirekte Legitimierung dieses Wegs Eingang in die geplante \u00bbErkl\u00e4rung [&hellip;]<\/p>","protected":false},"author":1,"featured_media":0,"comment_status":"open","ping_status":"open","sticky":false,"template":"","format":"standard","meta":{"_crdt_document":"","ngg_post_thumbnail":0,"_jetpack_memberships_contains_paid_content":false,"footnotes":""},"categories":[1],"tags":[],"class_list":["post-34034","post","type-post","status-publish","format-standard","hentry","category-allgemein","entity-eu","entity-pp","entity-psoe","entity-verfassungsgericht","issue-1o2017","location-catalunya","location-spania","language-deutsch","person-mariano-rajoy","topic-democrazia","topic-justiz","topic-politik","topic-recht","topic-repression","topic-selbstbestimmung"],"jetpack_featured_media_url":"","jetpack_sharing_enabled":true,"_links":{"self":[{"href":"https:\/\/www.brennerbasisdemokratie.eu\/index.php?rest_route=\/wp\/v2\/posts\/34034","targetHints":{"allow":["GET"]}}],"collection":[{"href":"https:\/\/www.brennerbasisdemokratie.eu\/index.php?rest_route=\/wp\/v2\/posts"}],"about":[{"href":"https:\/\/www.brennerbasisdemokratie.eu\/index.php?rest_route=\/wp\/v2\/types\/post"}],"author":[{"embeddable":true,"href":"https:\/\/www.brennerbasisdemokratie.eu\/index.php?rest_route=\/wp\/v2\/users\/1"}],"replies":[{"embeddable":true,"href":"https:\/\/www.brennerbasisdemokratie.eu\/index.php?rest_route=%2Fwp%2Fv2%2Fcomments&post=34034"}],"version-history":[{"count":13,"href":"https:\/\/www.brennerbasisdemokratie.eu\/index.php?rest_route=\/wp\/v2\/posts\/34034\/revisions"}],"predecessor-version":[{"id":34036,"href":"https:\/\/www.brennerbasisdemokratie.eu\/index.php?rest_route=\/wp\/v2\/posts\/34034\/revisions\/34036"}],"wp:attachment":[{"href":"https:\/\/www.brennerbasisdemokratie.eu\/index.php?rest_route=%2Fwp%2Fv2%2Fmedia&parent=34034"}],"wp:term":[{"taxonomy":"category","embeddable":true,"href":"https:\/\/www.brennerbasisdemokratie.eu\/index.php?rest_route=%2Fwp%2Fv2%2Fcategories&post=34034"},{"taxonomy":"post_tag","embeddable":true,"href":"https:\/\/www.brennerbasisdemokratie.eu\/index.php?rest_route=%2Fwp%2Fv2%2Ftags&post=34034"}],"curies":[{"name":"wp","href":"https:\/\/api.w.org\/{rel}","templated":true}]}}