{"id":34077,"date":"2017-03-18T10:23:45","date_gmt":"2017-03-18T09:23:45","guid":{"rendered":"http:\/\/www.brennerbasisdemokratie.eu\/?p=34077"},"modified":"2019-01-28T15:21:56","modified_gmt":"2019-01-28T14:21:56","slug":"mayr-nusser-selig","status":"publish","type":"post","link":"https:\/\/www.brennerbasisdemokratie.eu\/?p=34077","title":{"rendered":"Mayr-Nusser selig."},"content":{"rendered":"<p>Der S\u00fcdtiroler NS-Widerstandsk\u00e4mpfer und M\u00e4rtyrer Josef Mayr-Nusser wird heute in der Pfarrkirche Bozen seliggesprochen.<\/p>\n<p>Er war Dableiber und Mitglied des Andreas-Hofer-Bundes, einer Widerstandsorganisation. Als er 1944 eingezogen und der Waffen-SS zugeteilt wurde, verweigerte er den Eid und wurde daf\u00fcr zum Tode verurteilt.<\/p>\n<p>Sein Vorbild ist gerade heute, wo weltweit (und auch hierzulande) menschenverachtende Ideologien und Extremismen wieder auf dem Vormarsch sind, weiterhin von besonderer Aktualit\u00e4t.<\/p>\n<p>Im Vorfeld der Seligsprechung kursierte auch der sch\u00f6ne Vorschlag, Mayr-Nusser das Bozner Realgymnasium zu widmen, das bis zur Jahrtausendwende den Namen eines Nazis trug.<\/p>\n<p>Seit 2010 <a title=\"Bozen ehrt den Nazi-Widerstand.\" href=\"http:\/\/www.brennerbasisdemokratie.eu\/?p=4473\">ist er Ehrenb\u00fcrger der Landeshauptstadt<\/a>, au\u00dferdem ist die Mittelschule von Vintl nach ihm benannt.<\/p>\n<p><strong><span style=\"font-family: Helvetica, Arial, sans-serif; text-transform: uppercase;\">C\u00ebla enghe:<\/span><\/strong> <a title=\"Und jetzt: Nazi-Benennungen weg!\" href=\"http:\/\/www.brennerbasisdemokratie.eu\/?p=6324\"><code>01<\/code><\/a> <a title=\"Widerstand.Resistenza\u201909.\" href=\"http:\/\/www.brennerbasisdemokratie.eu\/?p=2034\"><code>02<\/code><\/a> <a title=\"Nuovo monumento \u00abfascista\u00bb.\" href=\"http:\/\/www.brennerbasisdemokratie.eu\/?p=17536\"><code>03<\/code><\/a>\u00a0<a title=\"Marschs auf Bozen gedacht.\" href=\"http:\/\/www.brennerbasisdemokratie.eu\/?p=12890\"><code>04<\/code><\/a><\/p>","protected":false},"excerpt":{"rendered":"<p>Der S\u00fcdtiroler NS-Widerstandsk\u00e4mpfer und M\u00e4rtyrer Josef Mayr-Nusser wird heute in der Pfarrkirche Bozen seliggesprochen. Er war Dableiber und Mitglied des Andreas-Hofer-Bundes, einer Widerstandsorganisation. Als er 1944 eingezogen und der Waffen-SS zugeteilt wurde, verweigerte er den Eid und wurde daf\u00fcr zum Tode verurteilt. Sein Vorbild ist gerade heute, wo weltweit (und auch hierzulande) menschenverachtende Ideologien und [&hellip;]<\/p>","protected":false},"author":1,"featured_media":0,"comment_status":"open","ping_status":"open","sticky":false,"template":"","format":"standard","meta":{"_crdt_document":"","ngg_post_thumbnail":0,"_jetpack_memberships_contains_paid_content":false,"footnotes":""},"categories":[1],"tags":[],"class_list":["post-34077","post","type-post","status-publish","format-standard","hentry","category-allgemein","issue-good-news","location-sudtirolo","language-deutsch","person-josef-mayr-nusser","topic-faschismen","topic-politik","topic-religiun","topic-ungehorsam"],"jetpack_featured_media_url":"","jetpack_sharing_enabled":true,"_links":{"self":[{"href":"https:\/\/www.brennerbasisdemokratie.eu\/index.php?rest_route=\/wp\/v2\/posts\/34077","targetHints":{"allow":["GET"]}}],"collection":[{"href":"https:\/\/www.brennerbasisdemokratie.eu\/index.php?rest_route=\/wp\/v2\/posts"}],"about":[{"href":"https:\/\/www.brennerbasisdemokratie.eu\/index.php?rest_route=\/wp\/v2\/types\/post"}],"author":[{"embeddable":true,"href":"https:\/\/www.brennerbasisdemokratie.eu\/index.php?rest_route=\/wp\/v2\/users\/1"}],"replies":[{"embeddable":true,"href":"https:\/\/www.brennerbasisdemokratie.eu\/index.php?rest_route=%2Fwp%2Fv2%2Fcomments&post=34077"}],"version-history":[{"count":9,"href":"https:\/\/www.brennerbasisdemokratie.eu\/index.php?rest_route=\/wp\/v2\/posts\/34077\/revisions"}],"predecessor-version":[{"id":45729,"href":"https:\/\/www.brennerbasisdemokratie.eu\/index.php?rest_route=\/wp\/v2\/posts\/34077\/revisions\/45729"}],"wp:attachment":[{"href":"https:\/\/www.brennerbasisdemokratie.eu\/index.php?rest_route=%2Fwp%2Fv2%2Fmedia&parent=34077"}],"wp:term":[{"taxonomy":"category","embeddable":true,"href":"https:\/\/www.brennerbasisdemokratie.eu\/index.php?rest_route=%2Fwp%2Fv2%2Fcategories&post=34077"},{"taxonomy":"post_tag","embeddable":true,"href":"https:\/\/www.brennerbasisdemokratie.eu\/index.php?rest_route=%2Fwp%2Fv2%2Ftags&post=34077"}],"curies":[{"name":"wp","href":"https:\/\/api.w.org\/{rel}","templated":true}]}}