{"id":34099,"date":"2017-03-20T17:34:36","date_gmt":"2017-03-20T16:34:36","guid":{"rendered":"http:\/\/www.brennerbasisdemokratie.eu\/?p=34099"},"modified":"2025-10-19T12:08:37","modified_gmt":"2025-10-19T10:08:37","slug":"una-brutta-figura-davvero","status":"publish","type":"post","link":"https:\/\/www.brennerbasisdemokratie.eu\/?p=34099","title":{"rendered":"Una brutta figura, davvero!"},"content":{"rendered":"<p>Naturalmente rispetto la sua opinione secondo cui in Sudtirolo ogni cumulo di talpa oltre a un esonimo abbia bisogno di un secondo nome, anche se inventato. E sono contento di vivere in una terra in cui la sua e la mia opinione possono confrontarsi pacificamente. Perch\u00e9 devo ammettere che il suo punto di vista \u2014 e anche il suo modo di agire con la sua lettera aperta \u2014 per molti aspetti mi ha sommamente irritato.<\/p>\n<p>Della sua lettera mi disturba l&#8217;aspetto postfattuale, che purtroppo per\u00f2 sembra essere abbastanza in voga (vedasi Trump, Erdo\u011fan ecc.). Mi disturba che con la sua opinione lei incarni lo stereotipo del Sudtirolo arretrato e concentrato sul proprio ombelico senza la capacit\u00e0&nbsp; di guardare oltre il proprio naso. Mi disturba che in quanto alla soluzione di questioni di toponomastica lei metta da parte tendenze e prassi all\u2019avanguardia a livello internazionale, come le direttive delle Nazioni Unite (ovvero l\u2019<em>United Nations Group of Experts on Geographical Names,<\/em> UNGEGN), dipingendo invece la sua propria opinione come un&#8217;opinione maggioritaria (citazione: &#8220;[\u2026] perch\u00e9 cerca di spiegare come la pensiamo veramente, noi altoatesini di lingua tedesca&#8221;), se non gi\u00e0&nbsp; come se si trattasse della verit\u00e0&nbsp; assoluta. E infine mi disturbano il dilettantismo e l\u2019etnocentrismo delle sue affermazioni.<\/p>\n<p>Mi permetto di corroborare quanto finora affermato.<\/p>\n<p>Col suo testo vuol far credere che la sua sia un\u2019opinione largamente condivisa, anche e soprattutto fra la popolazione di lingua tedesca. Esistono per\u00f2 dati statistici \u2014 gli unici a riguardo, se non erro \u2014 che contraddicono questa sua pretesa e ne smascherano l\u2019inesattezza, lontana dalla realt\u00e0&nbsp; dei fatti. Secondo il barometro linguistico del 2014, infatti, il 71,4% delle cittadine e dei cittadini di lingua tedesca sono dell\u2019avviso che le localit\u00e0&nbsp; in Sudtirolo non debbano avere, capillarmente, due\/tre nomi. E pur sempre un quarto degli italofoni \u00e8 dell\u2019opinione che i nomi di Tolomei non siano necessari sempre e ovunque. Recentemente poi alcuni esponenti in vista della comunit\u00e0&nbsp; italiana del Sudtirolo (tra gli altri Carlo Bertorelle, Enzo Nicolodi e anche Alberto Stenico) hanno espresso le loro perplessit\u00e0&nbsp; nei confronti del prontuario di Tolomei, che lei invece difende. In tutto, il 58,1% delle e dei sudtirolesi non sono d\u2019accordo con lei. Inoltre il barometro linguistico evidenzia una chiara tendenza: il numero di coloro che non pretendono il mantenimento dei toponimi del Tolomei, nel corso di 10 anni (rispetto al barometro linguistico del 2004) \u00e8 aumentato fra i 3 e i 7 punti percentuali, in tutti i gruppi linguistici.<\/p>\n<p>Se guardiamo un po\u2019 oltre i confini della nostra terra vediamo che tale opinione maggioritaria non \u00e8 appannaggio di un&#8217;eventuale arretratezza sudtirolese, bens\u00ec corrisponde alla prassi internazionale per dirimere le questioni di toponomastica ispirata alle specifiche <a title=\"\" href=\"https:\/\/unstats.un.org\/unsd\/publication\/seriesm\/seriesm_88e.pdf\" target=\"_blank\" rel=\"noopener noreferrer\">direttive dell\u2019ONU<\/a>. Se dunque lei, per il Sudtirolo, vuol proporre una soluzione anacronistica e fuori dal mondo questo \u00e8 suo pieno diritto, ma deve accettare la resistenza che si former\u00e0&nbsp; nei confronti della logica nazionalistica intrinseca alle sue idee. In molti paesi del mondo \u2014 imprimis, naturalmente, quelli in cui governano o hanno governato forze socialdemocratiche e liberali \u2014 si osserva una tendenza a rielaborare il proprio passato colonialista e totalitario, non solo per quanto concerne la toponomastica. Barack Obama ha restituito il nome originale \u2014 Denali \u2014 al monte pi\u00f9 alto dell\u2019America settentrionale, conosciuto per decenni come Mt. McKinley. Non penso che con tale passo abbia sminuito il diritto di sentirsi a casa degli abitanti di provenienza europea in Alaska. Il monolite sito nell&#8217;Australia centrale dopo un breve episodio (150 anni) \u00e8 tornato a chiamarsi Uluru (e non pi\u00f9 Ayers Rock). In Groenlandia, Sudafrica, Spagna, Francia, Canada e perfino in Cina si \u00e8 dato il giusto peso agli endonimi, togliendo lo status di ufficialit\u00e0&nbsp; ai nomi di dubbia storicit\u00e0&nbsp; \u2014 cosa che ovviamente non vieta a nessuno di continuare a usare tali denominazioni. Cos\u00ec come, senza alcun problema, possiamo usare l\u2019esonimo Mt. Everest per quello che in Cina ufficialmente ha il nome tibetano (!) di Qomolangma e sul lato meridionale porta il nome nepalese di Sagarmatha.<\/p>\n<p>Solo qui da noi evidentemente l\u2019ufficialit\u00e0&nbsp; della Vetta d\u2019Italia \u00e8 sacrosanta. Secondo l\u2019ONU le condizioni che hanno portato all\u2019introduzione di un nome sono da tenere in considerazione quando decidiamo quali toponimi debbano essere ufficiali, un aspetto che indubbiamente va a sfavore del mantenimento delle invenzioni del protofascista Ettore Tolomei. Ancor pi\u00f9 significativo per\u00f2 \u00e8 l\u2019effettivo utilizzo locale di un nome e il suo status di endonimo o di esonimo. Ragione per cui ad esempio non capisco perch\u00e9 gli esonimi di St. Ulrich\/Ortisei o Stern\/La Villa debbano essere ufficiali, nonostante si tratti, se vogliamo, di nomi stratificatisi storicamente. Va da se che gli italofoni potranno comunque continuare a chiamare Ortisei il paese di Urtij\u00ebi e La Villa il paese di La Ila.<\/p>\n<p>Il fatto che ci si ostini a parlare quasi esclusivamente di toponimi tedeschi e italiani e solo raramente ci si riferisca agli endonimi e agli esonimi dimostra il basso livello e l&#8217;etnocentrismo di un dibattito poco scientifico e poco oggettivo. Kastelbell, Tscherms, Naturns ecc. non sono nomi \u201ctedeschi\u201d. Cos\u00ec come gran parte dei toponimi in Sudtirolo sono di origine retica, celtica o romana. Al contempo quasi mai si distingue fra bilinguismo e binomismo.<\/p>\n<p>Evidentemente non si possono nemmeno \u201cabolire\u201d dei nomi. Gli si pu\u00f2 solo togliere lo status di ufficialit\u00e0&nbsp;, e questo a sua volta pu\u00f2 ma non deve per forza influenzarne l\u2019utilizzo. Altrimenti non esisterebbero Flazpis (Latzfons), Fochina (Ahornach), Mailand (Milano) o Monaco (M\u00fcnchen).<\/p>\n<p>E mentre molti nella nostra terra, anche e soprattutto sudtirolesi di lingua italiana, si battono per un\u2019identit\u00e0&nbsp; comune lontana dai gruppi linguistici (scuola plurilingue) dovremmo davvero percepire il nostro territorio come un\u2019entit\u00e0&nbsp; etnicamente separata? Non vorr\u00e0&nbsp; mica questo?<\/p>\n<p>Questa lettera (<a title=\"Brutta figura, wie wahr!\" href=\"http:\/\/www.brennerbasisdemokratie.eu\/?p=34090\">versione originale<\/a> in tedesco) \u00e8 la risposta a un <a title=\"Ortsnamen: SWZ f\u00fcr Appeasement.\" href=\"http:\/\/www.brennerbasisdemokratie.eu\/?p=34069\">articolo di Pfeifer<\/a> apparso su <em>S\u00fcdtiroler Wirtschaftszeitung.<\/em><\/p>\n<p><strong><span style=\"font-family: Helvetica, Arial, sans-serif; text-transform: uppercase;\">C\u00ebla enghe:<\/span><\/strong> <a title=\"Toponymy: What do the United Nations say?\" href=\"http:\/\/www.brennerbasisdemokratie.eu\/?p=32074\"><code>01<\/code><\/a>&nbsp;<a title=\"The Restoration of Minority Toponyms.\" href=\"http:\/\/www.brennerbasisdemokratie.eu\/?p=32082\"><code>02<\/code><\/a>&nbsp;<a title=\"Toponomastik \u2014 n\u00fcchtern betrachtet.\" href=\"http:\/\/www.brennerbasisdemokratie.eu\/?p=16091\"><code>03<\/code><\/a> <span style=\"font-family: Helvetica, Arial, sans-serif; font-weight: normal;\">||<\/span> <a title=\"Landesbezeichnung, figurative Politik.\" href=\"http:\/\/www.brennerbasisdemokratie.eu\/?p=51795\"><span style=\"color: #ff8c00\"><code>01<\/code><\/span><\/a><\/p>","protected":false},"excerpt":{"rendered":"<p>Naturalmente rispetto la sua opinione secondo cui in Sudtirolo ogni cumulo di talpa oltre a un esonimo abbia bisogno di un secondo nome, anche se inventato. E sono contento di vivere in una terra in cui la sua e la mia opinione possono confrontarsi pacificamente. Perch\u00e9 devo ammettere che il suo punto di vista \u2014 [&hellip;]<\/p>","protected":false},"author":8,"featured_media":0,"comment_status":"open","ping_status":"open","sticky":false,"template":"","format":"standard","meta":{"_crdt_document":"","ngg_post_thumbnail":0,"_jetpack_memberships_contains_paid_content":false,"footnotes":""},"categories":[1],"tags":[],"class_list":["post-34099","post","type-post","status-publish","format-standard","hentry","category-allgemein","entity-ungegn","issue-geschichtsaufarbeitung","issue-medienkritik","location-australia","location-china","location-kalaallit-nunaat","location-ladinia","location-quebec","language-italiano","medium-swz","person-christian-pfeifer","person-ettore-tolomei","topic-aussendarstellung","topic-colonialismi","topic-faschismen","topic-kohasion","topic-medien","topic-nationalismus","topic-ortsnamen","topic-plurilinguism","topic-wissenschaft"],"jetpack_featured_media_url":"","jetpack_sharing_enabled":true,"_links":{"self":[{"href":"https:\/\/www.brennerbasisdemokratie.eu\/index.php?rest_route=\/wp\/v2\/posts\/34099","targetHints":{"allow":["GET"]}}],"collection":[{"href":"https:\/\/www.brennerbasisdemokratie.eu\/index.php?rest_route=\/wp\/v2\/posts"}],"about":[{"href":"https:\/\/www.brennerbasisdemokratie.eu\/index.php?rest_route=\/wp\/v2\/types\/post"}],"author":[{"embeddable":true,"href":"https:\/\/www.brennerbasisdemokratie.eu\/index.php?rest_route=\/wp\/v2\/users\/8"}],"replies":[{"embeddable":true,"href":"https:\/\/www.brennerbasisdemokratie.eu\/index.php?rest_route=%2Fwp%2Fv2%2Fcomments&post=34099"}],"version-history":[{"count":14,"href":"https:\/\/www.brennerbasisdemokratie.eu\/index.php?rest_route=\/wp\/v2\/posts\/34099\/revisions"}],"predecessor-version":[{"id":95478,"href":"https:\/\/www.brennerbasisdemokratie.eu\/index.php?rest_route=\/wp\/v2\/posts\/34099\/revisions\/95478"}],"wp:attachment":[{"href":"https:\/\/www.brennerbasisdemokratie.eu\/index.php?rest_route=%2Fwp%2Fv2%2Fmedia&parent=34099"}],"wp:term":[{"taxonomy":"category","embeddable":true,"href":"https:\/\/www.brennerbasisdemokratie.eu\/index.php?rest_route=%2Fwp%2Fv2%2Fcategories&post=34099"},{"taxonomy":"post_tag","embeddable":true,"href":"https:\/\/www.brennerbasisdemokratie.eu\/index.php?rest_route=%2Fwp%2Fv2%2Ftags&post=34099"}],"curies":[{"name":"wp","href":"https:\/\/api.w.org\/{rel}","templated":true}]}}