{"id":34245,"date":"2017-04-05T10:12:00","date_gmt":"2017-04-05T08:12:00","guid":{"rendered":"http:\/\/www.brennerbasisdemokratie.eu\/?p=34245"},"modified":"2023-09-13T17:47:58","modified_gmt":"2023-09-13T15:47:58","slug":"quotation-358-logischer-vorgang","status":"publish","type":"post","link":"https:\/\/www.brennerbasisdemokratie.eu\/?p=34245","title":{"rendered":"Logischer Vorgang."},"content":{"rendered":"<blockquote><p>Durch diese neue Migration haben sich aber die traditionellen Trennlinien zwischen den drei Landessprachen verh\u00e4rtet, zumal Migranten als erstes die italienische Sprache lernen. Das ist an und f\u00fcr sich ein logischer Vorgang, weil sie in Italien den Asylantrag stellen.<\/p><\/blockquote>\n<p><em>Zeithistorikerin Eva Pfanzelter im <a title=\"Barfuss: Hass im Netz.\" href=\"https:\/\/www.barfuss.it\/leute\/hass-im-netz\" target=\"_blank\" rel=\"noopener noreferrer\">Barfuss-Interview.<\/a><\/em><\/p>\n<p>Aussagen wie diese best\u00e4tigen, dass die Autonomie au\u00dferstande ist, die intrinsischen Mechanismen des Nationalstaats im Sinne einer plurilingualen Gesellschaft wie der unseren au\u00dfer Kraft zu setzen. Obschon das ihr eigentlicher Zweck sein sollte. Dabei muss der Nationalstaat gar nicht aktiv t\u00e4tig werden, damit die \u00bbselbstverst\u00e4ndliche\u00ab Wirkung seines \u00bbNationalismus\u00ab greift. Dar\u00fcberhinaus wird in S\u00fcdtirol auch nicht <a title=\"Sprachliche Integration auf Katalanisch.\" href=\"http:\/\/www.brennerbasisdemokratie.eu\/?p=10466\">(wie woanders)<\/a> versucht, durch asymmetrische Ma\u00dfnahmen <em>(affirmative action)<\/em> f\u00fcr mehr Gleichgewicht zu sorgen. Stattdessen<\/p>\n<ul>\n<li>ist zum Beispiel f\u00fcr eine dauerhafte Aufenthaltsgenehmigung nach wie vor ausschlie\u00dflich der <a title=\"Zuwanderer zu Italienern.\" href=\"http:\/\/www.brennerbasisdemokratie.eu\/?p=8504\">Nachweis der Staatssprache<\/a> vorgeschrieben;<\/li>\n<li>werden ZuwandererInnen teils Italienischkurse kostenlos angeboten, w\u00e4hrend Deutschkurse kostenpflichtig sind;<\/li>\n<li>ist man selbst in S\u00fcdtiroler Landgemeinden oft <a title=\"Ausschlie\u00dfende \u00bbIntegration\u00ab.\" href=\"http:\/\/www.brennerbasisdemokratie.eu\/?p=14757\">der Auffassung,<\/a> dass Italienisch f\u00fcr Migrantinnen die \u00bbbessere\u00ab Sprache sei, weil angeblich <a title=\"\u2026schwere Sprache?\" href=\"https:\/\/www.brennerbasisdemokratie.eu\/?p=33890\" rel=\"\">leichter zu erlernen.<\/a><\/li>\n<\/ul>\n<p>Gerade in mehrheitlich deutschsprachigen Ortschaften wirken sich derartige Ans\u00e4tze zudem ausschlie\u00dfend auf die neuen Mitb\u00fcrgerinnen aus. Solche f\u00fcr den gesellschaftlichen Zusammenhalt wichtigen \u00dcberlegungen in die rechte Ecke zu stellen \u2014 nur weil sie aus durchsichtigem politischem Kalk\u00fcl auch von den Rechten angestellt werden \u2014 halte ich f\u00fcr brandgef\u00e4hrlich.<\/p>\n<blockquote><p>Einwanderung ist zumindest bei den Migrationsnetzwerken immer noch ein \u201citalienisches\u201d Ph\u00e4nomen \u2013 mehr als vier F\u00fcnftel der Vereinigungen bedienen sich der Referenzsprache Italienisch und weniger als 20 Prozent der deutschen.<\/p><\/blockquote>\n<p><em>Historiker und Konfliktforscher Kurt Gritsch <a title=\"Salto: Ein italienisches Ph\u00e4nomen.\" href=\"https:\/\/www.salto.bz\/de\/article\/03042017\/ein-italienisches-phaenomen\" target=\"_blank\" rel=\"noopener noreferrer\">auf Salto.<\/a><\/em><\/p>\n<p><strong><span style=\"font-family: Helvetica, Arial, sans-serif; text-transform: uppercase;\">C\u00ebla enghe:<\/span><\/strong> <a title=\"Zuwanderer: Die Bedeutung der deutschen Sprache wird immer noch stark untersch\u00e4tzt.\" href=\"http:\/\/www.brennerbasisdemokratie.eu\/?p=15852\"><code>01<\/code><\/a> <a title=\"Imam und lingua franca.\" href=\"http:\/\/www.brennerbasisdemokratie.eu\/?p=25025\"><code>02<\/code><\/a> <a title=\"Deutschtests diskriminierend.\" href=\"http:\/\/www.brennerbasisdemokratie.eu\/?p=6687\"><code>03<\/code><\/a> <a title=\"Zeitbombe f\u00fcr die Integration.\" href=\"http:\/\/www.brennerbasisdemokratie.eu\/?p=6663\"><code>04<\/code><\/a> <a title=\"Spracherwerb am Arbeitsplatz.\" href=\"http:\/\/www.brennerbasisdemokratie.eu\/?p=10249\"><code>05<\/code><\/a> <a title=\"Einb\u00fcrgerungen: Vergleich S\u00fcdtirol-Bayern.\" href=\"http:\/\/www.brennerbasisdemokratie.eu\/?p=31390\"><code>06<\/code><\/a> <a title=\"Astat-Studie zur Immigration.\" href=\"http:\/\/www.brennerbasisdemokratie.eu\/?p=11523\"><code>07<\/code><\/a> <a title=\"Eisacktal: Sprache vor Integration.\" href=\"http:\/\/www.brennerbasisdemokratie.eu\/?p=10102\"><code>08<\/code><\/a> <span style=\"font-family: Helvetica, Arial, sans-serif; font-weight: normal;\">||<\/span> <a title=\"Sprachkurs f\u00fcr Gefl\u00fcchtete? Nur Italienisch.\" href=\"https:\/\/www.brennerbasisdemokratie.eu\/?p=71603\"><span style=\"color: #ff8c00\"><code>01<\/code><\/span><\/a><\/p>","protected":false},"excerpt":{"rendered":"<p>Durch diese neue Migration haben sich aber die traditionellen Trennlinien zwischen den drei Landessprachen verh\u00e4rtet, zumal Migranten als erstes die italienische Sprache lernen. Das ist an und f\u00fcr sich ein logischer Vorgang, weil sie in Italien den Asylantrag stellen. Zeithistorikerin Eva Pfanzelter im Barfuss-Interview. Aussagen wie diese best\u00e4tigen, dass die Autonomie au\u00dferstande ist, die intrinsischen [&hellip;]<\/p>","protected":false},"author":1,"featured_media":0,"comment_status":"open","ping_status":"open","sticky":false,"template":"","format":"standard","meta":{"_crdt_document":"","ngg_post_thumbnail":0,"_jetpack_memberships_contains_paid_content":false,"footnotes":""},"categories":[1],"tags":[],"class_list":["post-34245","post","type-post","status-publish","format-standard","hentry","category-allgemein","issue-affirmative-action","issue-quotation","location-sudtirolo","language-deutsch","medium-barfuss","medium-salto","topic-discriminaziun","topic-kohasion","topic-medien","topic-migraziun","topic-minderheitenschutz","topic-nationalismus","topic-plurilinguism","topic-soziales","topic-vorzeigeautonomie"],"jetpack_featured_media_url":"","jetpack_sharing_enabled":true,"_links":{"self":[{"href":"https:\/\/www.brennerbasisdemokratie.eu\/index.php?rest_route=\/wp\/v2\/posts\/34245","targetHints":{"allow":["GET"]}}],"collection":[{"href":"https:\/\/www.brennerbasisdemokratie.eu\/index.php?rest_route=\/wp\/v2\/posts"}],"about":[{"href":"https:\/\/www.brennerbasisdemokratie.eu\/index.php?rest_route=\/wp\/v2\/types\/post"}],"author":[{"embeddable":true,"href":"https:\/\/www.brennerbasisdemokratie.eu\/index.php?rest_route=\/wp\/v2\/users\/1"}],"replies":[{"embeddable":true,"href":"https:\/\/www.brennerbasisdemokratie.eu\/index.php?rest_route=%2Fwp%2Fv2%2Fcomments&post=34245"}],"version-history":[{"count":12,"href":"https:\/\/www.brennerbasisdemokratie.eu\/index.php?rest_route=\/wp\/v2\/posts\/34245\/revisions"}],"predecessor-version":[{"id":80705,"href":"https:\/\/www.brennerbasisdemokratie.eu\/index.php?rest_route=\/wp\/v2\/posts\/34245\/revisions\/80705"}],"wp:attachment":[{"href":"https:\/\/www.brennerbasisdemokratie.eu\/index.php?rest_route=%2Fwp%2Fv2%2Fmedia&parent=34245"}],"wp:term":[{"taxonomy":"category","embeddable":true,"href":"https:\/\/www.brennerbasisdemokratie.eu\/index.php?rest_route=%2Fwp%2Fv2%2Fcategories&post=34245"},{"taxonomy":"post_tag","embeddable":true,"href":"https:\/\/www.brennerbasisdemokratie.eu\/index.php?rest_route=%2Fwp%2Fv2%2Ftags&post=34245"}],"curies":[{"name":"wp","href":"https:\/\/api.w.org\/{rel}","templated":true}]}}