{"id":34323,"date":"2017-04-14T12:28:32","date_gmt":"2017-04-14T10:28:32","guid":{"rendered":"http:\/\/www.brennerbasisdemokratie.eu\/?p=34323"},"modified":"2023-04-19T22:41:58","modified_gmt":"2023-04-19T20:41:58","slug":"sudtiroler-journalistenkammer-mayr-kontert-kronbichler","status":"publish","type":"post","link":"https:\/\/www.brennerbasisdemokratie.eu\/?p=34323","title":{"rendered":"Landesjournalistenkammer: Mayr kontert Kronbichler."},"content":{"rendered":"<p>Der Chefredakteur von <em>Rai S\u00fcdtirol,<\/em> Wolfgang Mayr, <a title=\"Salto: Der Teufel an der Wand.\" href=\"https:\/\/www.salto.bz\/de\/article\/13042017\/der-teufel-der-wand\" target=\"_blank\" rel=\"noopener noreferrer\">antwortet<\/a> dem Kammerabgeordneten Florian Kronbichler <em>(Gr\u00fcne\/<\/em>MDP), der in Bezug auf die Schaffung einer autonomen S\u00fcdtiroler Journalistenkammer von \u00bbprovinzieller Einigelung\u00ab und \u00bbethnischer Trennung\u00ab geschrieben hatte.<\/p>\n<p>Die bevorstehende Umwandlung der Journalistenkammer Trentino-S\u00fcdtirol in zwei eigenst\u00e4ndige Landeskammern wurde von Senator Karl Zeller (SVP) erreicht.<\/p>\n<p>Mayr erinnert daran, dass Journalistinnen von <em>Rai S\u00fcdtirol,<\/em> <em>Athesia<\/em> und <em>S\u00fcdtirol 1<\/em> bereits im Herbst 2015 von der regionalen Journalistenkammer gefordert h\u00e4tten, Fortbildungskurse endlich auch in deutscher und ladinischer Sprache anzubieten. Ein entsprechender offener Brief sei an alle S\u00fcdtiroler ParlamentarierInnen, also auch an Florian Kronbichler verschickt worden \u2014 doch weder Kronbichler, noch die Journalistenkammer selbst h\u00e4tten je darauf reagiert.<\/p>\n<p>Dass es sich bei der Schaffung einer S\u00fcdtiroler Journalistenkammer um \u00bbethnische Trennung\u00ab handle, verneint Mayr. Alle anderen Berufskammern seien schon heute auf Landesebene organisiert \u2014 und auch die F\u00fchrung der S\u00fcdtiroler Journalistenkammer w\u00fcrde dann eben von deutschen, italienischen und ladinischen JournalistInnen gew\u00e4hlt.<\/p>\n<blockquote><p>Warum d\u00fcrfen wir nicht machen, was in anderen Berufen schon lange gilt?<\/p>\n<p><small><em>\u2014 Wolfgang Mayr<\/em><\/small><\/p><\/blockquote>\n<p>Eine \u00e4hnliche Position wie jetzt h\u00e4tte Kronbichler bereits zum Zeitpunkt der <em>Rai<\/em>-Reform eingenommen, so Mayr, als der gr\u00fcne Kammerabgeordnete gar prognostiziert hatte, dass die italienischsprachige Redaktion von Bozen nach Trient \u00fcbersiedeln m\u00fcsste. Dies sei jedoch nicht eingetreten.<\/p>\n<p>Noch einen weiteren Vorwurf weist der <em>Rai<\/em>-Chefredakteur zur\u00fcck: Eine Schutzklausel f\u00fcr Sprachminderheiten, die ihre Vertretung im staatsweiten Kammerrat sicherstellt, hatte Kronbichler scharf kritisiert. Schlie\u00dflich sei schon bisher \u2014 ohne Schutzklausel \u2014 schon immer \u00bbein deutscher S\u00fcdtiroler\u00ab im Kammerrat verteten gewesen. Mayr weist darauf hin, dass das Gremium bisher aus 156 Mitgliedern bestanden hatte, nunmehr jedoch auf 60 Sitze verkleinert werden soll. Somit h\u00e4tte tats\u00e4chlich die Gefahr bestanden, dass die Minderheiten nicht mehr angemessen vertreten gewesen w\u00e4ren.<\/p>\n<p><strong><span style=\"font-family: Helvetica, Arial, sans-serif; text-transform: uppercase;\">C\u00ebla enghe:<\/span><\/strong> <a title=\"Die Rolle der Journalistenkammer.\" href=\"http:\/\/www.brennerbasisdemokratie.eu\/?p=15516\"><code>01<\/code><\/a> <a title=\"Krankes Kammernsystem.\" href=\"http:\/\/www.brennerbasisdemokratie.eu\/?p=16729\"><code>02<\/code><\/a> <a title=\"Medienkampagnen: Wann kommt die R\u00fcge?\" href=\"http:\/\/www.brennerbasisdemokratie.eu\/?p=32022\"><code>03<\/code><\/a> <a title=\"Architektenkammer: Online-Fortbildung einsprachig.\" href=\"http:\/\/www.brennerbasisdemokratie.eu\/?p=33403\"><code>04<\/code><\/a><\/p>","protected":false},"excerpt":{"rendered":"<p>Der Chefredakteur von Rai S\u00fcdtirol, Wolfgang Mayr, antwortet dem Kammerabgeordneten Florian Kronbichler (Gr\u00fcne\/MDP), der in Bezug auf die Schaffung einer autonomen S\u00fcdtiroler Journalistenkammer von \u00bbprovinzieller Einigelung\u00ab und \u00bbethnischer Trennung\u00ab geschrieben hatte. Die bevorstehende Umwandlung der Journalistenkammer Trentino-S\u00fcdtirol in zwei eigenst\u00e4ndige Landeskammern wurde von Senator Karl Zeller (SVP) erreicht. Mayr erinnert daran, dass Journalistinnen von Rai [&hellip;]<\/p>","protected":false},"author":1,"featured_media":0,"comment_status":"open","ping_status":"open","sticky":false,"template":"","format":"standard","meta":{"_crdt_document":"","ngg_post_thumbnail":0,"_jetpack_memberships_contains_paid_content":false,"footnotes":""},"categories":[1],"tags":[],"class_list":["post-34323","post","type-post","status-publish","format-standard","hentry","category-allgemein","entity-svp","entity-verc","location-sudtirolo","language-deutsch","medium-athesia","medium-rai","medium-salto","person-flor","person-karl-zeller","person-wolfgang-mayr","topic-medien","topic-minderheitenschutz","topic-plurilinguism","topic-politik"],"jetpack_featured_media_url":"","jetpack_sharing_enabled":true,"_links":{"self":[{"href":"https:\/\/www.brennerbasisdemokratie.eu\/index.php?rest_route=\/wp\/v2\/posts\/34323","targetHints":{"allow":["GET"]}}],"collection":[{"href":"https:\/\/www.brennerbasisdemokratie.eu\/index.php?rest_route=\/wp\/v2\/posts"}],"about":[{"href":"https:\/\/www.brennerbasisdemokratie.eu\/index.php?rest_route=\/wp\/v2\/types\/post"}],"author":[{"embeddable":true,"href":"https:\/\/www.brennerbasisdemokratie.eu\/index.php?rest_route=\/wp\/v2\/users\/1"}],"replies":[{"embeddable":true,"href":"https:\/\/www.brennerbasisdemokratie.eu\/index.php?rest_route=%2Fwp%2Fv2%2Fcomments&post=34323"}],"version-history":[{"count":9,"href":"https:\/\/www.brennerbasisdemokratie.eu\/index.php?rest_route=\/wp\/v2\/posts\/34323\/revisions"}],"predecessor-version":[{"id":77866,"href":"https:\/\/www.brennerbasisdemokratie.eu\/index.php?rest_route=\/wp\/v2\/posts\/34323\/revisions\/77866"}],"wp:attachment":[{"href":"https:\/\/www.brennerbasisdemokratie.eu\/index.php?rest_route=%2Fwp%2Fv2%2Fmedia&parent=34323"}],"wp:term":[{"taxonomy":"category","embeddable":true,"href":"https:\/\/www.brennerbasisdemokratie.eu\/index.php?rest_route=%2Fwp%2Fv2%2Fcategories&post=34323"},{"taxonomy":"post_tag","embeddable":true,"href":"https:\/\/www.brennerbasisdemokratie.eu\/index.php?rest_route=%2Fwp%2Fv2%2Ftags&post=34323"}],"curies":[{"name":"wp","href":"https:\/\/api.w.org\/{rel}","templated":true}]}}