{"id":34353,"date":"2017-04-16T18:21:47","date_gmt":"2017-04-16T16:21:47","guid":{"rendered":"http:\/\/www.brennerbasisdemokratie.eu\/?p=34353"},"modified":"2025-12-12T10:16:37","modified_gmt":"2025-12-12T09:16:37","slug":"erste-tour-of-the-alps","status":"publish","type":"post","link":"https:\/\/www.brennerbasisdemokratie.eu\/?p=34353","title":{"rendered":"Erste \u203aTour of the Alps\u2039."},"content":{"rendered":"<blockquote><p><img loading=\"lazy\" decoding=\"async\" class=\"aligncenter size-full wp-image-34356\" src=\"http:\/\/www.brennerbasisdemokratie.eu\/wp-content\/uploads\/2017\/04\/tourofthealps.png\" alt=\"\" width=\"418\" height=\"320\"\/><\/p><\/blockquote>\n<p>Am morgigen Ostermontag startet in Kufstein die <em>Tour of the Alps,<\/em> die den traditionsreichen <em>Giro del Trentino<\/em> (40 Austragungen seit 1962) beerben wird. Die neue Rundfahrt wird sich \u00fcber die gesamte <em>Euregio<\/em> (Nord-, S\u00fcd-, Osttirol und Trentino) erstrecken \u2014 als einer der diesj\u00e4hrigen H\u00f6hepunkte gilt die \u00dcberquerung der Europabr\u00fccke.<\/p>\n<p>Die f\u00fcnf Etappen f\u00fchren<\/p>\n<ol>\n<li>von Kufstein nach Innsbruck<\/li>\n<li>von dort nach Innervillgratten<\/li>\n<li>von Niederdorf nach Villn\u00f6\u00df<\/li>\n<li>von Bozen nach Cles und<\/li>\n<li>von Smarano zur Zieleinfahrt am Trientner Domplatz (am 21. April).<\/li>\n<\/ol>\n<p>Das Rennen wird unter anderem von <em>Eurosport, RaiSport <\/em>und<em> BikeChannel<\/em> \u00fcbertragen und ist somit die erste Sportveranstaltung auf <em>Euregio<\/em>-Ebene mit einer gr\u00f6\u00dferen internationalen Projektion.<\/p>\n<p><strong><span style=\"font-family: Helvetica, Arial, sans-serif; text-transform: uppercase;\">C\u00ebla enghe:<\/span><\/strong> <a title=\"Euregio Connect.\" href=\"https:\/\/www.brennerbasisdemokratie.eu\/?p=59839\"><span style=\"color: #ff8c00\"><code>01<\/code><\/span><\/a><\/p>","protected":false},"excerpt":{"rendered":"<p>Am morgigen Ostermontag startet in Kufstein die Tour of the Alps, die den traditionsreichen Giro del Trentino (40 Austragungen seit 1962) beerben wird. Die neue Rundfahrt wird sich \u00fcber die gesamte Euregio (Nord-, S\u00fcd-, Osttirol und Trentino) erstrecken \u2014 als einer der diesj\u00e4hrigen H\u00f6hepunkte gilt die \u00dcberquerung der Europabr\u00fccke. Die f\u00fcnf Etappen f\u00fchren von Kufstein [&hellip;]<\/p>","protected":false},"author":1,"featured_media":0,"comment_status":"open","ping_status":"open","sticky":false,"template":"","format":"standard","meta":{"_crdt_document":"","ngg_post_thumbnail":0,"_jetpack_memberships_contains_paid_content":false,"footnotes":""},"categories":[1],"tags":[],"class_list":["post-34353","post","type-post","status-publish","format-standard","hentry","category-allgemein","entity-euregio","issue-good-news","location-nord-osttirol","location-sudtirolo","location-trentino","language-deutsch","medium-rai","topic-aussendarstellung","topic-medien","topic-sport"],"jetpack_featured_media_url":"","jetpack_sharing_enabled":true,"_links":{"self":[{"href":"https:\/\/www.brennerbasisdemokratie.eu\/index.php?rest_route=\/wp\/v2\/posts\/34353","targetHints":{"allow":["GET"]}}],"collection":[{"href":"https:\/\/www.brennerbasisdemokratie.eu\/index.php?rest_route=\/wp\/v2\/posts"}],"about":[{"href":"https:\/\/www.brennerbasisdemokratie.eu\/index.php?rest_route=\/wp\/v2\/types\/post"}],"author":[{"embeddable":true,"href":"https:\/\/www.brennerbasisdemokratie.eu\/index.php?rest_route=\/wp\/v2\/users\/1"}],"replies":[{"embeddable":true,"href":"https:\/\/www.brennerbasisdemokratie.eu\/index.php?rest_route=%2Fwp%2Fv2%2Fcomments&post=34353"}],"version-history":[{"count":9,"href":"https:\/\/www.brennerbasisdemokratie.eu\/index.php?rest_route=\/wp\/v2\/posts\/34353\/revisions"}],"predecessor-version":[{"id":96792,"href":"https:\/\/www.brennerbasisdemokratie.eu\/index.php?rest_route=\/wp\/v2\/posts\/34353\/revisions\/96792"}],"wp:attachment":[{"href":"https:\/\/www.brennerbasisdemokratie.eu\/index.php?rest_route=%2Fwp%2Fv2%2Fmedia&parent=34353"}],"wp:term":[{"taxonomy":"category","embeddable":true,"href":"https:\/\/www.brennerbasisdemokratie.eu\/index.php?rest_route=%2Fwp%2Fv2%2Fcategories&post=34353"},{"taxonomy":"post_tag","embeddable":true,"href":"https:\/\/www.brennerbasisdemokratie.eu\/index.php?rest_route=%2Fwp%2Fv2%2Ftags&post=34353"}],"curies":[{"name":"wp","href":"https:\/\/api.w.org\/{rel}","templated":true}]}}