{"id":34721,"date":"2017-05-19T09:50:35","date_gmt":"2017-05-19T07:50:35","guid":{"rendered":"http:\/\/www.brennerbasisdemokratie.eu\/?p=34721"},"modified":"2022-11-18T21:35:15","modified_gmt":"2022-11-18T20:35:15","slug":"was-erlauben-mussner","status":"publish","type":"post","link":"https:\/\/www.brennerbasisdemokratie.eu\/?p=34721","title":{"rendered":"Was erlauben Mussner?"},"content":{"rendered":"<p>Der t\u00e4tliche Angriff eines Journalisten auf seinen Kollegen Mauro Keller <em>(Video 33)<\/em> bei einer Veranstaltung der Journalistenkammer in Bozen ist derzeit in aller Munde. Der Vorfall ist mittlerweile Angelegenheit der Justiz, die den Angreifer hoffentlich zur Rechenschaft ziehen wird.<\/p>\n<p>Die Geschichte birgt aber auch noch einen zweiten erschreckenden Aspekt. Der Anlass f\u00fcr die Diskussion zwischen Mauro Keller und dem ehemaligen RAI-S\u00fcdtirol-Boss Markus Perwanger, im Zuge derer der Angriff stattgefunden hat \u2014 welcher jedoch nicht notwendigerweise mit dem unmittelbaren Anlass und Inhalt\u00a0der Diskussion in Zusammenhang stehen muss \u2014 war folgender:<\/p>\n<p>Der S\u00fcdtiroler Leiter der Flugbeh\u00f6rde ENAC, Manfred Mussner,\u00a0hat laut Augen- und Ohrenzeugen bei der Fortbildungsveranstaltung, bei der es um den Einsatz von Drohnen zu journalistischen Zwecken ging und die zur G\u00e4nze auf Italienisch abgehalten wurde, zwei (!) Einleitungss\u00e4tze auf Deutsch gesagt, ehe er seinen Vortrag auf Italienisch fortsetzte. Diese S\u00e4tze seien f\u00fcr einige italienischsprachige Teilnehmer Grund genug gewesen, lautstark zu protestieren. Perwanger habe sich dann am Ende der Veranstaltung an die Anwesenden gewandt und erkl\u00e4rt, dass es unw\u00fcrdig sei, wegen zweier deutscher S\u00e4tze so einen Aufstand zu machen und dass er sich deshalb pers\u00f6nlich betroffen f\u00fchle. In der Folge diskutierte Perwanger die Angelegenheit privat mit einigen Journalisten (unter anderem auch Mauro Keller) weiter.<\/p>\n<p>Man muss sich das auf der Zunge zergehen lassen: In der Landeshauptstadt Bozen sorgen zwei deutsche S\u00e4tze bei einer Veranstaltung der offiziell zweisprachigen Journalistenkammer Trentino\/S\u00fcdtirol, die \u00fcber eine <a title=\"\" href=\"http:\/\/www.brennerbasisdemokratie.eu\/?p=33403#comment-317845\">einsprachig italienische Webseite<\/a> verf\u00fcgt, die ihre wenigen <a title=\"\" href=\"http:\/\/www.brennerbasisdemokratie.eu\/?p=33403#comment-319794\">deutschsprachigen Fortbildungskurse ausschlie\u00dflich auf Italienisch ank\u00fcndigt<\/a>\u00a0und bei der man auf <a title=\"\" href=\"http:\/\/www.brennerbasisdemokratie.eu\/?p=33403#comment-320178\">Anfragen auf Deutsch italienischsprachige Antworten<\/a>\u00a0erh\u00e4lt, unter einigen der italienischsprachigen Journalisten f\u00fcr Aufruhr.<\/p>\n<p>Diese Leute, die offenbar zutiefst einem an die 1920er-Jahre erinnernden nationalistischen Chauvinismus verhaftet und noch nicht im 21. Jahrhundert angekommen sind, sind dann auch jene, die vor allem f\u00fcr die italienischsprachigen Mitb\u00fcrgerinnen und Mitb\u00fcrger in unserer Region\u00a0meinungsbildend wirken und durch deren Filter viele Informationen laufen. Prost Mahlzeit!<\/p>\n<p><strong><span style=\"font-family: Helvetica, Arial, sans-serif; text-transform: uppercase;\">C\u00ebla enghe:<\/span><\/strong> <a title=\"Il tedesco? Lo parli \u00aba casa tua\u00bb.\" href=\"https:\/\/www.brennerbasisdemokratie.eu\/?p=33150\"><code>01<\/code><\/a> <a title=\"Architektenkammer: Online-Fortbildung einsprachig.\" href=\"http:\/\/www.brennerbasisdemokratie.eu\/?p=33403\"><code>02<\/code><\/a> <a title=\"Landesjournalistenkammer: Mayr kontert Kronbichler.\" href=\"https:\/\/www.brennerbasisdemokratie.eu\/?p=34323\"><code>03<\/code><\/a>\u00a0<span style=\"font-family: Helvetica, Arial, sans-serif; font-weight: normal;\">||<\/span> <a title=\"Chef von Air Canada emp\u00f6rt Qu\u00e9bec.\" href=\"https:\/\/www.brennerbasisdemokratie.eu\/?p=69179\" rel=\"\"><span style=\"color: #ff8c00\"><code>01<\/code><\/span><\/a><\/p>","protected":false},"excerpt":{"rendered":"<p>Der t\u00e4tliche Angriff eines Journalisten auf seinen Kollegen Mauro Keller (Video 33) bei einer Veranstaltung der Journalistenkammer in Bozen ist derzeit in aller Munde. Der Vorfall ist mittlerweile Angelegenheit der Justiz, die den Angreifer hoffentlich zur Rechenschaft ziehen wird. Die Geschichte birgt aber auch noch einen zweiten erschreckenden Aspekt. Der Anlass f\u00fcr die Diskussion zwischen [&hellip;]<\/p>","protected":false},"author":8,"featured_media":0,"comment_status":"open","ping_status":"open","sticky":false,"template":"","format":"standard","meta":{"_crdt_document":"","ngg_post_thumbnail":0,"_jetpack_memberships_contains_paid_content":false,"footnotes":""},"categories":[1],"tags":[],"class_list":["post-34721","post","type-post","status-publish","format-standard","hentry","category-allgemein","issue-banalnationalism","issue-bilinguismo-negato","issue-italianizzazione","location-sudtirolo","language-deutsch","medium-rai","topic-colonialismi","topic-discriminaziun","topic-faschismen","topic-medien","topic-nationalismus","topic-plurilinguism"],"jetpack_featured_media_url":"","jetpack_sharing_enabled":true,"_links":{"self":[{"href":"https:\/\/www.brennerbasisdemokratie.eu\/index.php?rest_route=\/wp\/v2\/posts\/34721","targetHints":{"allow":["GET"]}}],"collection":[{"href":"https:\/\/www.brennerbasisdemokratie.eu\/index.php?rest_route=\/wp\/v2\/posts"}],"about":[{"href":"https:\/\/www.brennerbasisdemokratie.eu\/index.php?rest_route=\/wp\/v2\/types\/post"}],"author":[{"embeddable":true,"href":"https:\/\/www.brennerbasisdemokratie.eu\/index.php?rest_route=\/wp\/v2\/users\/8"}],"replies":[{"embeddable":true,"href":"https:\/\/www.brennerbasisdemokratie.eu\/index.php?rest_route=%2Fwp%2Fv2%2Fcomments&post=34721"}],"version-history":[{"count":18,"href":"https:\/\/www.brennerbasisdemokratie.eu\/index.php?rest_route=\/wp\/v2\/posts\/34721\/revisions"}],"predecessor-version":[{"id":74859,"href":"https:\/\/www.brennerbasisdemokratie.eu\/index.php?rest_route=\/wp\/v2\/posts\/34721\/revisions\/74859"}],"wp:attachment":[{"href":"https:\/\/www.brennerbasisdemokratie.eu\/index.php?rest_route=%2Fwp%2Fv2%2Fmedia&parent=34721"}],"wp:term":[{"taxonomy":"category","embeddable":true,"href":"https:\/\/www.brennerbasisdemokratie.eu\/index.php?rest_route=%2Fwp%2Fv2%2Fcategories&post=34721"},{"taxonomy":"post_tag","embeddable":true,"href":"https:\/\/www.brennerbasisdemokratie.eu\/index.php?rest_route=%2Fwp%2Fv2%2Ftags&post=34721"}],"curies":[{"name":"wp","href":"https:\/\/api.w.org\/{rel}","templated":true}]}}