{"id":34835,"date":"2017-05-29T12:26:47","date_gmt":"2017-05-29T10:26:47","guid":{"rendered":"http:\/\/www.brennerbasisdemokratie.eu\/?p=34835"},"modified":"2021-11-22T21:42:46","modified_gmt":"2021-11-22T20:42:46","slug":"selbstbestimmungsfeminismus","status":"publish","type":"post","link":"https:\/\/www.brennerbasisdemokratie.eu\/?p=34835","title":{"rendered":"Selbstbestimmungsfeminismus."},"content":{"rendered":"<p>Wenn jemand gute Argumente hat, sollte man \u2014 meiner Meinung nach \u2014 nicht davor zur\u00fcckschrecken, sie sich zueigen zu machen. So hat Sylvia Rier, Feministin und (meines Wissens) Unabh\u00e4ngigkeitsgegnerin, <a title=\"Salto: Feminismus ist f\u00fcr alle da.\" href=\"https:\/\/www.salto.bz\/de\/article\/24052017\/sind-feministen-die-besseren-maenner\" target=\"_blank\" rel=\"noopener noreferrer\">einen Artikel<\/a> auf <em>Salto<\/em> ver\u00f6ffentlicht, dessen Argumentation ich hier \u2014 mit wenigen Apassungen \u2014 mit einem Augenzwinkern f\u00fcr meine Zwecke recyceln m\u00f6chte:<\/p>\n<blockquote><p>\u201c<strong>In <del>der Schweiz<\/del> <span style=\"color: #ff0000;\">S\u00fcdtirol<\/span> gehe es den <del>Frauen<\/del> <span style=\"color: #ff0000;\">Menschen<\/span> doch l\u00e4ngst gut.<\/strong>\u201d Was soll das hei\u00dfen, dr\u00e4ngelt sich dann sofort eines meiner Ichs nach vorne, und fr\u00e4gt: Soll das ein Argument sein? Gegen <del>Feminismus<\/del> <span style=\"color: #ff0000;\">die Selbstbestimmung<\/span>? Oder wof\u00fcr? Mag sein, in <del>der Schweiz<\/del> <span style=\"color: #ff0000;\">S\u00fcdtirol<\/span> \u2013 in Europa \u2013 geht es \u201c<del>Frauen<\/del> <span style=\"color: #ff0000;\">den Menschen<\/span> gut\u201d, wobei aber jedenfalls festgestellt geh\u00f6rt, dass es auch in (<del>der Schweiz<\/del> <span style=\"color: #ff0000;\">S\u00fcdtirol<\/span>) Europa keineswegs allen <del>Frauen<\/del> gut geht, nicht einmal den meisten, und dass es sehr vielen sogar sehr schlecht geht. Woher und warum also diese groben Nachl\u00e4ssigkeiten in der Bewertung, die v\u00f6llig undifferenzierten Gemeinpl\u00e4tze? Und nat\u00fcrlich: Mithilfe welchen Millimeterbandes misst denn wer, und woran? Messen <del>M\u00e4nner<\/del> <span style=\"color: #ff0000;\">Unabh\u00e4ngigkeitsgegnerinnen<\/span> (f\u00fcr die <del>Frauen<\/del> <span style=\"color: #ff0000;\">Unabh\u00e4ngigkeitsbef\u00fcrworterinnen<\/span>)? An ihrem eigenen Empfinden (wann es genug und also \u201cgut\u201d ist, mit <del>weiblichem<\/del> Wohlbefinden)? Und womit wird verglichen? Mit <del>weiblichem<\/del> <span style=\"color: #ff0000;\">dem<\/span> Status im 19. Jahrhundert? in Indien? oder Afghanistan?<\/p>\n<p>Aber auch wenn der Status Quo europ\u00e4ischer <del>Frauen<\/del> <span style=\"color: #ff0000;\">B\u00fcrgerinnen<\/span> an jenem der ferneren Vergangenheit oder der sog. Schwellen- und Entwicklungsl\u00e4nder gemessen w\u00fcrde, um der Behauptung\u00a0\u201ces geht ihnen ja gut\u201d willen, und das anerkannt w\u00fcrde: Was h\u00e4tte es zu bedeuten? Dass es <del>Frauen<\/del> <span style=\"color: #ff0000;\">den S\u00fcdtirolerinnen<\/span> nicht noch besser gehen darf? Es ist, meine ich, der menschlichen Spezies inh\u00e4rent, dass sie stets nach einem \u201cnoch besser\u201d strebt, und also \u00fcberhaupt nicht einzusehen, dass dieser allgemeing\u00fcltige Standard f\u00fcr <del>Frauen<\/del> <span style=\"color: #ff0000;\">S\u00fcdtirolerinnen<\/span> nicht gelten sollte, dass also \u2013 nur f\u00fcr <del>Frauen<\/del> <span style=\"color: #ff0000;\">S\u00fcdtirolerinnen<\/span>, wohlgemerkt \u2013 bei einem bestimmten Level Schluss zu sein\u00a0hat, mit gut oder gar bessergehen. \u00dcberdies hat \u2013 selbstverst\u00e4ndlich \u2013 in erster Linie wohl doch die <del>weibliche H\u00e4lfte der Welt<\/del> <span style=\"color: #ff0000;\">S\u00fcdtiroler Gesamtbev\u00f6lkerung<\/span> f\u00fcr sich selbst zu bestimmen, wann \u201ces gut ist\u201d. Eine entsprechende Erhebung fehlt noch, nach meinem derzeitigen Stand der Erkenntnis.<\/p><\/blockquote>\n<p><small><em>Hinweis: Die durchgestrichenen Textbausteine stellen keine inhaltliche Ablehnung der urspr\u00fcnglichen, feministischen Argumentation dar \u2014 sondern sollen lediglich den \u00bbUmbau\u00ab des Ausgangstexts nachvollziehbar machen.<\/em><\/small><\/p>","protected":false},"excerpt":{"rendered":"<p>Wenn jemand gute Argumente hat, sollte man \u2014 meiner Meinung nach \u2014 nicht davor zur\u00fcckschrecken, sie sich zueigen zu machen. So hat Sylvia Rier, Feministin und (meines Wissens) Unabh\u00e4ngigkeitsgegnerin, einen Artikel auf Salto ver\u00f6ffentlicht, dessen Argumentation ich hier \u2014 mit wenigen Apassungen \u2014 mit einem Augenzwinkern f\u00fcr meine Zwecke recyceln m\u00f6chte: \u201cIn der Schweiz S\u00fcdtirol [&hellip;]<\/p>","protected":false},"author":1,"featured_media":0,"comment_status":"open","ping_status":"open","sticky":false,"template":"","format":"standard","meta":{"_crdt_document":"","ngg_post_thumbnail":0,"_jetpack_memberships_contains_paid_content":false,"footnotes":""},"categories":[1],"tags":[],"class_list":["post-34835","post","type-post","status-publish","format-standard","hentry","category-allgemein","location-sudtirolo","location-svizra","language-deutsch","medium-salto","person-silvia-rier","topic-feminae","topic-medien","topic-politik","topic-satire","topic-selbstbestimmung"],"jetpack_featured_media_url":"","jetpack_sharing_enabled":true,"_links":{"self":[{"href":"https:\/\/www.brennerbasisdemokratie.eu\/index.php?rest_route=\/wp\/v2\/posts\/34835","targetHints":{"allow":["GET"]}}],"collection":[{"href":"https:\/\/www.brennerbasisdemokratie.eu\/index.php?rest_route=\/wp\/v2\/posts"}],"about":[{"href":"https:\/\/www.brennerbasisdemokratie.eu\/index.php?rest_route=\/wp\/v2\/types\/post"}],"author":[{"embeddable":true,"href":"https:\/\/www.brennerbasisdemokratie.eu\/index.php?rest_route=\/wp\/v2\/users\/1"}],"replies":[{"embeddable":true,"href":"https:\/\/www.brennerbasisdemokratie.eu\/index.php?rest_route=%2Fwp%2Fv2%2Fcomments&post=34835"}],"version-history":[{"count":11,"href":"https:\/\/www.brennerbasisdemokratie.eu\/index.php?rest_route=\/wp\/v2\/posts\/34835\/revisions"}],"predecessor-version":[{"id":69653,"href":"https:\/\/www.brennerbasisdemokratie.eu\/index.php?rest_route=\/wp\/v2\/posts\/34835\/revisions\/69653"}],"wp:attachment":[{"href":"https:\/\/www.brennerbasisdemokratie.eu\/index.php?rest_route=%2Fwp%2Fv2%2Fmedia&parent=34835"}],"wp:term":[{"taxonomy":"category","embeddable":true,"href":"https:\/\/www.brennerbasisdemokratie.eu\/index.php?rest_route=%2Fwp%2Fv2%2Fcategories&post=34835"},{"taxonomy":"post_tag","embeddable":true,"href":"https:\/\/www.brennerbasisdemokratie.eu\/index.php?rest_route=%2Fwp%2Fv2%2Ftags&post=34835"}],"curies":[{"name":"wp","href":"https:\/\/api.w.org\/{rel}","templated":true}]}}