{"id":34967,"date":"2017-06-11T17:31:17","date_gmt":"2017-06-11T15:31:17","guid":{"rendered":"http:\/\/www.brennerbasisdemokratie.eu\/?p=34967"},"modified":"2026-02-03T09:07:26","modified_gmt":"2026-02-03T08:07:26","slug":"studie-zur-autonomieentwicklung-seit-1992","status":"publish","type":"post","link":"https:\/\/www.brennerbasisdemokratie.eu\/?p=34967","title":{"rendered":"Studie zur Autonomieentwicklung seit 1992."},"content":{"rendered":"<p>Eine rund 600 Seiten starke Studie \u00fcber die \u00bbEntwicklungen und Ver\u00e4nderungen der S\u00fcdtiroler Autonomie seit der Streitbeilegungserkl\u00e4rung 1992\u00ab wurde vor wenigen Tagen <a title=\"LPA: Autonomieentwicklung nach Streitbeendigung\u2026\" href=\"http:\/\/www.provinz.bz.it\/news\/de\/news.asp?news_action=4&amp;news_article_id=589813\" target=\"_blank\" rel=\"noopener noreferrer\">in Bozen vorgestellt.<\/a> Erstellt wurde sie von den beiden Rechtsexperten Prof. Esther Happacher und Prof. Walter Obwexer (Universit\u00e4t Innsbruck) noch im Auftrag der alten Landesregierung unter Luis Durnwalder (<abbr title=\"S\u00fcdtiroler Volkspartei\">SVP<\/abbr>).<\/p>\n<p>Das Ergebnis ist, wie den Ausf\u00fchrungen der beiden Autoren entnommen werden kann, durchwachsen. Neben Bereichen, die ins Unionsrecht \u00fcbergef\u00fchrt wurden sowie neuen Zust\u00e4ndigkeiten, die im Laufe der Jahre erk\u00e4mpft werden konnten, musste seit 1992 durchaus auch die einseitige Zur\u00fccknahme von Autonomierechten hingenommen werden \u2014 zum Beispiel durch die sogenannten transversalen Zust\u00e4ndigkeiten des Staates oder die Rechtssprechung des Verfassungsgerichts.<\/p>\n<p>Diese einseitige Zur\u00fccknahme ist besonders brisant, da sie im Grunde einen Vertragsbruch bedeutet. Selbst in der Verbalnote des \u00f6sterreichischen Au\u00dfenministeriums vom 11. Juni 1992, der sogenannten \u00bbStreitbeilegungserkl\u00e4rung\u00ab, die sich heute zum 25. Mal j\u00e4hrt, steht unter Punkt 6:<\/p>\n<blockquote><p>Die \u00f6sterreichische Regierung geht unter Beibehaltung ihrer Verantwortung als Unterzeichner des Pariser Abkommens davon aus, da\u00df die von der italienischen Regierung im Interesse der Volksgruppen S\u00fcdtirols durchgef\u00fchrten Ma\u00dfnahmen und somit das Autonomiestatut 1972 mit seinen Durchf\u00fchrungsbestimmungen, ordentlichen Gesetzen und Verwaltungsakten, wie es aus dem Anhang zur Note vom 22. April 1992 hervorgeht, nicht einseitig abge\u00e4ndert werden, sondern, wie der italienische Ministerpr\u00e4sident in seinen Parlamentserkl\u00e4rungen vom 30. J\u00e4nner 1992, welche der \u00f6sterreichischen Seite mit der genannten Note vom 22. April \u00fcbermittelt wurden, festgestellt hat, nur im Rahmen der gemeinsamen Verantwortung und des bereits bisher zwischen der Zentralgewalt und den betroffenen Volksgruppen erreichten politischen Konsenses, welche auch f\u00fcr den Fall fortdauern m\u00fcssen, da\u00df normative \u00c4nderungen erforderlich werden sollten.<\/p><\/blockquote>\n<p>Es ist zwar l\u00f6blich, dass erstens diese Studie in Auftrag gegeben wurde (deren Erhebungszeitraum von 1992 bis 2015 reicht) und dass Landeshauptmann Arno Kompatscher (SVP) nun f\u00fcr die Wiederherstellung der gestrichenen Zust\u00e4ndigkeiten k\u00e4mpfen will. Trotzdem muss auch gesagt werden, dass unsere Autonomie somit unter den st\u00e4ndigen zentralistischen Angriffen um mindestens 25 Jahre zur\u00fcckgeworfen wurde (manche gestrichene Kompetenzen waren ja deutlich \u00e4lter), womit in den betroffenen Bereichen \u00fcber eine Generation \u00bbverloren gegangen\u00ab ist. Ob und wann die zur\u00fcckgenommenen Zust\u00e4ndigkeiten \u00fcberhaupt wiedererlangt werden k\u00f6nnen, steht zudem in den Sternen.<\/p>\n<p>Die Studie von Happacher und Obwexer soll in K\u00fcrze online verf\u00fcgbar sein.<\/p>\n<p><strong>Nachtrag:<\/strong> <a title=\"Rechtsgutachten Autonomieentwicklung seit 1992.\" href=\"http:\/\/www.brennerbasisdemokratie.eu\/wp-content\/uploads\/2017\/06\/rechtsgutachten_autonomieentwicklung1992.pdf\">Die Studie<\/a><\/p>\n<p><strong><span style=\"font-family: Helvetica, Arial, sans-serif; text-transform: uppercase;\">C\u00ebla enghe:<\/span><\/strong> <a title=\"Pro &amp; Contra zum Thema Vertragsbruch.\" href=\"http:\/\/www.brennerbasisdemokratie.eu\/?p=9883\"><code>01<\/code><\/a> <a title=\"Vertragsbr\u00fcche.\" href=\"http:\/\/www.brennerbasisdemokratie.eu\/?p=12280\"><code>02<\/code><\/a> <a title=\"Autonomie im Tarnanzug.\" href=\"http:\/\/www.brennerbasisdemokratie.eu\/?p=33730\"><code>03<\/code><\/a> <a title=\"Autonomievergleich (II).\" href=\"http:\/\/www.brennerbasisdemokratie.eu\/?p=29703\"><code>04<\/code><\/a> <span style=\"font-family: Helvetica, Arial, sans-serif; font-weight: normal;\">||<\/span> <a title=\"Il Governo austriaco \u00abrivuole\u00bb l\u2019autonomia sudtirolese.\" href=\"https:\/\/www.brennerbasisdemokratie.eu\/?p=54034\" rel=\"\"><span style=\"color: #ff8c00\"><code>01<\/code><\/span><\/a> <a title=\"Competenze perse: piagnisteo?\" href=\"https:\/\/www.brennerbasisdemokratie.eu\/?p=54282\" rel=\"\"><span style=\"color: #ff8c00\"><code>02<\/code><\/span><\/a> <a title=\"50% der Zust\u00e4ndigkeiten wurden beschnitten.\" href=\"https:\/\/www.brennerbasisdemokratie.eu\/?p=71051\"><span style=\"color: #ff8c00\"><code>03<\/code><\/span><\/a> <a title=\"Landtag will Autonomie wiederherstellen.\" href=\"https:\/\/www.brennerbasisdemokratie.eu\/?p=72684\" rel=\"\"><span style=\"color: #ff8c00\"><code>04<\/code><\/span><\/a> <a title=\"Wiederherstellung durch Aush\u00f6hlung.\" href=\"https:\/\/www.brennerbasisdemokratie.eu\/?p=89038\"><span style=\"color: #ff8c00\"><code>05<\/code><\/span><\/a><\/p>","protected":false},"excerpt":{"rendered":"<p>Eine rund 600 Seiten starke Studie \u00fcber die \u00bbEntwicklungen und Ver\u00e4nderungen der S\u00fcdtiroler Autonomie seit der Streitbeilegungserkl\u00e4rung 1992\u00ab wurde vor wenigen Tagen in Bozen vorgestellt. Erstellt wurde sie von den beiden Rechtsexperten Prof. Esther Happacher und Prof. Walter Obwexer (Universit\u00e4t Innsbruck) noch im Auftrag der alten Landesregierung unter Luis Durnwalder (SVP). Das Ergebnis ist, wie [&hellip;]<\/p>","protected":false},"author":1,"featured_media":0,"comment_status":"open","ping_status":"open","sticky":false,"template":"","format":"standard","meta":{"_crdt_document":"","ngg_post_thumbnail":0,"_jetpack_memberships_contains_paid_content":false,"footnotes":""},"categories":[1],"tags":[],"class_list":["post-34967","post","type-post","status-publish","format-standard","hentry","category-allgemein","entity-eu","entity-svp","entity-universitat-innsbruck","entity-verfassungsgericht","issue-zitac","location-sudtirolo","language-deutsch","medium-lpa","person-arno-kompatscher","person-luis-durnwalder","topic-autonomieverlust","topic-politik","topic-recht","topic-staatland","topic-vorzeigeautonomie","topic-wissenschaft","topic-zentralismus","topic-zustaendigkeiten"],"jetpack_featured_media_url":"","jetpack_sharing_enabled":true,"_links":{"self":[{"href":"https:\/\/www.brennerbasisdemokratie.eu\/index.php?rest_route=\/wp\/v2\/posts\/34967","targetHints":{"allow":["GET"]}}],"collection":[{"href":"https:\/\/www.brennerbasisdemokratie.eu\/index.php?rest_route=\/wp\/v2\/posts"}],"about":[{"href":"https:\/\/www.brennerbasisdemokratie.eu\/index.php?rest_route=\/wp\/v2\/types\/post"}],"author":[{"embeddable":true,"href":"https:\/\/www.brennerbasisdemokratie.eu\/index.php?rest_route=\/wp\/v2\/users\/1"}],"replies":[{"embeddable":true,"href":"https:\/\/www.brennerbasisdemokratie.eu\/index.php?rest_route=%2Fwp%2Fv2%2Fcomments&post=34967"}],"version-history":[{"count":12,"href":"https:\/\/www.brennerbasisdemokratie.eu\/index.php?rest_route=\/wp\/v2\/posts\/34967\/revisions"}],"predecessor-version":[{"id":89055,"href":"https:\/\/www.brennerbasisdemokratie.eu\/index.php?rest_route=\/wp\/v2\/posts\/34967\/revisions\/89055"}],"wp:attachment":[{"href":"https:\/\/www.brennerbasisdemokratie.eu\/index.php?rest_route=%2Fwp%2Fv2%2Fmedia&parent=34967"}],"wp:term":[{"taxonomy":"category","embeddable":true,"href":"https:\/\/www.brennerbasisdemokratie.eu\/index.php?rest_route=%2Fwp%2Fv2%2Fcategories&post=34967"},{"taxonomy":"post_tag","embeddable":true,"href":"https:\/\/www.brennerbasisdemokratie.eu\/index.php?rest_route=%2Fwp%2Fv2%2Ftags&post=34967"}],"curies":[{"name":"wp","href":"https:\/\/api.w.org\/{rel}","templated":true}]}}